{"id":38361,"date":"2025-07-08T22:36:54","date_gmt":"2025-07-09T01:36:54","guid":{"rendered":"https:\/\/guialimeira.com.br\/2025\/07\/08\/1500-pessoas-participaram-da-abertura-do-evento-que-esta-na-199a-edicao-portal-do-municipio-de-piracicaba\/"},"modified":"2025-07-08T22:36:54","modified_gmt":"2025-07-09T01:36:54","slug":"1500-pessoas-participaram-da-abertura-do-evento-que-esta-na-199a-edicao-portal-do-municipio-de-piracicaba","status":"publish","type":"post","link":"https:\/\/guialimeira.com.br\/news\/1500-pessoas-participaram-da-abertura-do-evento-que-esta-na-199a-edicao-portal-do-municipio-de-piracicaba\/","title":{"rendered":"1500 pessoas participaram da abertura do evento que est\u00e1 na 199\u00aa edi\u00e7\u00e3o \u2013 Portal do Munic\u00edpio de Piracicaba"},"content":{"rendered":"<p> <br \/>\n<\/p>\n<div>\n<figure class=\"wp-block-image size-large\"><img data-recalc-dims=\"1\" fetchpriority=\"high\" decoding=\"async\" width=\"696\" height=\"392\" src=\"https:\/\/i0.wp.com\/piracicaba.sp.gov.br\/wp-content\/uploads\/2025\/07\/Evento-acontece-as-margens-do-rio-Piracicaba-1024x576.jpg?resize=696%2C392&#038;ssl=1\" alt=\"A imagem mostra uma prociss\u00e3o religiosa perto de um rio. Um grupo de pessoas vestidas de branco e vermelho est\u00e1 embarcando em barcos, carregando bandeiras e coroas de flores. H\u00e1 muitas outras pessoas na margem do rio, algumas tirando fotos. O rio \u00e9 calmo e a vegeta\u00e7\u00e3o ao redor \u00e9 exuberante. A cena sugere uma celebra\u00e7\u00e3o religiosa ou um evento cultural importante. O clima parece ser ensolarado e o ambiente \u00e9 pac\u00edfico. H\u00e1 uma atmosfera festiva e solene ao mesmo tempo. As pessoas parecem estar envolvidas e respeitosas com o evento.\" class=\"wp-image-107969\" srcset=\"https:\/\/piracicaba.sp.gov.br\/wp-content\/uploads\/2025\/07\/Evento-acontece-as-margens-do-rio-Piracicaba-1024x576.jpg 1024w, https:\/\/piracicaba.sp.gov.br\/wp-content\/uploads\/2025\/07\/Evento-acontece-as-margens-do-rio-Piracicaba-300x169.jpg 300w, https:\/\/piracicaba.sp.gov.br\/wp-content\/uploads\/2025\/07\/Evento-acontece-as-margens-do-rio-Piracicaba-768x432.jpg 768w, https:\/\/piracicaba.sp.gov.br\/wp-content\/uploads\/2025\/07\/Evento-acontece-as-margens-do-rio-Piracicaba-1536x864.jpg 1536w, https:\/\/piracicaba.sp.gov.br\/wp-content\/uploads\/2025\/07\/Evento-acontece-as-margens-do-rio-Piracicaba-2048x1152.jpg 2048w\" sizes=\"(max-width: 1024px) 100vw, 1024px\"\/><figcaption class=\"wp-element-caption\"><strong><em><sub>Evento acontece \u00e0s margens do rio Piracicaba<\/sub><\/em><\/strong><\/figcaption><\/figure>\n<figure class=\"wp-block-image size-large\"><img data-recalc-dims=\"1\" loading=\"lazy\" decoding=\"async\" width=\"696\" height=\"392\" src=\"https:\/\/i0.wp.com\/piracicaba.sp.gov.br\/wp-content\/uploads\/2025\/07\/Missa-de-abertura-da-festa-aconteceu-no-ultimo-domingo-1024x576.jpg?resize=696%2C392&#038;ssl=1\" alt=\"A imagem mostra o interior de uma igreja, possivelmente durante uma cerim\u00f4nia religiosa. No altar, h\u00e1 v\u00e1rios padres e pessoas vestindo roupas formais. H\u00e1 um grande mural na parede atr\u00e1s deles, representando pombas brancas em voo e um arco-\u00edris. Na frente do altar, h\u00e1 muitas hastes decoradas com coroas de flores brancas e pombas met\u00e1licas. As hastes s\u00e3o adornadas com fitas vermelhas e brancas, criando um efeito visual vibrante e festivo. As flores parecem ser artificiais, e as pombas s\u00e3o de um material met\u00e1lico prateado. A cena como um todo sugere uma celebra\u00e7\u00e3o religiosa significativa, possivelmente um evento especial ou festivo dentro da comunidade.\" class=\"wp-image-107971\" srcset=\"https:\/\/piracicaba.sp.gov.br\/wp-content\/uploads\/2025\/07\/Missa-de-abertura-da-festa-aconteceu-no-ultimo-domingo-1024x576.jpg 1024w, https:\/\/piracicaba.sp.gov.br\/wp-content\/uploads\/2025\/07\/Missa-de-abertura-da-festa-aconteceu-no-ultimo-domingo-300x169.jpg 300w, https:\/\/piracicaba.sp.gov.br\/wp-content\/uploads\/2025\/07\/Missa-de-abertura-da-festa-aconteceu-no-ultimo-domingo-768x432.jpg 768w, https:\/\/piracicaba.sp.gov.br\/wp-content\/uploads\/2025\/07\/Missa-de-abertura-da-festa-aconteceu-no-ultimo-domingo-1536x864.jpg 1536w, https:\/\/piracicaba.sp.gov.br\/wp-content\/uploads\/2025\/07\/Missa-de-abertura-da-festa-aconteceu-no-ultimo-domingo-2048x1152.jpg 2048w\" sizes=\"auto, (max-width: 1024px) 100vw, 1024px\"\/><figcaption class=\"wp-element-caption\"><strong><em><sub>Missa de abertura da festa aconteceu no \u00faltimo domingo<\/sub><\/em><\/strong><\/figcaption><\/figure>\n<p>Cerca de 1500 pessoas participaram no \u00faltimo domingo, 6\/07, da missa da derrubada e b\u00ean\u00e7\u00e3o dos barcos da 199\u00aa Festa do Divino Esp\u00edrito Santo de Piracicaba, no largo dos Pescadores. O evento \u00e9 organizado pela Irmandade do Divino Esp\u00edrito Santo, com apoio da Prefeitura de Piracicaba, por meio das secretarias municipais de Cultura e Turismo, e segue at\u00e9 dia 13\/07, com atividades religiosas e art\u00edsticas no largo dos Pescadores.<\/p>\n<figure class=\"wp-block-image size-large\"><img data-recalc-dims=\"1\" loading=\"lazy\" decoding=\"async\" width=\"696\" height=\"392\" src=\"https:\/\/i0.wp.com\/piracicaba.sp.gov.br\/wp-content\/uploads\/2025\/07\/Diversas-autoridades-incluindo-o-prefeito-Helinho-Zanatta-e-secretarios-municipais-compareceram-ao-evento-1024x576.jpg?resize=696%2C392&#038;ssl=1\" alt=\"A imagem mostra um grande grupo de pessoas ajoelhadas em ora\u00e7\u00e3o dentro de um sal\u00e3o amplo e iluminado. As pessoas est\u00e3o vestidas com roupas casuais, e a maioria parece estar em sil\u00eancio e concentrada. H\u00e1 um tapete vermelho no ch\u00e3o na frente do grupo, e um tapete ornamental mais elaborado perto da c\u00e2mera. O sal\u00e3o tem paredes claras e janelas grandes que permitem que a luz natural entre. A atmosfera \u00e9 calma e respeitosa, sugestiva de um evento religioso ou memorial. O fundo mostra algumas pessoas em p\u00e9, observando a cena. H\u00e1 uma mistura de idades e g\u00eaneros entre os presentes. A imagem \u00e9 n\u00edtida e bem iluminada, permitindo a visualiza\u00e7\u00e3o de detalhes faciais e express\u00f5es das pessoas.\" class=\"wp-image-107970\" srcset=\"https:\/\/piracicaba.sp.gov.br\/wp-content\/uploads\/2025\/07\/Diversas-autoridades-incluindo-o-prefeito-Helinho-Zanatta-e-secretarios-municipais-compareceram-ao-evento-1024x576.jpg 1024w, https:\/\/piracicaba.sp.gov.br\/wp-content\/uploads\/2025\/07\/Diversas-autoridades-incluindo-o-prefeito-Helinho-Zanatta-e-secretarios-municipais-compareceram-ao-evento-300x169.jpg 300w, https:\/\/piracicaba.sp.gov.br\/wp-content\/uploads\/2025\/07\/Diversas-autoridades-incluindo-o-prefeito-Helinho-Zanatta-e-secretarios-municipais-compareceram-ao-evento-768x432.jpg 768w, https:\/\/piracicaba.sp.gov.br\/wp-content\/uploads\/2025\/07\/Diversas-autoridades-incluindo-o-prefeito-Helinho-Zanatta-e-secretarios-municipais-compareceram-ao-evento-1536x864.jpg 1536w, https:\/\/piracicaba.sp.gov.br\/wp-content\/uploads\/2025\/07\/Diversas-autoridades-incluindo-o-prefeito-Helinho-Zanatta-e-secretarios-municipais-compareceram-ao-evento-2048x1152.jpg 2048w\" sizes=\"auto, (max-width: 1024px) 100vw, 1024px\"\/><figcaption class=\"wp-element-caption\"><strong><em><sub>Diversas autoridades, incluindo o prefeito Helinho Zanatta e secret\u00e1rios municipais, compareceram ao evento<\/sub><\/em><\/strong><\/figcaption><\/figure>\n<p>\u201cA Festa do Divino \u00e9 uma festa tradicional, de fam\u00edlia. S\u00e3o v\u00e1rios dias de evento e todos podem aproveitar, conhecendo mais desta cultura que a cidade de Piracicaba tem h\u00e1 quase 200 anos\u201d, falou o prefeito Helinho Zanatta, que participou da missa da derrubada e b\u00ean\u00e7\u00e3o dos barcos.<\/p>\n<figure class=\"wp-block-image size-large\"><img data-recalc-dims=\"1\" loading=\"lazy\" decoding=\"async\" width=\"696\" height=\"392\" src=\"https:\/\/i0.wp.com\/piracicaba.sp.gov.br\/wp-content\/uploads\/2025\/07\/Prefeito-Helinho-Zanatta-e-o-deputado-estadual-Alex-Madureira-estiveram-na-solenidade-1024x576.jpg?resize=696%2C392&#038;ssl=1\" alt=\"A imagem mostra um grupo de homens carregando um barco pequeno sob uma estrutura de lona. O barco parece ser de alum\u00ednio, com a inscri\u00e7\u00e3o &quot;Santo I&quot; vis\u00edvel. Os homens parecem estar sorrindo e parece haver um clima festivo ou comunit\u00e1rio. H\u00e1 um fundo de rua com pr\u00e9dios e grafites. No total, parece ser uma cena de um evento comunit\u00e1rio ou uma celebra\u00e7\u00e3o local. As roupas dos homens sugerem um ambiente casual e informal. A ilumina\u00e7\u00e3o indica que a foto foi tirada durante o dia.\" class=\"wp-image-107972\" srcset=\"https:\/\/piracicaba.sp.gov.br\/wp-content\/uploads\/2025\/07\/Prefeito-Helinho-Zanatta-e-o-deputado-estadual-Alex-Madureira-estiveram-na-solenidade-1024x576.jpg 1024w, https:\/\/piracicaba.sp.gov.br\/wp-content\/uploads\/2025\/07\/Prefeito-Helinho-Zanatta-e-o-deputado-estadual-Alex-Madureira-estiveram-na-solenidade-300x169.jpg 300w, https:\/\/piracicaba.sp.gov.br\/wp-content\/uploads\/2025\/07\/Prefeito-Helinho-Zanatta-e-o-deputado-estadual-Alex-Madureira-estiveram-na-solenidade-768x432.jpg 768w, https:\/\/piracicaba.sp.gov.br\/wp-content\/uploads\/2025\/07\/Prefeito-Helinho-Zanatta-e-o-deputado-estadual-Alex-Madureira-estiveram-na-solenidade-1536x864.jpg 1536w, https:\/\/piracicaba.sp.gov.br\/wp-content\/uploads\/2025\/07\/Prefeito-Helinho-Zanatta-e-o-deputado-estadual-Alex-Madureira-estiveram-na-solenidade-2048x1152.jpg 2048w\" sizes=\"auto, (max-width: 1024px) 100vw, 1024px\"\/><figcaption class=\"wp-element-caption\"><strong><em><sub>Prefeito Helinho Zanatta e o deputado estadual Alex Madureira estiveram na solenidade<\/sub><\/em><\/strong><\/figcaption><\/figure>\n<figure class=\"wp-block-image size-large\"><img data-recalc-dims=\"1\" loading=\"lazy\" decoding=\"async\" width=\"696\" height=\"392\" src=\"https:\/\/i0.wp.com\/piracicaba.sp.gov.br\/wp-content\/uploads\/2025\/07\/Banda-Uniao-Operaria-se-apresentou-no-evento-1024x576.jpg?resize=696%2C392&#038;ssl=1\" alt=\"A imagem mostra uma banda de m\u00fasica tocando ao ar livre. A banda \u00e9 composta por v\u00e1rios m\u00fasicos, a maioria deles jovens, tocando instrumentos como flautas, clarinetes, saxofones e trompetes. Eles est\u00e3o vestidos com uniformes escuros e est\u00e3o posicionados em uma forma\u00e7\u00e3o organizada. O local parece ser uma rua ou pra\u00e7a, com edif\u00edcios ao fundo. O clima parece ser ensolarado. Um maestro est\u00e1 \u00e0 frente da banda, conduzindo a orquestra. H\u00e1 um grande n\u00famero de pessoas assistindo \u00e0 apresenta\u00e7\u00e3o, embora n\u00e3o sejam vis\u00edveis na imagem. A cena \u00e9 vibrante e cheia de energia, mostrando a paix\u00e3o e a dedica\u00e7\u00e3o dos m\u00fasicos. A imagem \u00e9 bem iluminada e n\u00edtida, permitindo uma visualiza\u00e7\u00e3o clara de todos os detalhes.\" class=\"wp-image-107973\" srcset=\"https:\/\/piracicaba.sp.gov.br\/wp-content\/uploads\/2025\/07\/Banda-Uniao-Operaria-se-apresentou-no-evento-1024x576.jpg 1024w, https:\/\/piracicaba.sp.gov.br\/wp-content\/uploads\/2025\/07\/Banda-Uniao-Operaria-se-apresentou-no-evento-300x169.jpg 300w, https:\/\/piracicaba.sp.gov.br\/wp-content\/uploads\/2025\/07\/Banda-Uniao-Operaria-se-apresentou-no-evento-768x432.jpg 768w, https:\/\/piracicaba.sp.gov.br\/wp-content\/uploads\/2025\/07\/Banda-Uniao-Operaria-se-apresentou-no-evento-1536x864.jpg 1536w, https:\/\/piracicaba.sp.gov.br\/wp-content\/uploads\/2025\/07\/Banda-Uniao-Operaria-se-apresentou-no-evento-2048x1152.jpg 2048w\" sizes=\"auto, (max-width: 1024px) 100vw, 1024px\"\/><figcaption class=\"wp-element-caption\"><strong><em><sub>Banda Uni\u00e3o Oper\u00e1ria se apresentou no evento<\/sub><\/em><\/strong><\/figcaption><\/figure>\n<p>At\u00e9 amanh\u00e3, quarta-feira, 9\/07, a programa\u00e7\u00e3o da 199\u00aa Festa do Divino Esp\u00edrito Santo de Piracicaba segue com o Tr\u00edduo Solene, sempre \u00e0s 20h, no Sal\u00e3o da Irmandade do Divino. E a partir de quinta-feira, 10\/07, come\u00e7am os festejos, que se encerram no domingo, 13\/07.<\/p>\n<p>\u201c\u00c9 realmente muito emocionante ver a devo\u00e7\u00e3o da popula\u00e7\u00e3o, que tem presen\u00e7a marcante no evento. S\u00e3o fam\u00edlias inteiras passando essa tradi\u00e7\u00e3o de gera\u00e7\u00e3o a gera\u00e7\u00e3o\u201d, disse o titular da Secretaria de Cultura, Carlos Beltrame.<\/p>\n<p><strong>PATRIM\u00d4NIO \u2013\u00a0<\/strong>Em dezembro de 2016, por meio de decreto, a festa foi institu\u00edda\u00a0como patrim\u00f4nio cultural imaterial\u00a0de Piracicaba. Realizada desde 1826, \u00e9 a mais antiga manifesta\u00e7\u00e3o festiva e religiosa da cidade. \u201cA Festa do Divino \u00e9, de fato, uma\u00a0tradi\u00e7\u00e3o popular enraizada na f\u00e9, al\u00e9m de um importante evento do calend\u00e1rio do munic\u00edpio, atraindo turistas e visitantes que t\u00eam a oportunidade de vivenciar esta experi\u00eancia \u00e0s margens do rio Piracicaba\u201d, comentou a secret\u00e1ria de Turismo de Piracicaba, Clarissa Quiararia.<\/p>\n<p><strong>MAIS \u2013<\/strong>\u00a0No dia 10\/07, quinta-feira, \u00e0s 19h30, haver\u00e1 jantar, com m\u00fasica ao vivo da banda Acr\u00f3polis. E no dia 11\/07, sexta-feira, tamb\u00e9m \u00e0s 19h30, o jantar ocorrer\u00e1 com leil\u00e3o de prendas, queima de fogos de artif\u00edcio e show da banda Uni\u00e3o Oper\u00e1ria. No s\u00e1bado, dia 12\/07, a programa\u00e7\u00e3o tem in\u00edcio \u00e0s 13h, com a Congada de S\u00e3o Benedito, seguida da Congada do Divino Esp\u00edrito Santo, \u00e0s 14h; Prociss\u00e3o do Divino Esp\u00edrito Santo, \u00e0s 15h; Encontro das Bandeiras e Queima de Fogos, \u00e0s 16h; Missa do Encontro, com dom Devair e padre Henrique, \u00e0s 17h, e jantar com show de Luiz Moreira e Perla, a partir das 18h30. No \u00faltimo dia de festa, domingo, 13\/07, as atividades iniciam \u00e0s 9h, com prociss\u00e3o \u00e0 capela Nossa Senhora Aparecida. Depois, \u00e0s 10h, tem a missa de encerramento, com o padre Henrique e apresenta\u00e7\u00e3o da congada. \u00c0s 12h, o almo\u00e7o ser\u00e1 ao som de Matheus &amp; Denilson, e o encerramento \u00e0s 16h. Este ano, os festeiros s\u00e3o Gilmar e Jaqueline Rotta. Mais informa\u00e7\u00f5es sobre a festa podem ser obtidas com a Irmandade do Divino Esp\u00edrito Santo (rua Moraes Barros, 58, Centro). Telefone: (19) 3434-9701.<\/p>\n<\/p><\/div>\n<p><br \/>\n<br \/><a href=\"https:\/\/piracicaba.sp.gov.br\/noticias\/festa-do-divino-1500-pessoas-participaram-da-abertura-do-evento-que-esta-na-199a-edicao\/\" rel=\"noopener\">Informa\u00e7\u00f5es PMP <\/a><\/p>\n","protected":false},"excerpt":{"rendered":"<p>Evento acontece \u00e0s margens do rio Piracicaba Missa de abertura da festa aconteceu no \u00faltimo domingo Cerca de 1500 pessoas participaram no \u00faltimo domingo, 6\/07, da missa da derrubada e b\u00ean\u00e7\u00e3o dos barcos da 199\u00aa Festa do Divino Esp\u00edrito Santo de Piracicaba, no largo dos Pescadores. O evento \u00e9 organizado pela Irmandade do Divino Esp\u00edrito [&hellip;]<\/p>\n","protected":false},"author":1,"featured_media":38362,"comment_status":"open","ping_status":"open","sticky":false,"template":"","format":"standard","meta":{"_jetpack_newsletter_access":"","_jetpack_dont_email_post_to_subs":false,"_jetpack_newsletter_tier_id":0,"_jetpack_memberships_contains_paywalled_content":false,"_mbp_banners":[],"_jetpack_feature_clip_id":0,"_jetpack_memberships_contains_paid_content":false,"footnotes":"","jetpack_publicize_message":"","jetpack_publicize_feature_enabled":true,"jetpack_social_post_already_shared":true,"jetpack_social_options":{"image_generator_settings":{"template":"highway","default_image_id":0,"font":"","enabled":false},"version":2},"jetpack_post_was_ever_published":false},"categories":[20],"tags":[],"class_list":["post-38361","post","type-post","status-publish","format-standard","has-post-thumbnail","category-regiao"],"jetpack_publicize_connections":[],"jetpack-related-posts":[],"jetpack_shortlink":"https:\/\/wp.me\/p7Eq1F-9YJ","jetpack_sharing_enabled":true,"jetpack_featured_media_url":"https:\/\/i0.wp.com\/guialimeira.com.br\/news\/wp-content\/uploads\/2025\/07\/Evento-acontece-as-margens-do-rio-Piracicaba-1024x576.jpg?fit=1024%2C576&ssl=1","_links":{"self":[{"href":"https:\/\/guialimeira.com.br\/news\/wp-json\/wp\/v2\/posts\/38361","targetHints":{"allow":["GET"]}}],"collection":[{"href":"https:\/\/guialimeira.com.br\/news\/wp-json\/wp\/v2\/posts"}],"about":[{"href":"https:\/\/guialimeira.com.br\/news\/wp-json\/wp\/v2\/types\/post"}],"author":[{"embeddable":true,"href":"https:\/\/guialimeira.com.br\/news\/wp-json\/wp\/v2\/users\/1"}],"replies":[{"embeddable":true,"href":"https:\/\/guialimeira.com.br\/news\/wp-json\/wp\/v2\/comments?post=38361"}],"version-history":[{"count":0,"href":"https:\/\/guialimeira.com.br\/news\/wp-json\/wp\/v2\/posts\/38361\/revisions"}],"wp:featuredmedia":[{"embeddable":true,"href":"https:\/\/guialimeira.com.br\/news\/wp-json\/wp\/v2\/media\/38362"}],"wp:attachment":[{"href":"https:\/\/guialimeira.com.br\/news\/wp-json\/wp\/v2\/media?parent=38361"}],"wp:term":[{"taxonomy":"category","embeddable":true,"href":"https:\/\/guialimeira.com.br\/news\/wp-json\/wp\/v2\/categories?post=38361"},{"taxonomy":"post_tag","embeddable":true,"href":"https:\/\/guialimeira.com.br\/news\/wp-json\/wp\/v2\/tags?post=38361"}],"curies":[{"name":"wp","href":"https:\/\/api.w.org\/{rel}","templated":true}]}}