{"id":38359,"date":"2025-07-08T21:36:09","date_gmt":"2025-07-09T00:36:09","guid":{"rendered":"https:\/\/guialimeira.com.br\/2025\/07\/08\/saude-incentiva-participacao-em-capacitacao-gratuita-em-libras-portal-do-municipio-de-piracicaba\/"},"modified":"2025-07-08T21:36:09","modified_gmt":"2025-07-09T00:36:09","slug":"saude-incentiva-participacao-em-capacitacao-gratuita-em-libras-portal-do-municipio-de-piracicaba","status":"publish","type":"post","link":"https:\/\/guialimeira.com.br\/news\/saude-incentiva-participacao-em-capacitacao-gratuita-em-libras-portal-do-municipio-de-piracicaba\/","title":{"rendered":"Sa\u00fade incentiva participa\u00e7\u00e3o em capacita\u00e7\u00e3o gratuita em Libras \u2013 Portal do Munic\u00edpio de Piracicaba"},"content":{"rendered":"<p> <br \/>\n<\/p>\n<div>\n<figure class=\"wp-block-image size-large\"><img data-recalc-dims=\"1\" data-lazyloaded=\"1\" data-placeholder-resp=\"1024x683\" fetchpriority=\"high\" decoding=\"async\" width=\"696\" height=\"464\" src=\"https:\/\/i0.wp.com\/piracicaba.sp.gov.br\/wp-content\/uploads\/2025\/07\/Curso-de-libras-visa-capacitar-profissionais-da-Saude_-inclusao-1-1-1024x683.jpg?resize=696%2C464&#038;ssl=1\" alt=\"A imagem mostra uma recepcionista de um hospital ou cl\u00ednica m\u00e9dica atendendo uma paciente. A recepcionista, uma mulher de meia-idade com \u00f3culos, veste um uniforme m\u00e9dico de cor azul-clara e est\u00e1 sentada atr\u00e1s de uma mesa. Ela est\u00e1 examinando um documento que a paciente lhe entregou. A paciente, uma mulher jovem de pele escura com cabelo afro, est\u00e1 de p\u00e9 na frente da mesa, estendendo a m\u00e3o para entregar algo \u00e0 recepcionista. Na mesa h\u00e1 um computador, uma caixa de m\u00e1scaras faciais, um frasco de molho e alguns telefones celulares. H\u00e1 uma placa na mesa que indica &quot;Recep\u00e7\u00e3o Dengue&quot; e s\u00edmbolos de acessibilidade. O ambiente parece ser uma sala de espera limpa e organizada. A ilumina\u00e7\u00e3o \u00e9 clara e natural, e a imagem \u00e9 n\u00edtida e bem focada. A express\u00e3o facial da recepcionista \u00e9 s\u00e9ria e concentrada, enquanto a da paciente n\u00e3o \u00e9 vis\u00edvel. A imagem sugere um contexto de atendimento m\u00e9dico, possivelmente relacionado a um surto de dengue.\" class=\"wp-image-107978\" srcset=\"https:\/\/piracicaba.sp.gov.br\/wp-content\/uploads\/2025\/07\/Curso-de-libras-visa-capacitar-profissionais-da-Saude_-inclusao-1-1-1024x683.jpg 1024w, https:\/\/piracicaba.sp.gov.br\/wp-content\/uploads\/2025\/07\/Curso-de-libras-visa-capacitar-profissionais-da-Saude_-inclusao-1-1-300x200.jpg 300w, https:\/\/piracicaba.sp.gov.br\/wp-content\/uploads\/2025\/07\/Curso-de-libras-visa-capacitar-profissionais-da-Saude_-inclusao-1-1-768x512.jpg 768w, https:\/\/piracicaba.sp.gov.br\/wp-content\/uploads\/2025\/07\/Curso-de-libras-visa-capacitar-profissionais-da-Saude_-inclusao-1-1-1536x1024.jpg 1536w, https:\/\/piracicaba.sp.gov.br\/wp-content\/uploads\/2025\/07\/Curso-de-libras-visa-capacitar-profissionais-da-Saude_-inclusao-1-1-2048x1365.jpg 2048w\" data-sizes=\"(max-width: 1024px) 100vw, 1024px\"\/><figcaption class=\"wp-element-caption\"><strong><em><sub>Curso de libras visa capacitar profissionais da Sa\u00fade_ inclus\u00e3o <\/sub><\/em><\/strong><\/figcaption><\/figure>\n<p>A Prefeitura de Piracicaba busca a cada dia incentivar seus servidores a se qualificarem profissionalmente em diversas \u00e1reas. Pensando cada vez mais numa prefeitura inclusiva, a Secretaria Municipal de Sa\u00fade recomenda a inscri\u00e7\u00e3o e participa\u00e7\u00e3o dos servidores e popula\u00e7\u00e3o no Curso de Libras B\u00e1sico no Contexto Sa\u00fade (para Profissionais que atuam na \u00e1rea da sa\u00fade \u2013 em todas as esferas, seja na rede particular ou p\u00fablica) que \u00e9 oferecido pelo Instituto Federal de Educa\u00e7\u00e3o, Ci\u00eancia e Tecnologia de S\u00e3o Paulo (IFSP) \u2013 Campus Piracicaba, em parceria com a Escola do Legislativo, da C\u00e2mara Municipal.<\/p>\n<p>Com vagas limitadas, as inscri\u00e7\u00f5es s\u00e3o gratuitas e devem ser feitas at\u00e9 dia 11\/07, por meio do link\u00a0\u00a0<a href=\"https:\/\/docs.google.com\/forms\/d\/e\/1FAIpQLSdTg4vsqO31YYm3RyDtg_m3hyJTkXqj9sjE5v8aOiCdQZhAPQ\/viewform\" target=\"_blank\" rel=\"noreferrer noopener\"><u>https:\/\/docs.google.com\/forms\/d\/e\/1FAIpQLSdTg4vsqO31YYm3RyDtg_m3hyJTkXqj9sjE5v8aOiCdQZhAPQ\/viewform<\/u><\/a>.<\/p>\n<p>O curso Libras Tem\u00e1tica no Contexto Sa\u00fade tem com carga hor\u00e1ria de 40 horas, \u00e9 voltada a profissionais da \u00e1rea da sa\u00fade das esferas p\u00fablica e privada. As aulas ocorrer\u00e3o \u00e0s ter\u00e7as-feiras, das 15h \u00e0s 17h, entre os dias 12 de agosto e 2 de dezembro. O conte\u00fado inclui vocabul\u00e1rio b\u00e1sico e espec\u00edfico, al\u00e9m de t\u00f3picos como hist\u00f3ria e cultura surda, conceitos introdut\u00f3rios e legisla\u00e7\u00e3o.<\/p>\n<p>O edital completo com as informa\u00e7\u00f5es e orienta\u00e7\u00f5es est\u00e3o dispon\u00edveis no link\u00a0<a href=\"https:\/\/prc.ifsp.edu.br\/index.php\/component\/phocadownload\/category\/27-cex?download=3029:edital-n-30-2025-drg-prc-ifsp-de-01-de-julho-de-2025\" target=\"_blank\" rel=\"noreferrer noopener\"><u>https:\/\/prc.ifsp.edu.br\/index.php\/component\/phocadownload\/category\/27-cex?download=3029:edital-n-30-2025-drg-prc-ifsp-de-01-de-julho-de-2025<\/u><\/a><\/p>\n<\/div>\n<p><br \/>\n<br \/><a href=\"https:\/\/piracicaba.sp.gov.br\/noticias\/saude-incentiva-participacao-em-capacitacao-gratuita-em-libras\/\" rel=\"noopener\">Informa\u00e7\u00f5es PMP <\/a><\/p>\n","protected":false},"excerpt":{"rendered":"<p>Curso de libras visa capacitar profissionais da Sa\u00fade_ inclus\u00e3o A Prefeitura de Piracicaba busca a cada dia incentivar seus servidores a se qualificarem profissionalmente em diversas \u00e1reas. Pensando cada vez mais numa prefeitura inclusiva, a Secretaria Municipal de Sa\u00fade recomenda a inscri\u00e7\u00e3o e participa\u00e7\u00e3o dos servidores e popula\u00e7\u00e3o no Curso de Libras B\u00e1sico no Contexto [&hellip;]<\/p>\n","protected":false},"author":1,"featured_media":38360,"comment_status":"open","ping_status":"open","sticky":false,"template":"","format":"standard","meta":{"_jetpack_newsletter_access":"","_jetpack_dont_email_post_to_subs":false,"_jetpack_newsletter_tier_id":0,"_jetpack_memberships_contains_paywalled_content":false,"_mbp_banners":[],"_jetpack_feature_clip_id":0,"_jetpack_memberships_contains_paid_content":false,"footnotes":"","jetpack_publicize_message":"","jetpack_publicize_feature_enabled":true,"jetpack_social_post_already_shared":true,"jetpack_social_options":{"image_generator_settings":{"template":"highway","default_image_id":0,"font":"","enabled":false},"version":2},"jetpack_post_was_ever_published":false},"categories":[20],"tags":[],"class_list":["post-38359","post","type-post","status-publish","format-standard","has-post-thumbnail","category-regiao"],"jetpack_publicize_connections":[],"jetpack-related-posts":[],"jetpack_shortlink":"https:\/\/wp.me\/p7Eq1F-9YH","jetpack_sharing_enabled":true,"jetpack_featured_media_url":"https:\/\/i0.wp.com\/guialimeira.com.br\/news\/wp-content\/uploads\/2025\/07\/Curso-de-libras-visa-capacitar-profissionais-da-Saude_-inclusao-1-1-1024x683.jpg?fit=1024%2C683&ssl=1","_links":{"self":[{"href":"https:\/\/guialimeira.com.br\/news\/wp-json\/wp\/v2\/posts\/38359","targetHints":{"allow":["GET"]}}],"collection":[{"href":"https:\/\/guialimeira.com.br\/news\/wp-json\/wp\/v2\/posts"}],"about":[{"href":"https:\/\/guialimeira.com.br\/news\/wp-json\/wp\/v2\/types\/post"}],"author":[{"embeddable":true,"href":"https:\/\/guialimeira.com.br\/news\/wp-json\/wp\/v2\/users\/1"}],"replies":[{"embeddable":true,"href":"https:\/\/guialimeira.com.br\/news\/wp-json\/wp\/v2\/comments?post=38359"}],"version-history":[{"count":0,"href":"https:\/\/guialimeira.com.br\/news\/wp-json\/wp\/v2\/posts\/38359\/revisions"}],"wp:featuredmedia":[{"embeddable":true,"href":"https:\/\/guialimeira.com.br\/news\/wp-json\/wp\/v2\/media\/38360"}],"wp:attachment":[{"href":"https:\/\/guialimeira.com.br\/news\/wp-json\/wp\/v2\/media?parent=38359"}],"wp:term":[{"taxonomy":"category","embeddable":true,"href":"https:\/\/guialimeira.com.br\/news\/wp-json\/wp\/v2\/categories?post=38359"},{"taxonomy":"post_tag","embeddable":true,"href":"https:\/\/guialimeira.com.br\/news\/wp-json\/wp\/v2\/tags?post=38359"}],"curies":[{"name":"wp","href":"https:\/\/api.w.org\/{rel}","templated":true}]}}