{"id":38357,"date":"2025-07-08T20:35:38","date_gmt":"2025-07-08T23:35:38","guid":{"rendered":"https:\/\/guialimeira.com.br\/2025\/07\/08\/uniao-operaria-intensifica-apresentacoes-em-julho-e-avanca-rumo-aos-120-anos-portal-do-municipio-de-piracicaba\/"},"modified":"2025-07-08T20:35:38","modified_gmt":"2025-07-08T23:35:38","slug":"uniao-operaria-intensifica-apresentacoes-em-julho-e-avanca-rumo-aos-120-anos-portal-do-municipio-de-piracicaba","status":"publish","type":"post","link":"https:\/\/guialimeira.com.br\/news\/uniao-operaria-intensifica-apresentacoes-em-julho-e-avanca-rumo-aos-120-anos-portal-do-municipio-de-piracicaba\/","title":{"rendered":"Uni\u00e3o Oper\u00e1ria intensifica apresenta\u00e7\u00f5es em julho e avan\u00e7a rumo aos 120 anos \u2013 Portal do Munic\u00edpio de Piracicaba"},"content":{"rendered":"<p> <br \/>\n<\/p>\n<div>\n<figure class=\"wp-block-image size-large\"><img data-recalc-dims=\"1\" fetchpriority=\"high\" decoding=\"async\" width=\"696\" height=\"464\" src=\"https:\/\/i0.wp.com\/piracicaba.sp.gov.br\/wp-content\/uploads\/2025\/07\/Banda-Uniao-Operaria-durante-ensaio_-ritmo-intenso-rumo-aos-120-anos-Foto-de-arquivo-1024x682.jpg?resize=696%2C464&#038;ssl=1\" alt=\"A imagem mostra um grupo grande e animado de m\u00fasicos, muitos segurando seus instrumentos, sorrindo para a c\u00e2mera. H\u00e1 uma mistura de instrumentos de sopro, incluindo trompetes, saxofones, e um tuba. Um homem de camisa azul est\u00e1 no centro da foto, com os bra\u00e7os abertos, como se estivesse conduzindo ou liderando o grupo. As pessoas ao redor dele parecem ser de diversas idades e etnias. A atmosfera \u00e9 descontra\u00edda e festiva, sugerindo uma reuni\u00e3o de banda ou um ensaio. O fundo \u00e9 simples, uma parede branca com um pouco de decora\u00e7\u00e3o, indicando um ambiente interno como um sal\u00e3o de ensaio ou uma sala de aula. A ilumina\u00e7\u00e3o \u00e9 uniforme, sem sombras fortes, contribuindo para a clareza da imagem.\" class=\"wp-image-107981\" srcset=\"https:\/\/piracicaba.sp.gov.br\/wp-content\/uploads\/2025\/07\/Banda-Uniao-Operaria-durante-ensaio_-ritmo-intenso-rumo-aos-120-anos-Foto-de-arquivo-1024x682.jpg 1024w, https:\/\/piracicaba.sp.gov.br\/wp-content\/uploads\/2025\/07\/Banda-Uniao-Operaria-durante-ensaio_-ritmo-intenso-rumo-aos-120-anos-Foto-de-arquivo-300x200.jpg 300w, https:\/\/piracicaba.sp.gov.br\/wp-content\/uploads\/2025\/07\/Banda-Uniao-Operaria-durante-ensaio_-ritmo-intenso-rumo-aos-120-anos-Foto-de-arquivo-768x512.jpg 768w, https:\/\/piracicaba.sp.gov.br\/wp-content\/uploads\/2025\/07\/Banda-Uniao-Operaria-durante-ensaio_-ritmo-intenso-rumo-aos-120-anos-Foto-de-arquivo-1536x1024.jpg 1536w, https:\/\/piracicaba.sp.gov.br\/wp-content\/uploads\/2025\/07\/Banda-Uniao-Operaria-durante-ensaio_-ritmo-intenso-rumo-aos-120-anos-Foto-de-arquivo.jpg 2000w\" sizes=\"(max-width: 1024px) 100vw, 1024px\"\/><figcaption class=\"wp-element-caption\"><strong><em><sub>Banda Uni\u00e3o Oper\u00e1ria durante ensaio_ ritmo intenso rumo aos 120 anos \u2013 Foto de arquivo<\/sub><\/em><\/strong><\/figcaption><\/figure>\n<p>A Corpora\u00e7\u00e3o Musical Uni\u00e3o Oper\u00e1ria segue em ritmo intenso neste m\u00eas de julho com uma programa\u00e7\u00e3o que refor\u00e7a sua presen\u00e7a na vida cultural de Piracicaba e marca sua trajet\u00f3ria rumo aos 120 anos de hist\u00f3ria. As apresenta\u00e7\u00f5es ocorrem em eventos c\u00edvicos, religiosos e culturais, fortalecendo o papel da banda como s\u00edmbolo de tradi\u00e7\u00e3o e acesso \u00e0 m\u00fasica de qualidade para todos os p\u00fablicos.<\/p>\n<p>Nesta quarta-feira, 09\/07, \u00e0s 8h30, a banda participa da Solenidade da Revolu\u00e7\u00e3o Constitucionalista, promovida pelo Instituto Hist\u00f3rico e Geogr\u00e1fico de Piracicaba, na Esta\u00e7\u00e3o da Paulista. No dia seguinte, 10\/07, \u00e0s 18h, a apresenta\u00e7\u00e3o ser\u00e1 no Engenho Central durante o Congresso Estadual de Arte e Educa\u00e7\u00e3o. J\u00e1 nos dias 11, 12 e 13\/07, a Uni\u00e3o Oper\u00e1ria integra a programa\u00e7\u00e3o da tradicional Festa do Divino. No dia 27\/07, \u00e0s 16h, realiza concerto no Teatro Erotides de Campos (Teatro do Engenho), com entrada gratuita.<\/p>\n<p>Com ensaios semanais e um projeto educacional gratuito em andamento, a Uni\u00e3o Oper\u00e1ria tamb\u00e9m investe na forma\u00e7\u00e3o de novos m\u00fasicos por meio do projeto Sou Musical, com aulas de teoria e pr\u00e1tica para pessoas a partir dos 12 anos. A sede da banda abriga as atividades, que envolvem mais de 80 alunos regularmente.<\/p>\n<p>Para o maestro Jonatas Dion\u00edsio, a miss\u00e3o da banda vai al\u00e9m das partituras. \u201cA Uni\u00e3o Oper\u00e1ria \u00e9 mais do que uma banda musical, \u00e9 uma escola de vida. Cada ensaio, cada apresenta\u00e7\u00e3o, cada aula de inicia\u00e7\u00e3o musical carrega um prop\u00f3sito que vai al\u00e9m da t\u00e9cnica. N\u00f3s formamos m\u00fasicos, mas tamb\u00e9m ajudamos a construir trajet\u00f3rias, especialmente de jovens que encontram aqui uma oportunidade real de desenvolvimento, pertencimento e express\u00e3o. Fazer parte dessa hist\u00f3ria \u00e9 ter o privil\u00e9gio de ver de perto o poder que a m\u00fasica tem de transformar realidades. E \u00e9 isso que nos move: tocar as pessoas \u2013 no palco, na sala de aula e na alma.\u201d<\/p>\n<p>O secret\u00e1rio municipal da Cultura, Carlos Beltrame, tamb\u00e9m destacou o papel hist\u00f3rico da banda. \u201ca Uni\u00e3o Oper\u00e1ria \u00e9 patrim\u00f4nio vivo da nossa cidade. Seu trabalho permanente, tanto art\u00edstico quanto formativo, impacta gera\u00e7\u00f5es e fortalece a identidade cultural de Piracicaba. \u00c9 uma honra para a Secretaria de Cultura caminhar ao lado da banda rumo aos 120 anos.\u201d<\/p>\n<p>A diretoria da banda \u00e9 composta por Jos\u00e9 Paix\u00e3o de Oliveira (presidente), Ageu Marcos Bueno (vice-presidente), Fernando C\u00e9sar Novello (secret\u00e1rio geral), Oswaldo Ant\u00f4nio Novello e Isa\u00edas Beira (tesoureiros), Leandro Rodrigues Camargo (diretor fiscal), com o conselho fiscal formado por Archanjo Corder Neto, S\u00e9rgio Antonio Furtuoso e V\u00edtor Pires Vencovsky. Maria Ang\u00e9lica Antedom\u00eanico atua como assessora administrativa.<\/p>\n<p><strong>SERVI\u00c7O\u00a0<\/strong>\u2013 Apresenta\u00e7\u00f5es da Corpora\u00e7\u00e3o Musical Uni\u00e3o Oper\u00e1ria em julho. A banda se apresenta na quarta-feira, 09\/07, \u00e0s 8h30, na Esta\u00e7\u00e3o da Paulista (avenida Dr. Paulo de Moraes, s\/n \u2013 Paulista), durante a solenidade da Revolu\u00e7\u00e3o Constitucionalista. Na quinta-feira, 10\/07, \u00e0s 18h, participa do Congresso Estadual de Arte e Educa\u00e7\u00e3o, no Parque do Engenho Central (avenida Maurice Allain, 454). Nos dias 11, 12 e 13\/07, integra a programa\u00e7\u00e3o da Festa do Divino, em diferentes pontos da cidade. Encerrando a agenda do m\u00eas, realiza concerto gratuito no domingo, 27\/07, \u00e0s 16h, no Teatro ErotIdes de Campos (Parque do Engenho Central). Informa\u00e7\u00f5es sobre o projeto Sou Musical podem ser obtidas pelo WhatsApp (19) 99812-7045.<\/p>\n<\/p><\/div>\n<p><br \/>\n<br \/><a href=\"https:\/\/piracicaba.sp.gov.br\/noticias\/uniao-operaria-intensifica-apresentacoes-em-julho-e-avanca-rumo-aos-120-anos\/\" rel=\"noopener\">Informa\u00e7\u00f5es PMP <\/a><\/p>\n","protected":false},"excerpt":{"rendered":"<p>Banda Uni\u00e3o Oper\u00e1ria durante ensaio_ ritmo intenso rumo aos 120 anos \u2013 Foto de arquivo A Corpora\u00e7\u00e3o Musical Uni\u00e3o Oper\u00e1ria segue em ritmo intenso neste m\u00eas de julho com uma programa\u00e7\u00e3o que refor\u00e7a sua presen\u00e7a na vida cultural de Piracicaba e marca sua trajet\u00f3ria rumo aos 120 anos de hist\u00f3ria. As apresenta\u00e7\u00f5es ocorrem em eventos [&hellip;]<\/p>\n","protected":false},"author":1,"featured_media":38358,"comment_status":"open","ping_status":"open","sticky":false,"template":"","format":"standard","meta":{"_jetpack_newsletter_access":"","_jetpack_dont_email_post_to_subs":false,"_jetpack_newsletter_tier_id":0,"_jetpack_memberships_contains_paywalled_content":false,"_mbp_banners":[],"_jetpack_feature_clip_id":0,"_jetpack_memberships_contains_paid_content":false,"footnotes":"","jetpack_publicize_message":"","jetpack_publicize_feature_enabled":true,"jetpack_social_post_already_shared":true,"jetpack_social_options":{"image_generator_settings":{"template":"highway","default_image_id":0,"font":"","enabled":false},"version":2},"jetpack_post_was_ever_published":false},"categories":[20],"tags":[],"class_list":["post-38357","post","type-post","status-publish","format-standard","has-post-thumbnail","category-regiao"],"jetpack_publicize_connections":[],"jetpack-related-posts":[],"jetpack_shortlink":"https:\/\/wp.me\/p7Eq1F-9YF","jetpack_sharing_enabled":true,"jetpack_featured_media_url":"https:\/\/i0.wp.com\/guialimeira.com.br\/news\/wp-content\/uploads\/2025\/07\/Banda-Uniao-Operaria-durante-ensaio_-ritmo-intenso-rumo-aos-120-anos-Foto-de-arquivo-1024x682.jpg?fit=1024%2C682&ssl=1","_links":{"self":[{"href":"https:\/\/guialimeira.com.br\/news\/wp-json\/wp\/v2\/posts\/38357","targetHints":{"allow":["GET"]}}],"collection":[{"href":"https:\/\/guialimeira.com.br\/news\/wp-json\/wp\/v2\/posts"}],"about":[{"href":"https:\/\/guialimeira.com.br\/news\/wp-json\/wp\/v2\/types\/post"}],"author":[{"embeddable":true,"href":"https:\/\/guialimeira.com.br\/news\/wp-json\/wp\/v2\/users\/1"}],"replies":[{"embeddable":true,"href":"https:\/\/guialimeira.com.br\/news\/wp-json\/wp\/v2\/comments?post=38357"}],"version-history":[{"count":0,"href":"https:\/\/guialimeira.com.br\/news\/wp-json\/wp\/v2\/posts\/38357\/revisions"}],"wp:featuredmedia":[{"embeddable":true,"href":"https:\/\/guialimeira.com.br\/news\/wp-json\/wp\/v2\/media\/38358"}],"wp:attachment":[{"href":"https:\/\/guialimeira.com.br\/news\/wp-json\/wp\/v2\/media?parent=38357"}],"wp:term":[{"taxonomy":"category","embeddable":true,"href":"https:\/\/guialimeira.com.br\/news\/wp-json\/wp\/v2\/categories?post=38357"},{"taxonomy":"post_tag","embeddable":true,"href":"https:\/\/guialimeira.com.br\/news\/wp-json\/wp\/v2\/tags?post=38357"}],"curies":[{"name":"wp","href":"https:\/\/api.w.org\/{rel}","templated":true}]}}