{"id":38355,"date":"2025-07-08T19:34:38","date_gmt":"2025-07-08T22:34:38","guid":{"rendered":"https:\/\/guialimeira.com.br\/2025\/07\/08\/biblioteca-municipal-realiza-festa-julina-com-brincadeiras-e-musica-tipica-portal-do-municipio-de-piracicaba\/"},"modified":"2025-07-08T19:34:38","modified_gmt":"2025-07-08T22:34:38","slug":"biblioteca-municipal-realiza-festa-julina-com-brincadeiras-e-musica-tipica-portal-do-municipio-de-piracicaba","status":"publish","type":"post","link":"https:\/\/guialimeira.com.br\/news\/biblioteca-municipal-realiza-festa-julina-com-brincadeiras-e-musica-tipica-portal-do-municipio-de-piracicaba\/","title":{"rendered":"Biblioteca Municipal realiza Festa Julina com brincadeiras e m\u00fasica t\u00edpica \u2013 Portal do Munic\u00edpio de Piracicaba"},"content":{"rendered":"<p> <br \/>\n<\/p>\n<div>\n<figure class=\"wp-block-image size-large\"><img data-recalc-dims=\"1\" data-lazyloaded=\"1\" data-placeholder-resp=\"1024x768\" fetchpriority=\"high\" decoding=\"async\" width=\"696\" height=\"522\" src=\"https:\/\/i0.wp.com\/piracicaba.sp.gov.br\/wp-content\/uploads\/2025\/07\/Biblioteca-Municipal-realiza-Festa-Julina-com-brincadeiras-e-musica-tipica-1024x768.jpg?resize=696%2C522&#038;ssl=1\" alt=\"A imagem mostra uma festa junina em um ambiente interno, provavelmente uma escola ou sal\u00e3o de festas. Crian\u00e7as e adultos est\u00e3o reunidos em torno de uma estrutura circular laranja, que parece ser parte de uma brincadeira ou jogo. As crian\u00e7as est\u00e3o segurando avi\u00f5ezinhos de papel e algumas est\u00e3o usando roupas t\u00edpicas de festa junina. H\u00e1 bandeirinhas coloridas penduradas no teto, criando uma atmosfera festiva. O ambiente \u00e9 alegre e descontra\u00eddo, com pessoas sorrindo e interagindo. No fundo, h\u00e1 uma escada e algumas paredes com quadros. A cena sugere uma celebra\u00e7\u00e3o animada e participativa de uma festa junina.\" class=\"wp-image-107906\" srcset=\"https:\/\/piracicaba.sp.gov.br\/wp-content\/uploads\/2025\/07\/Biblioteca-Municipal-realiza-Festa-Julina-com-brincadeiras-e-musica-tipica-1024x768.jpg 1024w, https:\/\/piracicaba.sp.gov.br\/wp-content\/uploads\/2025\/07\/Biblioteca-Municipal-realiza-Festa-Julina-com-brincadeiras-e-musica-tipica-300x225.jpg 300w, https:\/\/piracicaba.sp.gov.br\/wp-content\/uploads\/2025\/07\/Biblioteca-Municipal-realiza-Festa-Julina-com-brincadeiras-e-musica-tipica-768x576.jpg 768w, https:\/\/piracicaba.sp.gov.br\/wp-content\/uploads\/2025\/07\/Biblioteca-Municipal-realiza-Festa-Julina-com-brincadeiras-e-musica-tipica-1536x1152.jpg 1536w, https:\/\/piracicaba.sp.gov.br\/wp-content\/uploads\/2025\/07\/Biblioteca-Municipal-realiza-Festa-Julina-com-brincadeiras-e-musica-tipica.jpg 1600w\" data-sizes=\"(max-width: 1024px) 100vw, 1024px\"\/><figcaption class=\"wp-element-caption\"><strong><em><sub>Biblioteca Municipal realiza Festa Julina com brincadeiras e m\u00fasica t\u00edpica<\/sub><\/em><\/strong><\/figcaption><\/figure>\n<p>A Biblioteca P\u00fablica Municipal Ricardo Ferraz de Arruda Pinto realiza amanh\u00e3, quarta-feira, 09\/07, das 13h \u00e0s 17h, uma Festa Julina voltada ao p\u00fablico infantil. Com entrada gratuita, a a\u00e7\u00e3o tem como objetivo proporcionar momentos de lazer e integra\u00e7\u00e3o por meio de atividades l\u00fadicas em um ambiente cultural e acolhedor.<\/p>\n<p>A programa\u00e7\u00e3o inclui brincadeiras t\u00edpicas, como pescaria e jogo das argolas. A ambienta\u00e7\u00e3o contar\u00e1 com m\u00fasica t\u00edpica caipira, criando um clima festivo e tradicional para as crian\u00e7as e seus respons\u00e1veis.<\/p>\n<figure class=\"wp-block-image size-large\"><img data-recalc-dims=\"1\" loading=\"lazy\" data-lazyloaded=\"1\" data-placeholder-resp=\"1024x768\" decoding=\"async\" width=\"696\" height=\"522\" src=\"https:\/\/i0.wp.com\/piracicaba.sp.gov.br\/wp-content\/uploads\/2025\/07\/A-ambientacao-contara-com-musica-tipica-caipira-criando-um-clima-festivo-e-tradicional-para-as-criancas-e-seus-responsaveis-1024x768.jpg?resize=696%2C522&#038;ssl=1\" alt=\"A imagem mostra um grupo de crian\u00e7as e adultos reunidos em uma sala, aparentemente participando de uma atividade de artesanato. As crian\u00e7as est\u00e3o sentadas em c\u00edrculo no ch\u00e3o, cada uma com uma folha de papel colorida, provavelmente fazendo dobraduras ou criando algo com o papel. H\u00e1 adultos circulando as crian\u00e7as, alguns parecem estar ajudando ou supervisionando a atividade. O ambiente parece ser uma escola ou centro comunit\u00e1rio, com decora\u00e7\u00e3o festiva, incluindo bandeirinhas e um chap\u00e9u de palha t\u00edpico de festas juninas. Os adultos e as crian\u00e7as parecem estar em um ambiente descontra\u00eddo e amig\u00e1vel, interagindo entre si. A atmosfera geral sugere uma atividade l\u00fadica e educativa.\" class=\"wp-image-107905\" srcset=\"https:\/\/piracicaba.sp.gov.br\/wp-content\/uploads\/2025\/07\/A-ambientacao-contara-com-musica-tipica-caipira-criando-um-clima-festivo-e-tradicional-para-as-criancas-e-seus-responsaveis-1024x768.jpg 1024w, https:\/\/piracicaba.sp.gov.br\/wp-content\/uploads\/2025\/07\/A-ambientacao-contara-com-musica-tipica-caipira-criando-um-clima-festivo-e-tradicional-para-as-criancas-e-seus-responsaveis-300x225.jpg 300w, https:\/\/piracicaba.sp.gov.br\/wp-content\/uploads\/2025\/07\/A-ambientacao-contara-com-musica-tipica-caipira-criando-um-clima-festivo-e-tradicional-para-as-criancas-e-seus-responsaveis-768x576.jpg 768w, https:\/\/piracicaba.sp.gov.br\/wp-content\/uploads\/2025\/07\/A-ambientacao-contara-com-musica-tipica-caipira-criando-um-clima-festivo-e-tradicional-para-as-criancas-e-seus-responsaveis-1536x1152.jpg 1536w, https:\/\/piracicaba.sp.gov.br\/wp-content\/uploads\/2025\/07\/A-ambientacao-contara-com-musica-tipica-caipira-criando-um-clima-festivo-e-tradicional-para-as-criancas-e-seus-responsaveis.jpg 1600w\" data-sizes=\"(max-width: 1024px) 100vw, 1024px\"\/><figcaption class=\"wp-element-caption\"><strong><em><sub>A ambienta\u00e7\u00e3o contar\u00e1 com m\u00fasica t\u00edpica caipira, criando um clima festivo e tradicional para as crian\u00e7as e seus respons\u00e1veis.<\/sub><\/em><\/strong><\/figcaption><\/figure>\n<p>De acordo com a bibliotec\u00e1ria Melysse Martim, respons\u00e1vel pela unidade, a proposta \u00e9 ampliar o papel da biblioteca como espa\u00e7o de conviv\u00eancia. \u201cQueremos mostrar que a biblioteca \u00e9 tamb\u00e9m um lugar de afeto, de encontros e de mem\u00f3rias afetivas. Atividades como essa contribuem para aproximar o p\u00fablico do universo da leitura de maneira leve e prazerosa\u201d, afirma.<\/p>\n<p><strong>SERVI\u00c7O \u2013<\/strong><strong>\u00a0Festa Julina da Biblioteca Municipal.<\/strong>\u00a0Na Biblioteca P\u00fablica Ricardo Ferraz de Arruda Pinto (rua Saldanha Marinho, 333 \u2013 Centro).\u00a0Amanh\u00e3, quarta-feira, 09\/07, das 13h \u00e0s 17h. Entrada gratuita. Informa\u00e7\u00f5es pelo telefone (19) 3433-3674.<\/p>\n<\/div>\n<p><br \/>\n<br \/><a href=\"https:\/\/piracicaba.sp.gov.br\/noticias\/biblioteca-municipal-realiza-festa-julina-com-brincadeiras-e-musica-tipica\/\" rel=\"noopener\">Informa\u00e7\u00f5es PMP <\/a><\/p>\n","protected":false},"excerpt":{"rendered":"<p>Biblioteca Municipal realiza Festa Julina com brincadeiras e m\u00fasica t\u00edpica A Biblioteca P\u00fablica Municipal Ricardo Ferraz de Arruda Pinto realiza amanh\u00e3, quarta-feira, 09\/07, das 13h \u00e0s 17h, uma Festa Julina voltada ao p\u00fablico infantil. Com entrada gratuita, a a\u00e7\u00e3o tem como objetivo proporcionar momentos de lazer e integra\u00e7\u00e3o por meio de atividades l\u00fadicas em um [&hellip;]<\/p>\n","protected":false},"author":1,"featured_media":38356,"comment_status":"open","ping_status":"open","sticky":false,"template":"","format":"standard","meta":{"_jetpack_newsletter_access":"","_jetpack_dont_email_post_to_subs":false,"_jetpack_newsletter_tier_id":0,"_jetpack_memberships_contains_paywalled_content":false,"_mbp_banners":[],"_jetpack_feature_clip_id":0,"_jetpack_memberships_contains_paid_content":false,"footnotes":"","jetpack_publicize_message":"","jetpack_publicize_feature_enabled":true,"jetpack_social_post_already_shared":true,"jetpack_social_options":{"image_generator_settings":{"template":"highway","default_image_id":0,"font":"","enabled":false},"version":2},"jetpack_post_was_ever_published":false},"categories":[20],"tags":[],"class_list":["post-38355","post","type-post","status-publish","format-standard","has-post-thumbnail","category-regiao"],"jetpack_publicize_connections":[],"jetpack-related-posts":[],"jetpack_shortlink":"https:\/\/wp.me\/p7Eq1F-9YD","jetpack_sharing_enabled":true,"jetpack_featured_media_url":"https:\/\/i0.wp.com\/guialimeira.com.br\/news\/wp-content\/uploads\/2025\/07\/Biblioteca-Municipal-realiza-Festa-Julina-com-brincadeiras-e-musica-tipica-1024x768.jpg?fit=1024%2C768&ssl=1","_links":{"self":[{"href":"https:\/\/guialimeira.com.br\/news\/wp-json\/wp\/v2\/posts\/38355","targetHints":{"allow":["GET"]}}],"collection":[{"href":"https:\/\/guialimeira.com.br\/news\/wp-json\/wp\/v2\/posts"}],"about":[{"href":"https:\/\/guialimeira.com.br\/news\/wp-json\/wp\/v2\/types\/post"}],"author":[{"embeddable":true,"href":"https:\/\/guialimeira.com.br\/news\/wp-json\/wp\/v2\/users\/1"}],"replies":[{"embeddable":true,"href":"https:\/\/guialimeira.com.br\/news\/wp-json\/wp\/v2\/comments?post=38355"}],"version-history":[{"count":0,"href":"https:\/\/guialimeira.com.br\/news\/wp-json\/wp\/v2\/posts\/38355\/revisions"}],"wp:featuredmedia":[{"embeddable":true,"href":"https:\/\/guialimeira.com.br\/news\/wp-json\/wp\/v2\/media\/38356"}],"wp:attachment":[{"href":"https:\/\/guialimeira.com.br\/news\/wp-json\/wp\/v2\/media?parent=38355"}],"wp:term":[{"taxonomy":"category","embeddable":true,"href":"https:\/\/guialimeira.com.br\/news\/wp-json\/wp\/v2\/categories?post=38355"},{"taxonomy":"post_tag","embeddable":true,"href":"https:\/\/guialimeira.com.br\/news\/wp-json\/wp\/v2\/tags?post=38355"}],"curies":[{"name":"wp","href":"https:\/\/api.w.org\/{rel}","templated":true}]}}