{"id":38347,"date":"2025-07-08T18:33:39","date_gmt":"2025-07-08T21:33:39","guid":{"rendered":"https:\/\/guialimeira.com.br\/2025\/07\/08\/linha-430-pq-piracicaba-tci-tera-horarios-ajustados-a-partir-de-sabado-12-07-portal-do-municipio-de-piracicaba\/"},"modified":"2025-07-08T18:33:39","modified_gmt":"2025-07-08T21:33:39","slug":"linha-430-pq-piracicaba-tci-tera-horarios-ajustados-a-partir-de-sabado-12-07-portal-do-municipio-de-piracicaba","status":"publish","type":"post","link":"https:\/\/guialimeira.com.br\/news\/linha-430-pq-piracicaba-tci-tera-horarios-ajustados-a-partir-de-sabado-12-07-portal-do-municipio-de-piracicaba\/","title":{"rendered":"Linha 430 Pq. Piracicaba\/TCI ter\u00e1 hor\u00e1rios ajustados a partir de s\u00e1bado, 12\/07 \u2013 Portal do Munic\u00edpio de Piracicaba"},"content":{"rendered":"<p> <br \/>\n<\/p>\n<div>\n<figure class=\"wp-block-image size-large\"><img data-recalc-dims=\"1\" data-lazyloaded=\"1\" data-placeholder-resp=\"1024x682\" fetchpriority=\"high\" decoding=\"async\" width=\"696\" height=\"464\" src=\"https:\/\/i0.wp.com\/piracicaba.sp.gov.br\/wp-content\/uploads\/2025\/07\/A-Linha-430-do-transporte-coletivo-tera-seus-horarios-ajustados-a-partir-de-sabado-1024x682.jpg?resize=696%2C464&#038;ssl=1\" alt=\"A imagem mostra uma cena em uma esta\u00e7\u00e3o de \u00f4nibus. Um \u00f4nibus azul claro, numerado 32837 e com a inscri\u00e7\u00e3o &quot;Piracicaba&quot;, est\u00e1 parado em uma ba\u00eda. Duas mulheres caminham em dire\u00e7\u00e3o ao \u00f4nibus, enquanto outras pessoas esperam em uma \u00e1rea de assentos. A esta\u00e7\u00e3o tem uma estrutura moderna com teto e ilumina\u00e7\u00e3o artificial. O ambiente parece limpo e organizado. Ao fundo, pode-se ver parte de outro \u00f4nibus e um pouco da paisagem externa. A placa do \u00f4nibus indica &quot;QVF 9C98&quot;. H\u00e1 um s\u00edmbolo de acessibilidade vis\u00edvel no \u00f4nibus, indicando que ele \u00e9 adaptado para pessoas com mobilidade reduzida.\" class=\"wp-image-107944\" srcset=\"https:\/\/piracicaba.sp.gov.br\/wp-content\/uploads\/2025\/07\/A-Linha-430-do-transporte-coletivo-tera-seus-horarios-ajustados-a-partir-de-sabado-1024x682.jpg 1024w, https:\/\/piracicaba.sp.gov.br\/wp-content\/uploads\/2025\/07\/A-Linha-430-do-transporte-coletivo-tera-seus-horarios-ajustados-a-partir-de-sabado-300x200.jpg 300w, https:\/\/piracicaba.sp.gov.br\/wp-content\/uploads\/2025\/07\/A-Linha-430-do-transporte-coletivo-tera-seus-horarios-ajustados-a-partir-de-sabado-768x512.jpg 768w, https:\/\/piracicaba.sp.gov.br\/wp-content\/uploads\/2025\/07\/A-Linha-430-do-transporte-coletivo-tera-seus-horarios-ajustados-a-partir-de-sabado.jpg 1280w\" data-sizes=\"(max-width: 1024px) 100vw, 1024px\"\/><figcaption class=\"wp-element-caption\"><strong><em><sub>A Linha 430 do transporte coletivo ter\u00e1 seus hor\u00e1rios ajustados a partir de s\u00e1bado<\/sub><\/em><\/strong><\/figcaption><\/figure>\n<p>A Secretaria de Seguran\u00e7a P\u00fablica, Tr\u00e2nsito e Transportes informa que, a partir de s\u00e1bado, 12\/07, a Linha 430 do transporte coletivo ter\u00e1 seus hor\u00e1rios ajustados nos dias \u00fateis e aos s\u00e1bados. A mudan\u00e7a tem como objetivo reduzir poss\u00edveis atrasos provocados pelas obras em andamento na SP-304.<\/p>\n<p>Os novos hor\u00e1rios est\u00e3o dispon\u00edveis no site da empresa:\u00a0<a href=\"http:\/\/piramobilidade.com.br\/comunicados\" target=\"_blank\" rel=\"noreferrer noopener\">piramobilidade.com.br\/comunicados<\/a>.<\/p>\n<\/div>\n<p><br \/>\n<br \/><a href=\"https:\/\/piracicaba.sp.gov.br\/noticias\/linha-430-pq-piracicaba-tci-tera-horarios-ajustados-a-partir-de-sabado-12-07\/\" rel=\"noopener\">Informa\u00e7\u00f5es PMP <\/a><\/p>\n","protected":false},"excerpt":{"rendered":"<p>A Linha 430 do transporte coletivo ter\u00e1 seus hor\u00e1rios ajustados a partir de s\u00e1bado A Secretaria de Seguran\u00e7a P\u00fablica, Tr\u00e2nsito e Transportes informa que, a partir de s\u00e1bado, 12\/07, a Linha 430 do transporte coletivo ter\u00e1 seus hor\u00e1rios ajustados nos dias \u00fateis e aos s\u00e1bados. A mudan\u00e7a tem como objetivo reduzir poss\u00edveis atrasos provocados pelas [&hellip;]<\/p>\n","protected":false},"author":1,"featured_media":38348,"comment_status":"open","ping_status":"open","sticky":false,"template":"","format":"standard","meta":{"_jetpack_newsletter_access":"","_jetpack_dont_email_post_to_subs":false,"_jetpack_newsletter_tier_id":0,"_jetpack_memberships_contains_paywalled_content":false,"_mbp_banners":[],"_jetpack_feature_clip_id":0,"_jetpack_memberships_contains_paid_content":false,"footnotes":"","jetpack_publicize_message":"","jetpack_publicize_feature_enabled":true,"jetpack_social_post_already_shared":true,"jetpack_social_options":{"image_generator_settings":{"template":"highway","default_image_id":0,"font":"","enabled":false},"version":2},"jetpack_post_was_ever_published":false},"categories":[20],"tags":[],"class_list":["post-38347","post","type-post","status-publish","format-standard","has-post-thumbnail","category-regiao"],"jetpack_publicize_connections":[],"jetpack-related-posts":[],"jetpack_shortlink":"https:\/\/wp.me\/p7Eq1F-9Yv","jetpack_sharing_enabled":true,"jetpack_featured_media_url":"https:\/\/i0.wp.com\/guialimeira.com.br\/news\/wp-content\/uploads\/2025\/07\/A-Linha-430-do-transporte-coletivo-tera-seus-horarios-ajustados-a-partir-de-sabado-1024x682.jpg?fit=1024%2C682&ssl=1","_links":{"self":[{"href":"https:\/\/guialimeira.com.br\/news\/wp-json\/wp\/v2\/posts\/38347","targetHints":{"allow":["GET"]}}],"collection":[{"href":"https:\/\/guialimeira.com.br\/news\/wp-json\/wp\/v2\/posts"}],"about":[{"href":"https:\/\/guialimeira.com.br\/news\/wp-json\/wp\/v2\/types\/post"}],"author":[{"embeddable":true,"href":"https:\/\/guialimeira.com.br\/news\/wp-json\/wp\/v2\/users\/1"}],"replies":[{"embeddable":true,"href":"https:\/\/guialimeira.com.br\/news\/wp-json\/wp\/v2\/comments?post=38347"}],"version-history":[{"count":0,"href":"https:\/\/guialimeira.com.br\/news\/wp-json\/wp\/v2\/posts\/38347\/revisions"}],"wp:featuredmedia":[{"embeddable":true,"href":"https:\/\/guialimeira.com.br\/news\/wp-json\/wp\/v2\/media\/38348"}],"wp:attachment":[{"href":"https:\/\/guialimeira.com.br\/news\/wp-json\/wp\/v2\/media?parent=38347"}],"wp:term":[{"taxonomy":"category","embeddable":true,"href":"https:\/\/guialimeira.com.br\/news\/wp-json\/wp\/v2\/categories?post=38347"},{"taxonomy":"post_tag","embeddable":true,"href":"https:\/\/guialimeira.com.br\/news\/wp-json\/wp\/v2\/tags?post=38347"}],"curies":[{"name":"wp","href":"https:\/\/api.w.org\/{rel}","templated":true}]}}