{"id":38345,"date":"2025-07-08T17:40:14","date_gmt":"2025-07-08T20:40:14","guid":{"rendered":"https:\/\/guialimeira.com.br\/?p=38345"},"modified":"2025-07-08T17:40:14","modified_gmt":"2025-07-08T20:40:14","slug":"comissao-de-constituicao-justica-e-redacao-analisa-28-projetos","status":"publish","type":"post","link":"https:\/\/guialimeira.com.br\/news\/comissao-de-constituicao-justica-e-redacao-analisa-28-projetos\/","title":{"rendered":"Comiss\u00e3o de Constitui\u00e7\u00e3o, Justi\u00e7a e Reda\u00e7\u00e3o analisa 28 projetos"},"content":{"rendered":"\n<figure class=\"wp-block-gallery has-nested-images columns-default is-cropped wp-block-gallery-1 is-layout-flex wp-block-gallery-is-layout-flex\"><\/figure>\n \r\n<br><img data-recalc-dims=\"1\" decoding=\"async\" src=\"https:\/\/i0.wp.com\/guialimeira.com.br\/wp-content\/uploads\/2025\/07\/Comissao-de-Constituicao-Justica-e-Redacao-analisa-28-projetos.jpg?w=696&#038;ssl=1\" \/><br><div>\n\t\t\t\t\t<p>Na reuni\u00e3o desta ter\u00e7a-feira, 8 de julho, a Comiss\u00e3o de Constitui\u00e7\u00e3o, Justi\u00e7a e Reda\u00e7\u00e3o (CCJR) analisou 28 proposituras, 12 receberam pareceres favor\u00e1veis e as demais permanecem em estudo ou foram encaminhadas para an\u00e1lise da Procuradoria Jur\u00eddica, conforme registro em <a href=\"https:\/\/consulta.limeira.sp.leg.br\/arquivo?Id=514209\" rel=\"noopener\">ata<\/a>.\u00a0\u00a0<\/p><p>A CCJR se manifesta sobre o aspecto constitucional, legal, regimental, gramatical e l\u00f3gico de todas as proposi\u00e7\u00f5es que tramitam na C\u00e2mara. Fazem parte desta comiss\u00e3o os vereadores Mara Isa Mattos Silveira (PL), presidente; Anderson Pereira (PSD), vice-presidente; e Mariana Calsa (MDB), secret\u00e1ria. As reuni\u00f5es acontecem regimentalmente \u00e0s ter\u00e7as-feiras, a partir das 16h.<\/p><p>Confira as proposituras que receberam pareceres favor\u00e1veis:<\/p><p><a href=\"https:\/\/consulta.limeira.sp.leg.br\/Documentos\/Documento\/385715\" rel=\"noopener\">Projeto de Lei N\u00ba 173\/2025<\/a>, dos vereadores Mara Isa Mattos Silveira (PL) e Nilton Santos (Republicanos), altera dispositivos da<a href=\"https:\/\/legislacao.limeira.sp.leg.br\/Limeira-SP\/LeisOrdinarias\/5499-2015\" rel=\"noopener\"> Lei N\u00ba 5499\/2015<\/a>, que denomina de Rota das Plantas e Flores o trecho ou caminho paralelo ao KM 118 da Rodovia Deputado La\u00e9rcio Corte, para que a via passe a se chamar Rota das Plantas e Flores Augusto e Maria Mercuri.<\/p><p><a href=\"https:\/\/consulta.limeira.sp.leg.br\/Documentos\/Documento\/385299\" rel=\"noopener\">Projeto de Decreto Legislativo N\u00ba 15\/2025<\/a>, da vereadora Mara Isa Mattos Silveira (PL), concede o T\u00edtulo de Cidad\u00e3 Limeirense a Ana In\u00e9s Borri Genovez pelos servi\u00e7os prestados no Munic\u00edpio.<\/p><p><a href=\"https:\/\/consulta.limeira.sp.leg.br\/Documentos\/Documento\/385423\" rel=\"noopener\">Projeto de Decreto Legislativo N\u00ba 16\/2025<\/a>, do vereador Marcio do Estacionamento (DC), concede o Diploma de Gratid\u00e3o da Cidade de Limeira e a Medalha de M\u00e9rito C\u00edvico XV de Setembro \u2013 Ordem Tatuiby ao Sensei Alexandre Albino pelos servi\u00e7os prestados, dedicados ao esporte de Limeira.<\/p><p><a href=\"https:\/\/consulta.limeira.sp.leg.br\/Documentos\/Documento\/382553\" rel=\"noopener\">Projeto de Lei N\u00ba 148\/2025<\/a>, da vereadora Mariana Calsa (MDB), disp\u00f5e sobre a obrigatoriedade de publica\u00e7\u00e3o, no site oficial e Portal da Transpar\u00eancia da Prefeitura de Limeira, de rela\u00e7\u00e3o anual das emendas parlamentares recebidas pelo poder p\u00fablico.<\/p><p><a href=\"https:\/\/consulta.limeira.sp.leg.br\/Documentos\/Documento\/383860\" rel=\"noopener\">Projeto de Lei N\u00ba 158\/2025<\/a>, do vereador Guilherme Guido (PL), institui o Circuito Shark Cup de Futev\u00f4lei no Calend\u00e1rio Oficial do Munic\u00edpio de Limeira.<\/p><p><a href=\"https:\/\/consulta.limeira.sp.leg.br\/Documentos\/Documento\/372606\" rel=\"noopener\">Projeto de Lei N\u00ba 51\/2025<\/a> + <a href=\"https:\/\/consulta.limeira.sp.leg.br\/Documentos\/Documento\/382707\" rel=\"noopener\">Substitutivo N\u00ba 36<\/a>, da vereadora Tatiane Lopes (Avante), altera a<a href=\"https:\/\/legislacao.limeira.sp.leg.br\/Limeira-SP\/LeisOrdinarias\/6260-2019\" rel=\"noopener\"> Lei N\u00ba 6.260\/2019<\/a>, que disp\u00f5e sobre o C\u00f3digo Municipal dos Direitos dos Animais, para proibir a utiliza\u00e7\u00e3o de animais em ve\u00edculos de tra\u00e7\u00e3o animal em rachas, corridas e competi\u00e7\u00f5es.<\/p><p><a href=\"https:\/\/consulta.limeira.sp.leg.br\/Documentos\/Documento\/383639\" rel=\"noopener\">Emenda N\u00ba 36<\/a> ao <a href=\"https:\/\/consulta.limeira.sp.leg.br\/Documentos\/Documento\/375058\" rel=\"noopener\">Projeto de Lei N\u00ba 80\/2025<\/a>, do vereador Estev\u00e3o Nogueira (Avante), disp\u00f5e sobre a cria\u00e7\u00e3o do Fundo Municipal de Tecnologia e Inova\u00e7\u00e3o (FMTI).<\/p><p><a href=\"https:\/\/consulta.limeira.sp.leg.br\/Documentos\/Documento\/383636\" rel=\"noopener\">Substitutivo N\u00ba 40<\/a> ao <a href=\"https:\/\/consulta.limeira.sp.leg.br\/Documentos\/Documento\/377552\" rel=\"noopener\">Projeto de Lei N\u00ba 106\/2025<\/a>, do vereador Estev\u00e3o Nogueira (Avante), disp\u00f5e sobre a regulamenta\u00e7\u00e3o da realiza\u00e7\u00e3o de Testes Urbanos para projetos-piloto de inova\u00e7\u00e3o tecnol\u00f3gica e estabelece normas gerais para o funcionamento de zonas de desenvolvimento, inova\u00e7\u00e3o e tecnologia a serem organizadas na forma de ambiente regulat\u00f3rio experimental no Munic\u00edpio.<\/p><p><a href=\"https:\/\/consulta.limeira.sp.leg.br\/Documentos\/Documento\/384507\" rel=\"noopener\">Projeto de Lei N\u00ba 164\/2025<\/a>, da vereadora Lu Bogo (PL), altera a al\u00ednea \u201cb\u201d do \u00a72\u00ba do art. 6\u00ba da<a href=\"https:\/\/legislacao.limeira.sp.leg.br\/Limeira-SP\/LeisOrdinarias\/4268-2008\" rel=\"noopener\"> Lei Ordin\u00e1ria N\u00ba 4268\/2008<\/a>, que disp\u00f5e sobre a instala\u00e7\u00e3o de mensagens publicit\u00e1rias no Munic\u00edpio, para atualizar a legisla\u00e7\u00e3o quanto \u00e0s novas tecnologias de comunica\u00e7\u00e3o.<\/p><p><a href=\"https:\/\/consulta.limeira.sp.leg.br\/Documentos\/Documento\/384441\" rel=\"noopener\">Projeto de Lei N\u00ba 162\/2025<\/a>, da vereadora Bruna Magalh\u00e3es (PRTB), assegura \u00e0 popula\u00e7\u00e3o o acesso a um Programa Municipal de Incentivo ao Empreendedorismo.<\/p><p><a href=\"https:\/\/consulta.limeira.sp.leg.br\/Documentos\/Documento\/384589\" rel=\"noopener\">Projeto de Resolu\u00e7\u00e3o N\u00ba 23\/2025<\/a>, da Mesa Diretora 2025\/2026, modifica a reda\u00e7\u00e3o dos arts. 2\u00ba e 4\u00ba e revoga o art. 3\u00ba da<a href=\"https:\/\/legislacao.limeira.sp.leg.br\/Limeira-SP\/Resolucoes\/584-2014\" rel=\"noopener\"> Resolu\u00e7\u00e3o N\u00ba 584\/2014<\/a>, que cria o Cine C\u00e2mara, para que as atividades possam ser realizadas nas depend\u00eancias do Legislativo e tamb\u00e9m no Cine Vagalume.<\/p><p><a href=\"https:\/\/consulta.limeira.sp.leg.br\/Documentos\/Documento\/384623\" rel=\"noopener\">Projeto de Resolu\u00e7\u00e3o N\u00ba 24\/2025<\/a>, da Mesa Diretora 2025\/2026, altera dispositivos da<a href=\"https:\/\/legislacao.limeira.sp.leg.br\/Limeira-SP\/Resolucoes\/889-2024\" rel=\"noopener\"> Resolu\u00e7\u00e3o N\u00ba 889\/2024<\/a>, que disp\u00f5e sobre o Regimento Interno, aperfei\u00e7oando a norma, propondo a mudan\u00e7a de nome da Comiss\u00e3o de Educa\u00e7\u00e3o, altera\u00e7\u00e3o dos prazos para emiss\u00e3o de pareceres pelas comiss\u00f5es e formalizando as atribui\u00e7\u00f5es dos vereadores.<\/p>\t\t\t\t<\/div>\r\n<br>\r\n<br><a href=\"https:\/\/www.limeira.sp.leg.br\/noticias\/view\/2025-07-08_comissao-de-constituicao-justica-e-redacao-analisa-28-projetos\" rel=\"noopener\">Informa\u00e7\u00f5es CML <\/a>","protected":false},"excerpt":{"rendered":"<p>Na reuni\u00e3o desta ter\u00e7a-feira, 8 de julho, a Comiss\u00e3o de Constitui\u00e7\u00e3o, Justi\u00e7a e Reda\u00e7\u00e3o (CCJR) analisou 28 proposituras, 12 receberam pareceres favor\u00e1veis e as demais permanecem em estudo ou foram encaminhadas para an\u00e1lise da Procuradoria Jur\u00eddica, conforme registro em ata.\u00a0\u00a0 A CCJR se manifesta sobre o aspecto constitucional, legal, regimental, gramatical e l\u00f3gico de todas [&hellip;]<\/p>\n","protected":false},"author":1,"featured_media":38344,"comment_status":"open","ping_status":"open","sticky":false,"template":"","format":"standard","meta":{"_jetpack_newsletter_access":"","_jetpack_dont_email_post_to_subs":false,"_jetpack_newsletter_tier_id":0,"_jetpack_memberships_contains_paywalled_content":false,"_mbp_banners":[],"_jetpack_feature_clip_id":0,"_jetpack_memberships_contains_paid_content":false,"footnotes":"","jetpack_publicize_message":"","jetpack_publicize_feature_enabled":true,"jetpack_social_post_already_shared":true,"jetpack_social_options":{"image_generator_settings":{"template":"highway","default_image_id":0,"font":"","enabled":false},"version":2},"jetpack_post_was_ever_published":false},"categories":[19],"tags":[],"class_list":["post-38345","post","type-post","status-publish","format-standard","has-post-thumbnail","category-politica"],"jetpack_publicize_connections":[],"jetpack-related-posts":[],"jetpack_shortlink":"https:\/\/wp.me\/p7Eq1F-9Yt","jetpack_sharing_enabled":true,"jetpack_featured_media_url":"https:\/\/i0.wp.com\/guialimeira.com.br\/news\/wp-content\/uploads\/2025\/07\/Comissao-de-Constituicao-Justica-e-Redacao-analisa-28-projetos.jpg?fit=1280%2C640&ssl=1","_links":{"self":[{"href":"https:\/\/guialimeira.com.br\/news\/wp-json\/wp\/v2\/posts\/38345","targetHints":{"allow":["GET"]}}],"collection":[{"href":"https:\/\/guialimeira.com.br\/news\/wp-json\/wp\/v2\/posts"}],"about":[{"href":"https:\/\/guialimeira.com.br\/news\/wp-json\/wp\/v2\/types\/post"}],"author":[{"embeddable":true,"href":"https:\/\/guialimeira.com.br\/news\/wp-json\/wp\/v2\/users\/1"}],"replies":[{"embeddable":true,"href":"https:\/\/guialimeira.com.br\/news\/wp-json\/wp\/v2\/comments?post=38345"}],"version-history":[{"count":1,"href":"https:\/\/guialimeira.com.br\/news\/wp-json\/wp\/v2\/posts\/38345\/revisions"}],"predecessor-version":[{"id":38346,"href":"https:\/\/guialimeira.com.br\/news\/wp-json\/wp\/v2\/posts\/38345\/revisions\/38346"}],"wp:featuredmedia":[{"embeddable":true,"href":"https:\/\/guialimeira.com.br\/news\/wp-json\/wp\/v2\/media\/38344"}],"wp:attachment":[{"href":"https:\/\/guialimeira.com.br\/news\/wp-json\/wp\/v2\/media?parent=38345"}],"wp:term":[{"taxonomy":"category","embeddable":true,"href":"https:\/\/guialimeira.com.br\/news\/wp-json\/wp\/v2\/categories?post=38345"},{"taxonomy":"post_tag","embeddable":true,"href":"https:\/\/guialimeira.com.br\/news\/wp-json\/wp\/v2\/tags?post=38345"}],"curies":[{"name":"wp","href":"https:\/\/api.w.org\/{rel}","templated":true}]}}