{"id":38342,"date":"2025-07-08T17:32:48","date_gmt":"2025-07-08T20:32:48","guid":{"rendered":"https:\/\/guialimeira.com.br\/2025\/07\/08\/prefeitura-promove-qualificacao-para-profissionais-da-assistencia-social-em-6a-parada-tecnica-portal-do-municipio-de-piracicaba\/"},"modified":"2025-07-08T17:32:48","modified_gmt":"2025-07-08T20:32:48","slug":"prefeitura-promove-qualificacao-para-profissionais-da-assistencia-social-em-6a-parada-tecnica-portal-do-municipio-de-piracicaba","status":"publish","type":"post","link":"https:\/\/guialimeira.com.br\/news\/prefeitura-promove-qualificacao-para-profissionais-da-assistencia-social-em-6a-parada-tecnica-portal-do-municipio-de-piracicaba\/","title":{"rendered":"Prefeitura promove qualifica\u00e7\u00e3o para profissionais da assist\u00eancia social em 6\u00aa Parada T\u00e9cnica \u2013 Portal do Munic\u00edpio de Piracicaba"},"content":{"rendered":"<p> <br \/>\n<\/p>\n<div>\n<figure class=\"wp-block-image size-large\"><img data-recalc-dims=\"1\" data-lazyloaded=\"1\" data-placeholder-resp=\"1024x1024\" fetchpriority=\"high\" decoding=\"async\" width=\"696\" height=\"696\" src=\"https:\/\/i0.wp.com\/piracicaba.sp.gov.br\/wp-content\/uploads\/2025\/07\/O-encontro-foi-realizado-no-auditorio-do-PECEGE-e-teve-como-tema-a-Escrita-de-Relatorios-para-a-Rede-e-o-Sistema-de-Garantia-de-Direitos-1024x1024.jpg?resize=696%2C696&#038;ssl=1\" alt=\"A imagem mostra uma grande sala de confer\u00eancias ou audit\u00f3rio com muitas pessoas sentadas em cadeiras verdes. H\u00e1 um palco no fundo com duas palestrantes e uma tela de proje\u00e7\u00e3o mostrando uma apresenta\u00e7\u00e3o. As paredes s\u00e3o claras e h\u00e1 ilumina\u00e7\u00e3o colorida no palco. O teto \u00e9 escuro com luzes embutidas. A atmosfera parece formal e profissional, sugerindo um evento ou apresenta\u00e7\u00e3o. A multid\u00e3o parece engajada, prestando aten\u00e7\u00e3o \u00e0s palestrantes. H\u00e1 uma mistura de idades e g\u00eaneros na audi\u00eancia. A sala est\u00e1 quase lotada, indicando um evento popular.\" class=\"wp-image-107947\" srcset=\"https:\/\/piracicaba.sp.gov.br\/wp-content\/uploads\/2025\/07\/O-encontro-foi-realizado-no-auditorio-do-PECEGE-e-teve-como-tema-a-Escrita-de-Relatorios-para-a-Rede-e-o-Sistema-de-Garantia-de-Direitos-1024x1024.jpg 1024w, https:\/\/piracicaba.sp.gov.br\/wp-content\/uploads\/2025\/07\/O-encontro-foi-realizado-no-auditorio-do-PECEGE-e-teve-como-tema-a-Escrita-de-Relatorios-para-a-Rede-e-o-Sistema-de-Garantia-de-Direitos-300x300.jpg 300w, https:\/\/piracicaba.sp.gov.br\/wp-content\/uploads\/2025\/07\/O-encontro-foi-realizado-no-auditorio-do-PECEGE-e-teve-como-tema-a-Escrita-de-Relatorios-para-a-Rede-e-o-Sistema-de-Garantia-de-Direitos-150x150.jpg 150w, https:\/\/piracicaba.sp.gov.br\/wp-content\/uploads\/2025\/07\/O-encontro-foi-realizado-no-auditorio-do-PECEGE-e-teve-como-tema-a-Escrita-de-Relatorios-para-a-Rede-e-o-Sistema-de-Garantia-de-Direitos-768x768.jpg 768w, https:\/\/piracicaba.sp.gov.br\/wp-content\/uploads\/2025\/07\/O-encontro-foi-realizado-no-auditorio-do-PECEGE-e-teve-como-tema-a-Escrita-de-Relatorios-para-a-Rede-e-o-Sistema-de-Garantia-de-Direitos.jpg 1528w\" data-sizes=\"(max-width: 1024px) 100vw, 1024px\"\/><figcaption class=\"wp-element-caption\"><strong><em><sub>O encontro foi realizado no audit\u00f3rio do PECEGE e teve como tema a Escrita de Relat\u00f3rios para a Rede e o Sistema de Garantia de Direitos<\/sub><\/em><\/strong><\/figcaption><\/figure>\n<p>A Prefeitura de Piracicaba, por meio da Secretaria Municipal de Assist\u00eancia, Desenvolvimento Social e Fam\u00edlia, promoveu na sexta-feira, 04\/07, a 6\u00aa edi\u00e7\u00e3o da Parada T\u00e9cnica da Rede Socioassistencial. O encontro foi realizado no audit\u00f3rio do PECEGE e teve como tema a Escrita de Relat\u00f3rios para a Rede e o Sistema de Garantia de Direitos.<\/p>\n<p>A atividade reuniu trabalhadores e gestores do Sistema \u00danico de Assist\u00eancia Social (SUAS), conselheiros tutelares, representantes de Organiza\u00e7\u00f5es da Sociedade Civil e demais parceiros da rede. A iniciativa integra as a\u00e7\u00f5es de educa\u00e7\u00e3o permanente e tem como prop\u00f3sito qualificar continuamente as equipes que atuam nos servi\u00e7os socioassistenciais do munic\u00edpio.<\/p>\n<p>A programa\u00e7\u00e3o foi aberta com apresenta\u00e7\u00f5es culturais das crian\u00e7as atendidas no Centro de Conviv\u00eancia Intergeracional (CCINTER) Bosques do Lenheiro em parceria com o CESAC, seguida do grupo de jovens da gin\u00e1stica r\u00edtmica do CCINTER.<\/p>\n<p>Durante o evento, tamb\u00e9m foi apresentado o Servi\u00e7o de Acolhimento em Fam\u00edlia Acolhedora como exemplo de boas pr\u00e1ticas na prote\u00e7\u00e3o de crian\u00e7as e adolescentes em situa\u00e7\u00e3o de vulnerabilidade.<\/p>\n<p>O ponto alto do evento foi a palestra do professor Thiago Agenor, assistente social e docente da Faculdade Educacional de Andradina (FEA), que abordou os aspectos \u00e9ticos e t\u00e9cnicos envolvidos na elabora\u00e7\u00e3o de relat\u00f3rios profissionais, com base nas diretrizes do SUAS e nas normativas dos respectivos conselhos de classe.<\/p>\n<figure class=\"wp-block-image size-large\"><img data-recalc-dims=\"1\" loading=\"lazy\" data-lazyloaded=\"1\" data-placeholder-resp=\"768x1024\" decoding=\"async\" width=\"696\" height=\"928\" src=\"https:\/\/i0.wp.com\/piracicaba.sp.gov.br\/wp-content\/uploads\/2025\/07\/Thiago-Agenor-assistente-social-e-docente-da-Faculdade-Educacional-de-Andradina-abordou-os-aspectos-eticos-e-tecnicos-envolvidos-na-elaboracao-de-relatorios-profissionais-2-768x1024.jpg?resize=696%2C928&#038;ssl=1\" alt=\"A imagem mostra um homem de pele morena, com barba e bigode, vestindo uma jaqueta de couro preta e cal\u00e7as cinza, dando uma apresenta\u00e7\u00e3o. Ele est\u00e1 de p\u00e9 em um palco, com uma tela de proje\u00e7\u00e3o atr\u00e1s dele exibindo o t\u00edtulo de sua apresenta\u00e7\u00e3o: &quot;Escrita de relat\u00f3rios para a rede e o Sistema de Garantia de Direitos&quot;, seguido pelo seu nome, &quot;Dr. Thiago Agenor dos Santos de Lima&quot;, e a data: &quot;Piracicaba-SP, 04 de julho de 2025&quot;. Ele segura um microfone e aponta para a tela com a m\u00e3o direita. A ilumina\u00e7\u00e3o do palco \u00e9 suave, com uma parede verde vis\u00edvel \u00e0 direita da tela. O ch\u00e3o \u00e9 de madeira escura. A imagem sugere uma apresenta\u00e7\u00e3o formal em um evento ou confer\u00eancia.\" class=\"wp-image-107948\" srcset=\"https:\/\/piracicaba.sp.gov.br\/wp-content\/uploads\/2025\/07\/Thiago-Agenor-assistente-social-e-docente-da-Faculdade-Educacional-de-Andradina-abordou-os-aspectos-eticos-e-tecnicos-envolvidos-na-elaboracao-de-relatorios-profissionais-2-768x1024.jpg 768w, https:\/\/piracicaba.sp.gov.br\/wp-content\/uploads\/2025\/07\/Thiago-Agenor-assistente-social-e-docente-da-Faculdade-Educacional-de-Andradina-abordou-os-aspectos-eticos-e-tecnicos-envolvidos-na-elaboracao-de-relatorios-profissionais-2-225x300.jpg 225w, https:\/\/piracicaba.sp.gov.br\/wp-content\/uploads\/2025\/07\/Thiago-Agenor-assistente-social-e-docente-da-Faculdade-Educacional-de-Andradina-abordou-os-aspectos-eticos-e-tecnicos-envolvidos-na-elaboracao-de-relatorios-profissionais-2-1152x1536.jpg 1152w, https:\/\/piracicaba.sp.gov.br\/wp-content\/uploads\/2025\/07\/Thiago-Agenor-assistente-social-e-docente-da-Faculdade-Educacional-de-Andradina-abordou-os-aspectos-eticos-e-tecnicos-envolvidos-na-elaboracao-de-relatorios-profissionais-2.jpg 1200w\" data-sizes=\"(max-width: 768px) 100vw, 768px\"\/><figcaption class=\"wp-element-caption\"><strong><em><sub>Thiago Agenor, assistente social e docente da Faculdade Educacional de Andradina, abordou os aspectos \u00e9ticos e t\u00e9cnicos envolvidos na elabora\u00e7\u00e3o de relat\u00f3rios profissionais <\/sub><\/em><\/strong><\/figcaption><\/figure>\n<p>A 6\u00aa Parada T\u00e9cnica \u00e9 mais uma a\u00e7\u00e3o da gest\u00e3o municipal com o fortalecimento das pol\u00edticas p\u00fablicas de assist\u00eancia social, o aprimoramento dos servi\u00e7os ofertados \u00e0 popula\u00e7\u00e3o e a valoriza\u00e7\u00e3o dos profissionais que atuam na rede.<\/p>\n<\/div>\n<p><br \/>\n<br \/><a href=\"https:\/\/piracicaba.sp.gov.br\/noticias\/prefeitura-promove-qualificacao-para-profissionais-da-assistencia-social-em-6a-parada-tecnica\/\" rel=\"noopener\">Informa\u00e7\u00f5es PMP <\/a><\/p>\n","protected":false},"excerpt":{"rendered":"<p>O encontro foi realizado no audit\u00f3rio do PECEGE e teve como tema a Escrita de Relat\u00f3rios para a Rede e o Sistema de Garantia de Direitos A Prefeitura de Piracicaba, por meio da Secretaria Municipal de Assist\u00eancia, Desenvolvimento Social e Fam\u00edlia, promoveu na sexta-feira, 04\/07, a 6\u00aa edi\u00e7\u00e3o da Parada T\u00e9cnica da Rede Socioassistencial. O [&hellip;]<\/p>\n","protected":false},"author":1,"featured_media":38343,"comment_status":"open","ping_status":"open","sticky":false,"template":"","format":"standard","meta":{"_jetpack_newsletter_access":"","_jetpack_dont_email_post_to_subs":false,"_jetpack_newsletter_tier_id":0,"_jetpack_memberships_contains_paywalled_content":false,"_mbp_banners":[],"_jetpack_feature_clip_id":0,"_jetpack_memberships_contains_paid_content":false,"footnotes":"","jetpack_publicize_message":"","jetpack_publicize_feature_enabled":true,"jetpack_social_post_already_shared":true,"jetpack_social_options":{"image_generator_settings":{"template":"highway","default_image_id":0,"font":"","enabled":false},"version":2},"jetpack_post_was_ever_published":false},"categories":[20],"tags":[],"class_list":["post-38342","post","type-post","status-publish","format-standard","has-post-thumbnail","category-regiao"],"jetpack_publicize_connections":[],"jetpack-related-posts":[],"jetpack_shortlink":"https:\/\/wp.me\/p7Eq1F-9Yq","jetpack_sharing_enabled":true,"jetpack_featured_media_url":"https:\/\/i0.wp.com\/guialimeira.com.br\/news\/wp-content\/uploads\/2025\/07\/O-encontro-foi-realizado-no-auditorio-do-PECEGE-e-teve-como-tema-a-Escrita-de-Relatorios-para-a-Rede.jpeg?fit=1024%2C1024&ssl=1","_links":{"self":[{"href":"https:\/\/guialimeira.com.br\/news\/wp-json\/wp\/v2\/posts\/38342","targetHints":{"allow":["GET"]}}],"collection":[{"href":"https:\/\/guialimeira.com.br\/news\/wp-json\/wp\/v2\/posts"}],"about":[{"href":"https:\/\/guialimeira.com.br\/news\/wp-json\/wp\/v2\/types\/post"}],"author":[{"embeddable":true,"href":"https:\/\/guialimeira.com.br\/news\/wp-json\/wp\/v2\/users\/1"}],"replies":[{"embeddable":true,"href":"https:\/\/guialimeira.com.br\/news\/wp-json\/wp\/v2\/comments?post=38342"}],"version-history":[{"count":0,"href":"https:\/\/guialimeira.com.br\/news\/wp-json\/wp\/v2\/posts\/38342\/revisions"}],"wp:featuredmedia":[{"embeddable":true,"href":"https:\/\/guialimeira.com.br\/news\/wp-json\/wp\/v2\/media\/38343"}],"wp:attachment":[{"href":"https:\/\/guialimeira.com.br\/news\/wp-json\/wp\/v2\/media?parent=38342"}],"wp:term":[{"taxonomy":"category","embeddable":true,"href":"https:\/\/guialimeira.com.br\/news\/wp-json\/wp\/v2\/categories?post=38342"},{"taxonomy":"post_tag","embeddable":true,"href":"https:\/\/guialimeira.com.br\/news\/wp-json\/wp\/v2\/tags?post=38342"}],"curies":[{"name":"wp","href":"https:\/\/api.w.org\/{rel}","templated":true}]}}