{"id":38339,"date":"2025-07-08T16:38:50","date_gmt":"2025-07-08T19:38:50","guid":{"rendered":"https:\/\/guialimeira.com.br\/?p=38339"},"modified":"2025-07-08T16:38:50","modified_gmt":"2025-07-08T19:38:50","slug":"novo-secretario-de-cultura-bruno-bortolan-visita-a-camara","status":"publish","type":"post","link":"https:\/\/guialimeira.com.br\/news\/novo-secretario-de-cultura-bruno-bortolan-visita-a-camara\/","title":{"rendered":"Novo secret\u00e1rio de Cultura, Bruno Bortolan, visita a C\u00e2mara"},"content":{"rendered":"\n<figure class=\"wp-block-gallery has-nested-images columns-default is-cropped wp-block-gallery-1 is-layout-flex wp-block-gallery-is-layout-flex\"><\/figure>\n \r\n<br><img data-recalc-dims=\"1\" decoding=\"async\" src=\"https:\/\/i0.wp.com\/guialimeira.com.br\/wp-content\/uploads\/2025\/07\/Novo-secretario-de-Cultura-Bruno-Bortolan-visita-a-Camara.jpg?w=696&#038;ssl=1\" \/><br><div>\n\t\t\t\t\t<p>O presidente da C\u00e2mara Municipal, vereador Everton Ferreira (PSD), recebeu nesta segunda-feira, 7 de julho, o novo Secret\u00e1rio de Cultura de Limeira, Bruno Bortolan. O encontro, de car\u00e1ter institucional, teve como principal objetivo fortalecer a parceria entre o Legislativo e a Secretaria de Cultura, al\u00e9m de discutir a possibilidade de projetos conjuntos que visem o desenvolvimento da cultura em Limeira.<\/p><p>O presidente valorizou a parceria entre o Executivo e o Legislativo. &#8220;A vinda do secret\u00e1rio Bruno Bortolan \u00e0 C\u00e2mara \u00e9 um sinal claro de que estamos todos empenhados em trabalhar juntos para o crescimento cultural de Limeira. A colabora\u00e7\u00e3o entre as institui\u00e7\u00f5es \u00e9 essencial para o sucesso de projetos que beneficiem a comunidade&#8221;, destacou Ferreira.<\/p><p>Durante a visita, Bortolan ressaltou a import\u00e2ncia da colabora\u00e7\u00e3o m\u00fatua entre os dois poderes, destacando a relev\u00e2ncia da aproxima\u00e7\u00e3o com a C\u00e2mara, especialmente por meio da Escola Legislativa. &#8220;A reuni\u00e3o foi bastante produtiva, discutimos a parceria com a Comiss\u00e3o de Educa\u00e7\u00e3o e Cultura, e como podemos trabalhar juntos para criar iniciativas culturais que atendam \u00e0s necessidades da popula\u00e7\u00e3o limeirense&#8221;, afirmou o secret\u00e1rio.<\/p><p>Al\u00e9m disso, o secret\u00e1rio destacou o compromisso da Secretaria de Cultura com o apoio aos conselhos municipais relacionados \u00e0 cultura, como o Conselho de Cultura, o Comicin e o Condephali, que frequentemente mant\u00eam di\u00e1logo com o Legislativo.<\/p><p>Bruno Bortolan, que assumiu recentemente a Secretaria de Cultura de Limeira, \u00e9 administrador formado pela FGV-EAESP e tem especializa\u00e7\u00f5es em \u00e1reas como Comunica\u00e7\u00e3o e Administra\u00e7\u00e3o P\u00fablica, com passagens por institui\u00e7\u00f5es de renome como Harvard. Bruno Bortolan tamb\u00e9m foi vereador e secret\u00e1rio municipal em Limeira.<\/p><p><i>Do Gabinete da Presid\u00eancia<\/i><\/p><p><i>*Fotos do Gabinete da Presid\u00eancia<\/i><\/p><p><strong>As mat\u00e9rias de origem dos Gabinetes s\u00e3o de inteira responsabilidade de suas assessorias.<\/strong><\/p><p>\u00a0<\/p>\t\t\t\t<\/div>\r\n<br>\r\n<br><a href=\"https:\/\/www.limeira.sp.leg.br\/noticias\/view\/2025-07-08_novo-secretario-de-cultura-bruno-bortolan-visita-a-camara\" rel=\"noopener\">Informa\u00e7\u00f5es CML <\/a>","protected":false},"excerpt":{"rendered":"<p>O presidente da C\u00e2mara Municipal, vereador Everton Ferreira (PSD), recebeu nesta segunda-feira, 7 de julho, o novo Secret\u00e1rio de Cultura de Limeira, Bruno Bortolan. O encontro, de car\u00e1ter institucional, teve como principal objetivo fortalecer a parceria entre o Legislativo e a Secretaria de Cultura, al\u00e9m de discutir a possibilidade de projetos conjuntos que visem o [&hellip;]<\/p>\n","protected":false},"author":1,"featured_media":38338,"comment_status":"open","ping_status":"open","sticky":false,"template":"","format":"standard","meta":{"_jetpack_newsletter_access":"","_jetpack_dont_email_post_to_subs":false,"_jetpack_newsletter_tier_id":0,"_jetpack_memberships_contains_paywalled_content":false,"_mbp_banners":[],"_jetpack_feature_clip_id":0,"_jetpack_memberships_contains_paid_content":false,"footnotes":"","jetpack_publicize_message":"","jetpack_publicize_feature_enabled":true,"jetpack_social_post_already_shared":true,"jetpack_social_options":{"image_generator_settings":{"template":"highway","default_image_id":0,"font":"","enabled":false},"version":2},"jetpack_post_was_ever_published":false},"categories":[19],"tags":[],"class_list":["post-38339","post","type-post","status-publish","format-standard","has-post-thumbnail","category-politica"],"jetpack_publicize_connections":[],"jetpack-related-posts":[],"jetpack_shortlink":"https:\/\/wp.me\/p7Eq1F-9Yn","jetpack_sharing_enabled":true,"jetpack_featured_media_url":"https:\/\/i0.wp.com\/guialimeira.com.br\/news\/wp-content\/uploads\/2025\/07\/Novo-secretario-de-Cultura-Bruno-Bortolan-visita-a-Camara.jpg?fit=1280%2C640&ssl=1","_links":{"self":[{"href":"https:\/\/guialimeira.com.br\/news\/wp-json\/wp\/v2\/posts\/38339","targetHints":{"allow":["GET"]}}],"collection":[{"href":"https:\/\/guialimeira.com.br\/news\/wp-json\/wp\/v2\/posts"}],"about":[{"href":"https:\/\/guialimeira.com.br\/news\/wp-json\/wp\/v2\/types\/post"}],"author":[{"embeddable":true,"href":"https:\/\/guialimeira.com.br\/news\/wp-json\/wp\/v2\/users\/1"}],"replies":[{"embeddable":true,"href":"https:\/\/guialimeira.com.br\/news\/wp-json\/wp\/v2\/comments?post=38339"}],"version-history":[{"count":1,"href":"https:\/\/guialimeira.com.br\/news\/wp-json\/wp\/v2\/posts\/38339\/revisions"}],"predecessor-version":[{"id":38340,"href":"https:\/\/guialimeira.com.br\/news\/wp-json\/wp\/v2\/posts\/38339\/revisions\/38340"}],"wp:featuredmedia":[{"embeddable":true,"href":"https:\/\/guialimeira.com.br\/news\/wp-json\/wp\/v2\/media\/38338"}],"wp:attachment":[{"href":"https:\/\/guialimeira.com.br\/news\/wp-json\/wp\/v2\/media?parent=38339"}],"wp:term":[{"taxonomy":"category","embeddable":true,"href":"https:\/\/guialimeira.com.br\/news\/wp-json\/wp\/v2\/categories?post=38339"},{"taxonomy":"post_tag","embeddable":true,"href":"https:\/\/guialimeira.com.br\/news\/wp-json\/wp\/v2\/tags?post=38339"}],"curies":[{"name":"wp","href":"https:\/\/api.w.org\/{rel}","templated":true}]}}