{"id":38330,"date":"2025-07-08T15:38:00","date_gmt":"2025-07-08T18:38:00","guid":{"rendered":"https:\/\/guialimeira.com.br\/?p=38330"},"modified":"2025-07-08T15:38:00","modified_gmt":"2025-07-08T18:38:00","slug":"esporte-adaptado-comissao-visita-associacao-integrada-de-deficientes-e-amigos","status":"publish","type":"post","link":"https:\/\/guialimeira.com.br\/news\/esporte-adaptado-comissao-visita-associacao-integrada-de-deficientes-e-amigos\/","title":{"rendered":"Esporte adaptado: Comiss\u00e3o visita Associa\u00e7\u00e3o Integrada de Deficientes e Amigos"},"content":{"rendered":"\n<figure class=\"wp-block-gallery has-nested-images columns-default is-cropped wp-block-gallery-1 is-layout-flex wp-block-gallery-is-layout-flex\"><\/figure>\n \r\n<br><img data-recalc-dims=\"1\" decoding=\"async\" src=\"https:\/\/i0.wp.com\/guialimeira.com.br\/wp-content\/uploads\/2025\/07\/Esporte-adaptado-Comissao-visita-Associacao-Integrada-de-Deficientes-e-Amigos.jpg?w=696&#038;ssl=1\" \/><br><div>\n\t\t\t\t\t<p>A Comiss\u00e3o Permanente de Esporte, Cultura e Turismo visitou a Associa\u00e7\u00e3o Integrada de Deficientes e Amigos (Ainda) nesta ter\u00e7a-feira, 7 de julho. O objetivo foi conhecer o projeto esportivo da entidade, que oferece atividades de atletismo e t\u00eanis para pessoas com defici\u00eancia (PCDs). Os recursos s\u00e3o do<a href=\"https:\/\/ecrie.com.br\/sistema\/conteudos\/arquivo\/a_137_3_2_21092024105653.pdf\" rel=\"noopener\"> chamamento p\u00fablico de 2024<\/a>.\u00a0\u00a0\u00a0<\/p><p>Participaram da visita os vereadores Guilherme Guido (PL), presidente; Costa Junior (Podemos), vice-presidente; e Waguinho da Santa Luzia (PP), secret\u00e1rio. Eles foram recebidos pela gerente da Ainda, Kedima Silva e pela assistente social Gislaine Pereira.\u00a0\u00a0\u00a0\u00a0\u00a0\u00a0\u00a0\u00a0\u00a0\u00a0\u00a0\u00a0\u00a0\u00a0\u00a0\u00a0\u00a0\u00a0\u00a0\u00a0\u00a0\u00a0\u00a0\u00a0\u00a0\u00a0\u00a0<\/p><p>Homens e mulheres, jovens, adultos e idosos, participam dos projetos esportivos da Associa\u00e7\u00e3o Integrada de Deficientes e Amigos. Em m\u00e9dia, 46 pessoas s\u00e3o atendidas hoje em atividades de atletismo e de t\u00eanis. Os alunos s\u00e3o acompanhados por profissionais de educa\u00e7\u00e3o f\u00edsica.<\/p><p>Conforme plano de trabalho da entidade, essas a\u00e7\u00f5es t\u00eam como objetivo alcan\u00e7ar PCDs em situa\u00e7\u00e3o de vulnerabilidade social com aulas adaptadas, para contribuir com processos de socializa\u00e7\u00e3o, inclus\u00e3o e integra\u00e7\u00e3o social e competi\u00e7\u00f5es, bem como na melhoria de aspectos f\u00edsicos como for\u00e7a, agilidade e coordena\u00e7\u00e3o motora.<\/p><p><a href=\"https:\/\/www.limeira.sp.leg.br\/noticias\/view\/2025-06-26_comissao-debate-com-entidades-aprimoramentos-nos-chamamentos-publicos-para-projetos-esportivos\" rel=\"noopener\">No dia 26 de junho<\/a>, a Comiss\u00e3o debateu mudan\u00e7as nas regras e democratiza\u00e7\u00e3o das atividades oferecidas por meio dos editais. Kedima refor\u00e7ou a import\u00e2ncia de manter os projetos de atletismo e t\u00eanis adaptados no edital de chamamento de 2025. Tamb\u00e9m salientou que os alunos atendidos pela entidade pedem que sejam oferecidas aulas de xadrez. O colegiado informou que vai encaminhar \u00e0 Prefeitura a demanda por inclus\u00e3o dessa modalidade para PCDs.\u00a0\u00a0<\/p><p><strong>Transporte<\/strong><\/p><p>Uma das dificuldades apontadas aos vereadores foi em rela\u00e7\u00e3o ao deslocamento dos alunos. Eles dependem do sistema porta a porta do transporte coletivo de Limeira. S\u00e3o quatro ve\u00edculos dispon\u00edveis, contudo a demanda \u00e9 maior e o projeto poderia atender mais pessoas se houvesse disponibilidade de mais transporte.<\/p><p>O servi\u00e7o \u00e9 assegurado por lei (N\u00ba 6169\/2019), para que a pessoa com defici\u00eancia tenha acesso ao transporte especial gratuito, bem como de seu acompanhante. O porta a porta busca o cidad\u00e3o no local de origem e leva-o ao destino e o traz de volta.\u00a0\u00a0<\/p>\t\t\t\t<\/div>\r\n<br>\r\n<br><a href=\"https:\/\/www.limeira.sp.leg.br\/noticias\/view\/2025-07-08_esporte-adaptado-comissao-visita-associacao-integrada-de-deficientes-e-amigos\" rel=\"noopener\">Informa\u00e7\u00f5es CML <\/a>","protected":false},"excerpt":{"rendered":"<p>A Comiss\u00e3o Permanente de Esporte, Cultura e Turismo visitou a Associa\u00e7\u00e3o Integrada de Deficientes e Amigos (Ainda) nesta ter\u00e7a-feira, 7 de julho. O objetivo foi conhecer o projeto esportivo da entidade, que oferece atividades de atletismo e t\u00eanis para pessoas com defici\u00eancia (PCDs). Os recursos s\u00e3o do chamamento p\u00fablico de 2024.\u00a0\u00a0\u00a0 Participaram da visita os [&hellip;]<\/p>\n","protected":false},"author":1,"featured_media":38329,"comment_status":"open","ping_status":"open","sticky":false,"template":"","format":"standard","meta":{"_jetpack_newsletter_access":"","_jetpack_dont_email_post_to_subs":false,"_jetpack_newsletter_tier_id":0,"_jetpack_memberships_contains_paywalled_content":false,"_mbp_banners":[],"_jetpack_feature_clip_id":0,"_jetpack_memberships_contains_paid_content":false,"footnotes":"","jetpack_publicize_message":"","jetpack_publicize_feature_enabled":true,"jetpack_social_post_already_shared":true,"jetpack_social_options":{"image_generator_settings":{"template":"highway","default_image_id":0,"font":"","enabled":false},"version":2},"jetpack_post_was_ever_published":false},"categories":[19],"tags":[],"class_list":["post-38330","post","type-post","status-publish","format-standard","has-post-thumbnail","category-politica"],"jetpack_publicize_connections":[],"jetpack-related-posts":[],"jetpack_shortlink":"https:\/\/wp.me\/p7Eq1F-9Ye","jetpack_sharing_enabled":true,"jetpack_featured_media_url":"https:\/\/i0.wp.com\/guialimeira.com.br\/news\/wp-content\/uploads\/2025\/07\/Esporte-adaptado-Comissao-visita-Associacao-Integrada-de-Deficientes-e-Amigos.jpg?fit=1280%2C640&ssl=1","_links":{"self":[{"href":"https:\/\/guialimeira.com.br\/news\/wp-json\/wp\/v2\/posts\/38330","targetHints":{"allow":["GET"]}}],"collection":[{"href":"https:\/\/guialimeira.com.br\/news\/wp-json\/wp\/v2\/posts"}],"about":[{"href":"https:\/\/guialimeira.com.br\/news\/wp-json\/wp\/v2\/types\/post"}],"author":[{"embeddable":true,"href":"https:\/\/guialimeira.com.br\/news\/wp-json\/wp\/v2\/users\/1"}],"replies":[{"embeddable":true,"href":"https:\/\/guialimeira.com.br\/news\/wp-json\/wp\/v2\/comments?post=38330"}],"version-history":[{"count":1,"href":"https:\/\/guialimeira.com.br\/news\/wp-json\/wp\/v2\/posts\/38330\/revisions"}],"predecessor-version":[{"id":38331,"href":"https:\/\/guialimeira.com.br\/news\/wp-json\/wp\/v2\/posts\/38330\/revisions\/38331"}],"wp:featuredmedia":[{"embeddable":true,"href":"https:\/\/guialimeira.com.br\/news\/wp-json\/wp\/v2\/media\/38329"}],"wp:attachment":[{"href":"https:\/\/guialimeira.com.br\/news\/wp-json\/wp\/v2\/media?parent=38330"}],"wp:term":[{"taxonomy":"category","embeddable":true,"href":"https:\/\/guialimeira.com.br\/news\/wp-json\/wp\/v2\/categories?post=38330"},{"taxonomy":"post_tag","embeddable":true,"href":"https:\/\/guialimeira.com.br\/news\/wp-json\/wp\/v2\/tags?post=38330"}],"curies":[{"name":"wp","href":"https:\/\/api.w.org\/{rel}","templated":true}]}}