{"id":38323,"date":"2025-07-08T14:36:52","date_gmt":"2025-07-08T17:36:52","guid":{"rendered":"https:\/\/guialimeira.com.br\/?p=38323"},"modified":"2025-07-08T14:36:52","modified_gmt":"2025-07-08T17:36:52","slug":"vereadoras-propoem-salas-de-atendimento-humanizado-para-mulheres-vitimas-de-violencia","status":"publish","type":"post","link":"https:\/\/guialimeira.com.br\/news\/vereadoras-propoem-salas-de-atendimento-humanizado-para-mulheres-vitimas-de-violencia\/","title":{"rendered":"Vereadoras prop\u00f5em salas de atendimento humanizado para mulheres v\u00edtimas de viol\u00eancia"},"content":{"rendered":"\n<figure class=\"wp-block-gallery has-nested-images columns-default is-cropped wp-block-gallery-1 is-layout-flex wp-block-gallery-is-layout-flex\"><\/figure>\n \r\n<br><img data-recalc-dims=\"1\" decoding=\"async\" src=\"https:\/\/i0.wp.com\/guialimeira.com.br\/wp-content\/uploads\/2025\/07\/Vereadoras-propoem-salas-de-atendimento-humanizado-para-mulheres-vitimas-de.j.jpeg?w=696&#038;ssl=1\" \/><br><div>\n\t\t\t\t\t<p>Foi apresentado na C\u00e2mara Municipal, no dia 7 julho, o <a href=\"https:\/\/consulta.limeira.sp.leg.br\/Documentos\/Documento\/385758\" rel=\"noopener\">Projeto de Lei N\u00ba 174\/2025<\/a> que assegura a disponibiliza\u00e7\u00e3o de salas de Atendimento Humanizado da Patrulha Maria da Penha nos polos da Guarda Civil Municipal (GCM) de Limeira. A proposta \u00e9 de autoria das vereadoras Bruna Magalh\u00e3es (PRTB) e Mariana Calsa (MDB). O objetivo \u00e9 garantir acolhimento digno, seguro e humanizado para mulheres v\u00edtimas de viol\u00eancia.\u00a0\u00a0\u00a0<\/p><p>O projeto estabelece diretrizes para o funcionamento desses espa\u00e7os, que dever\u00e3o contar com ambiente acolhedor, atendimento especializado e sigiloso, profissionais capacitados, preferencialmente mulheres, e encaminhamento das v\u00edtimas \u00e0 rede de apoio, como unidades de sa\u00fade, casas de acolhimento, delegacias especializadas e centros de refer\u00eancia.<\/p><p>Al\u00e9m do atendimento direto, a proposta tamb\u00e9m contempla a\u00e7\u00f5es de preven\u00e7\u00e3o \u00e0 viol\u00eancia, promo\u00e7\u00e3o da igualdade de g\u00eanero e fortalecimento da autonomia feminina, al\u00e9m de melhorias na infraestrutura da Patrulha Maria da Penha, garantindo a seguran\u00e7a no registro e guarda de dados sens\u00edveis.<\/p><p><strong>Alinhamento<\/strong><\/p><p>A formaliza\u00e7\u00e3o do projeto \u00e9 resultado de di\u00e1logo e alinhamento entre representantes da seguran\u00e7a p\u00fablica e da \u00e1rea de pol\u00edticas para as mulheres. Na segunda-feira, 7 de julho, debateram sobre o tema Marina Alencar, coordenadora de Pol\u00edticas para as Mulheres; Nelson Correia , representante da Guarda Civil Municipal (GCM); al\u00e9m da vereadora Mariana Calsa, que assina juntamente a proposta legislativa.<\/p><p>Segundo Bruna Magalh\u00e3es, a reuni\u00e3o permitiu a integra\u00e7\u00e3o entre o Poder Legislativo, a GCM e a Coordenadoria da Mulher, fortalecendo a atua\u00e7\u00e3o da rede de prote\u00e7\u00e3o e garantindo a efetividade da proposta.<\/p><p><strong>Dignidade e igualdade\u00a0<\/strong><\/p><p>Na justificativa ao projeto, as parlamentares defenderam ainda que a proposta est\u00e1 amparada nos princ\u00edpios constitucionais da dignidade da pessoa humana e da igualdade de g\u00eanero, al\u00e9m da <a href=\"https:\/\/www.planalto.gov.br\/ccivil_03\/_ato2004-2006\/2006\/lei\/l11340.htm\" rel=\"noopener\">Lei Maria da Penha Lei N\u00ba 11.340\/2006<\/a>, que estabelece a responsabilidade do poder p\u00fablico municipal na preven\u00e7\u00e3o e combate \u00e0 viol\u00eancia dom\u00e9stica. Tamb\u00e9m se apoia na <a href=\"https:\/\/www.planalto.gov.br\/ccivil_03\/_ato2015-2018\/2017\/lei\/l13431.htm\" rel=\"noopener\">Lei Federal N\u00ba 13.431\/2017<\/a>, que orienta a cria\u00e7\u00e3o de espa\u00e7os adequados para atendimento humanizado, e na <a href=\"https:\/\/www.planalto.gov.br\/ccivil_03\/_ato2015-2018\/2018\/lei\/L13675.htm\" rel=\"noopener\">Lei N\u00ba 13.675\/2018<\/a>, que trata do Sistema \u00danico de Seguran\u00e7a P\u00fablica (SUSP).<\/p><p>\u201cAs salas de atendimento humanizado \u2018Espa\u00e7o Guardi\u00e3o\u2019 representar\u00e3o avan\u00e7o institucional concreto na estrutura de atendimento \u00e0s mulheres v\u00edtimas de viol\u00eancia no Munic\u00edpio de Limeira, oferecendo acolhimento qualificado, escuta ativa, respeito \u00e0 dignidade da pessoa humana e integra\u00e7\u00e3o com a rede de apoio existente\u201d, argumentaram as proponentes.<\/p><p><i>Do Gabinete Parlamentar &#8211; Vereadora Bruna Magalh\u00e3es (PRTB)<\/i><\/p><p><strong>As mat\u00e9rias de origem dos Gabinetes Parlamentares s\u00e3o de inteira\u00a0 responsabilidade dos parlamentares e de suas assessorias. S\u00e3o devidamente assinadas e n\u00e3o refletem, necessariamente, a opini\u00e3o institucional da C\u00e2mara Municipal de Limeira.<\/strong><\/p>\t\t\t\t<\/div>\r\n<br>\r\n<br><a href=\"https:\/\/www.limeira.sp.leg.br\/noticias\/view\/2025-07-08_vereadoras-propoem-salas-de-atendimento-humanizado-para-mulheres-vitimas-de-violencia\" rel=\"noopener\">Informa\u00e7\u00f5es CML <\/a>","protected":false},"excerpt":{"rendered":"<p>Foi apresentado na C\u00e2mara Municipal, no dia 7 julho, o Projeto de Lei N\u00ba 174\/2025 que assegura a disponibiliza\u00e7\u00e3o de salas de Atendimento Humanizado da Patrulha Maria da Penha nos polos da Guarda Civil Municipal (GCM) de Limeira. A proposta \u00e9 de autoria das vereadoras Bruna Magalh\u00e3es (PRTB) e Mariana Calsa (MDB). O objetivo \u00e9 [&hellip;]<\/p>\n","protected":false},"author":1,"featured_media":38324,"comment_status":"open","ping_status":"open","sticky":false,"template":"","format":"standard","meta":{"_jetpack_newsletter_access":"","_jetpack_dont_email_post_to_subs":false,"_jetpack_newsletter_tier_id":0,"_jetpack_memberships_contains_paywalled_content":false,"_mbp_banners":[],"_jetpack_feature_clip_id":0,"_jetpack_memberships_contains_paid_content":false,"footnotes":"","jetpack_publicize_message":"","jetpack_publicize_feature_enabled":true,"jetpack_social_post_already_shared":true,"jetpack_social_options":{"image_generator_settings":{"template":"highway","default_image_id":0,"font":"","enabled":false},"version":2},"jetpack_post_was_ever_published":false},"categories":[19],"tags":[],"class_list":["post-38323","post","type-post","status-publish","format-standard","has-post-thumbnail","category-politica"],"jetpack_publicize_connections":[],"jetpack-related-posts":[],"jetpack_shortlink":"https:\/\/wp.me\/p7Eq1F-9Y7","jetpack_sharing_enabled":true,"jetpack_featured_media_url":"https:\/\/i0.wp.com\/guialimeira.com.br\/news\/wp-content\/uploads\/2025\/07\/Vereadoras-propoem-salas-de-atendimento-humanizado-para-mulheres-vitimas-de.jpeg?fit=1280%2C640&ssl=1","_links":{"self":[{"href":"https:\/\/guialimeira.com.br\/news\/wp-json\/wp\/v2\/posts\/38323","targetHints":{"allow":["GET"]}}],"collection":[{"href":"https:\/\/guialimeira.com.br\/news\/wp-json\/wp\/v2\/posts"}],"about":[{"href":"https:\/\/guialimeira.com.br\/news\/wp-json\/wp\/v2\/types\/post"}],"author":[{"embeddable":true,"href":"https:\/\/guialimeira.com.br\/news\/wp-json\/wp\/v2\/users\/1"}],"replies":[{"embeddable":true,"href":"https:\/\/guialimeira.com.br\/news\/wp-json\/wp\/v2\/comments?post=38323"}],"version-history":[{"count":1,"href":"https:\/\/guialimeira.com.br\/news\/wp-json\/wp\/v2\/posts\/38323\/revisions"}],"predecessor-version":[{"id":38325,"href":"https:\/\/guialimeira.com.br\/news\/wp-json\/wp\/v2\/posts\/38323\/revisions\/38325"}],"wp:featuredmedia":[{"embeddable":true,"href":"https:\/\/guialimeira.com.br\/news\/wp-json\/wp\/v2\/media\/38324"}],"wp:attachment":[{"href":"https:\/\/guialimeira.com.br\/news\/wp-json\/wp\/v2\/media?parent=38323"}],"wp:term":[{"taxonomy":"category","embeddable":true,"href":"https:\/\/guialimeira.com.br\/news\/wp-json\/wp\/v2\/categories?post=38323"},{"taxonomy":"post_tag","embeddable":true,"href":"https:\/\/guialimeira.com.br\/news\/wp-json\/wp\/v2\/tags?post=38323"}],"curies":[{"name":"wp","href":"https:\/\/api.w.org\/{rel}","templated":true}]}}