{"id":38320,"date":"2025-07-08T13:35:51","date_gmt":"2025-07-08T16:35:51","guid":{"rendered":"https:\/\/guialimeira.com.br\/?p=38320"},"modified":"2025-07-08T13:35:51","modified_gmt":"2025-07-08T16:35:51","slug":"felipe-penedo-propoe-diretrizes-para-padronizacao-de-postes-em-vias-publicas","status":"publish","type":"post","link":"https:\/\/guialimeira.com.br\/news\/felipe-penedo-propoe-diretrizes-para-padronizacao-de-postes-em-vias-publicas\/","title":{"rendered":"Felipe Penedo prop\u00f5e diretrizes para padroniza\u00e7\u00e3o de postes em vias p\u00fablicas"},"content":{"rendered":"\n<figure class=\"wp-block-gallery has-nested-images columns-default is-cropped wp-block-gallery-1 is-layout-flex wp-block-gallery-is-layout-flex\"><\/figure>\n \r\n<br><img data-recalc-dims=\"1\" decoding=\"async\" src=\"https:\/\/i0.wp.com\/guialimeira.com.br\/wp-content\/uploads\/2025\/07\/Felipe-Penedo-propoe-diretrizes-para-padronizacao-de-postes-em-vias.jpg?w=696&#038;ssl=1\" \/><br><div>\n\t\t\t\t\t<p>Nesta ter\u00e7a-feira, 8 de julho, o vereador Felipe Penedo (PL) apresentou o <a href=\"https:\/\/consulta.limeira.sp.leg.br\/Documentos\/Pesquisa?Pesquisa=Avancada&amp;id=79&amp;pagina=1&amp;Modulo=8&amp;Documento=0&amp;Numeracao=Documento&amp;NumeroInicial=176&amp;AnoInicial=2025&amp;DataInicial=&amp;NumeroFinal=&amp;AnoFinal=&amp;DataFinal=&amp;Situacao=0&amp;Classificacao=0&amp;TipoAutor=Todos&amp;AutoriaId=0&amp;Iniciativa=Nenhum&amp;NoTexto=false&amp;Assunto=&amp;Observacoes=\" rel=\"noopener\">Projeto de Lei N\u00b0 176\/2025<\/a> para propor diretrizes para a manuten\u00e7\u00e3o, prumo, integridade e organiza\u00e7\u00e3o dos postes de ilumina\u00e7\u00e3o, energia e telecomunica\u00e7\u00f5es no munic\u00edpio de Limeira. A finalidade \u00e9\u00a0 garantir a seguran\u00e7a, a organiza\u00e7\u00e3o urbana e a est\u00e9tica das vias p\u00fablicas, por meio da fiscaliza\u00e7\u00e3o e substitui\u00e7\u00e3o de postes em m\u00e1s condi\u00e7\u00f5es estruturais.\u00a0<\/p><p>\u201c\u00c9 not\u00e1vel em diversos bairros da cidade a presen\u00e7a de postes tortos, remendados, com bases improvisadas ou visivelmente deteriorados. Tais situa\u00e7\u00f5es colocam em risco pedestres, motoristas, ciclistas e moradores, al\u00e9m de comprometerem o paisagismo urbano e a imagem da cidade. Al\u00e9m disso, a desorganiza\u00e7\u00e3o no uso dos postes \u2014 com cabos acumulados, caixas de internet e c\u00e2meras instaladas sem padr\u00e3o \u2014 afeta diretamente a seguran\u00e7a e a mobilidade, especialmente em \u00e1reas comerciais e centrais\u201d, explicou Felipe Penedo.\u00a0<\/p><p>No texto legislativo, o parlamentar define algumas das responsabilidade da concession\u00e1ria respons\u00e1vel pela infraestrutura dos postes, como: realiza\u00e7\u00e3o de vistorias t\u00e9cnicas peri\u00f3dicas, com relat\u00f3rio fotogr\u00e1fico e plano de corre\u00e7\u00e3o; notifica\u00e7\u00e3o e fiscaliza\u00e7\u00e3o dos operadores de telecomunica\u00e7\u00f5es, seguran\u00e7a e outros terceiros que instalam cabos e equipamentos nos postes; remo\u00e7\u00e3o de postes inativos, em duplicidade ou sem fun\u00e7\u00e3o operacional; manuten\u00e7\u00e3o de postes nivelados, est\u00e1veis, \u00edntegros e visualmente padronizados, conforme normas da ABNT e diretrizes da ANEEL e ANATEL, quando aplic\u00e1veis.\u00a0<\/p><p>A substitui\u00e7\u00e3o deve ocorrer no prazo m\u00e1ximo de 60 dias ap\u00f3s notifica\u00e7\u00e3o da Prefeitura, todo e qualquer poste em desacordo com a lei proposta.\u00a0\u00a0<\/p><p>\u00c9 vedada, por exemplo, a exist\u00eancia de postes que prejudiquem a seguran\u00e7a, a livre circula\u00e7\u00e3o de pedestres, pessoas com defici\u00eancia ou mobilidade reduzida, seguran\u00e7a de cruzamentos, cal\u00e7adas, ciclovias ou faixas de travessia, est\u00e9tica urbana, por meio de padr\u00f5es inadequados ou contrastantes com o ambiente urbano consolidado.<\/p><p>Pela propositura, qualquer cidad\u00e3o poder\u00e1 comunicar irregularidades em postes \u00e0<\/p><p>Prefeitura, mediante envio de fotografia e localiza\u00e7\u00e3o aproximada. A comunica\u00e7\u00e3o poder\u00e1 ocorrer por meio da Ouvidoria Municipal, aplicativo digital oficial, protocolo eletr\u00f4nico ou qualquer outro meio regulamentado.<\/p><p>\u201cEsta lei se fundamenta na compet\u00eancia municipal prevista no art. 30 da Constitui\u00e7\u00e3o Federal, que assegura aos munic\u00edpios o poder de legislar sobre assuntos de interesse local, bem como organizar e manter os servi\u00e7os p\u00fablicos e o uso adequado do solo urbano\u201d, justificou o proponente.\u00a0<\/p><p>O descumprimento das obriga\u00e7\u00f5es estabelecidas pelo projeto sujeita a concession\u00e1ria a penalidades como advert\u00eancia formal, com prazo de corre\u00e7\u00e3o de at\u00e9 30 dias; multa de 140 Unidades Fiscais do Estado de S\u00e3o Paulo (UFESPs) por poste irregular, dobrada em caso de reincid\u00eancia; obriga\u00e7\u00e3o de indenizar danos materiais ou pessoais decorrentes de neglig\u00eancia na manuten\u00e7\u00e3o do equipamento.<\/p><p>O cidad\u00e3o poder\u00e1 comunicar as irregularidades em postes \u00e0 Prefeitura, por meio da Ouvidoria Municipal, aplicativo digital oficial, protocolo eletr\u00f4nico ou qualquer outro meio regulamentado, mediante envio de fotografia e localiza\u00e7\u00e3o aproximada.<\/p><p><i>Do Gabinete Parlamentar \u2013 Vereador Felipe Penedo\u00a0 (PL)<\/i><\/p><p><i>*Fotos do Gabinete parlamentar<\/i><\/p><p><strong>As mat\u00e9rias de origem dos Gabinetes Parlamentares s\u00e3o de inteira\u00a0 responsabilidade dos parlamentares e de suas assessorias. S\u00e3o devidamente<\/strong><\/p>\t\t\t\t<\/div>\r\n<br>\r\n<br><a href=\"https:\/\/www.limeira.sp.leg.br\/noticias\/view\/2025-07-08_felipe-penedo-propoe-diretrizes-para-padronizacao-de-postes-em-vias-publicas\" rel=\"noopener\">Informa\u00e7\u00f5es CML <\/a>","protected":false},"excerpt":{"rendered":"<p>Nesta ter\u00e7a-feira, 8 de julho, o vereador Felipe Penedo (PL) apresentou o Projeto de Lei N\u00b0 176\/2025 para propor diretrizes para a manuten\u00e7\u00e3o, prumo, integridade e organiza\u00e7\u00e3o dos postes de ilumina\u00e7\u00e3o, energia e telecomunica\u00e7\u00f5es no munic\u00edpio de Limeira. A finalidade \u00e9\u00a0 garantir a seguran\u00e7a, a organiza\u00e7\u00e3o urbana e a est\u00e9tica das vias p\u00fablicas, por meio [&hellip;]<\/p>\n","protected":false},"author":1,"featured_media":38319,"comment_status":"open","ping_status":"open","sticky":false,"template":"","format":"standard","meta":{"_jetpack_newsletter_access":"","_jetpack_dont_email_post_to_subs":false,"_jetpack_newsletter_tier_id":0,"_jetpack_memberships_contains_paywalled_content":false,"_mbp_banners":[],"_jetpack_feature_clip_id":0,"_jetpack_memberships_contains_paid_content":false,"footnotes":"","jetpack_publicize_message":"","jetpack_publicize_feature_enabled":true,"jetpack_social_post_already_shared":true,"jetpack_social_options":{"image_generator_settings":{"template":"highway","default_image_id":0,"font":"","enabled":false},"version":2},"jetpack_post_was_ever_published":false},"categories":[19],"tags":[],"class_list":["post-38320","post","type-post","status-publish","format-standard","has-post-thumbnail","category-politica"],"jetpack_publicize_connections":[],"jetpack-related-posts":[],"jetpack_shortlink":"https:\/\/wp.me\/p7Eq1F-9Y4","jetpack_sharing_enabled":true,"jetpack_featured_media_url":"https:\/\/i0.wp.com\/guialimeira.com.br\/news\/wp-content\/uploads\/2025\/07\/Felipe-Penedo-propoe-diretrizes-para-padronizacao-de-postes-em-vias.jpg?fit=1280%2C640&ssl=1","_links":{"self":[{"href":"https:\/\/guialimeira.com.br\/news\/wp-json\/wp\/v2\/posts\/38320","targetHints":{"allow":["GET"]}}],"collection":[{"href":"https:\/\/guialimeira.com.br\/news\/wp-json\/wp\/v2\/posts"}],"about":[{"href":"https:\/\/guialimeira.com.br\/news\/wp-json\/wp\/v2\/types\/post"}],"author":[{"embeddable":true,"href":"https:\/\/guialimeira.com.br\/news\/wp-json\/wp\/v2\/users\/1"}],"replies":[{"embeddable":true,"href":"https:\/\/guialimeira.com.br\/news\/wp-json\/wp\/v2\/comments?post=38320"}],"version-history":[{"count":1,"href":"https:\/\/guialimeira.com.br\/news\/wp-json\/wp\/v2\/posts\/38320\/revisions"}],"predecessor-version":[{"id":38321,"href":"https:\/\/guialimeira.com.br\/news\/wp-json\/wp\/v2\/posts\/38320\/revisions\/38321"}],"wp:featuredmedia":[{"embeddable":true,"href":"https:\/\/guialimeira.com.br\/news\/wp-json\/wp\/v2\/media\/38319"}],"wp:attachment":[{"href":"https:\/\/guialimeira.com.br\/news\/wp-json\/wp\/v2\/media?parent=38320"}],"wp:term":[{"taxonomy":"category","embeddable":true,"href":"https:\/\/guialimeira.com.br\/news\/wp-json\/wp\/v2\/categories?post=38320"},{"taxonomy":"post_tag","embeddable":true,"href":"https:\/\/guialimeira.com.br\/news\/wp-json\/wp\/v2\/tags?post=38320"}],"curies":[{"name":"wp","href":"https:\/\/api.w.org\/{rel}","templated":true}]}}