{"id":38317,"date":"2025-07-08T12:35:12","date_gmt":"2025-07-08T15:35:12","guid":{"rendered":"https:\/\/guialimeira.com.br\/?p=38317"},"modified":"2025-07-08T12:35:12","modified_gmt":"2025-07-08T15:35:12","slug":"camara-municipal-homenageia-jovem-enxadrista-campeao-sul-americano-com-mocao-de-reconhecimento","status":"publish","type":"post","link":"https:\/\/guialimeira.com.br\/news\/camara-municipal-homenageia-jovem-enxadrista-campeao-sul-americano-com-mocao-de-reconhecimento\/","title":{"rendered":"C\u00e2mara Municipal homenageia jovem enxadrista campe\u00e3o sul-americano com mo\u00e7\u00e3o de reconhecimento"},"content":{"rendered":"\n<figure class=\"wp-block-gallery has-nested-images columns-default is-cropped wp-block-gallery-1 is-layout-flex wp-block-gallery-is-layout-flex\"><\/figure>\n \r\n<br><img data-recalc-dims=\"1\" decoding=\"async\" src=\"https:\/\/i0.wp.com\/guialimeira.com.br\/wp-content\/uploads\/2025\/07\/Camara-Municipal-homenageia-jovem-enxadrista-campeao-sul-americano-com-mocao-de.jpeg?w=696&#038;ssl=1\" \/><br><div>\n\t\t\t\t\t<p>A C\u00e2mara Municipal nesta segunda-feira, 7 de julho, aprovou a <a href=\"https:\/\/consulta.limeira.sp.leg.br\/Documentos\/Documento\/384464\" rel=\"noopener\">Mo\u00e7\u00e3o de Reconhecimento N\u00ba 163\/2025<\/a>, de autoria do vereador M\u00e1rcio do Estacionamento (DC), em homenagem ao jovem enxadrista e Mestre Nacional Francisco Ferrari Pironti, de 17 anos. A mo\u00e7\u00e3o reconhece os resultados expressivos e a dedica\u00e7\u00e3o do atleta, que tem se destacado no cen\u00e1rio nacional e internacional do xadrez.<\/p><p>Conforme relatado na mo\u00e7\u00e3o, ap\u00f3s enfrentar uma grave doen\u00e7a aos 11 anos, Francisco n\u00e3o apenas se recuperou, mas trilhou uma trajet\u00f3ria brilhante nos tabuleiros. Atualmente, \u00e9 atleta de alto rendimento registrado na Confedera\u00e7\u00e3o Brasileira de Xadrez (CBX), que o autorizou a representar o Brasil no Torneio Sul-Americano, realizado em julho de 2024 no Peru.<\/p><p>Durante a competi\u00e7\u00e3o, o jovem enxadrista se consagrou Campe\u00e3o Sul-Americano Sub-17 na modalidade de partidas r\u00e1pidas. Entre os dias 28 de outubro e 10 de novembro, participou do prestigiado FIDE World Chess Championship (Campeonato Mundial de Xadrez da Federa\u00e7\u00e3o Internacional de Xadrez), onde obteve a segunda coloca\u00e7\u00e3o entre os brasileiros, al\u00e9m de acumular vit\u00f3rias expressivas.<\/p><p>Francisco j\u00e1 foi campe\u00e3o paulista da Copa Franco Montouro por equipes, campe\u00e3o Paulistano JEESP, campe\u00e3o geral do torneio Solid\u00e1rio, sendo o mais jovem a conquistar o t\u00edtulo duas vezes, e vencedor do Jundia\u00ed Chess Open. No Araraquara Chess Open, que contou com a presen\u00e7a de grandes mestres nacionais e internacionais, seu desempenho foi considerado um verdadeiro fen\u00f4meno, alcan\u00e7ando uma m\u00e9dia de rating de 2345.<\/p><p>Al\u00e9m dos t\u00edtulos, a Mo\u00e7\u00e3o destaca o papel transformador do xadrez, que vai al\u00e9m do esporte e atua como ferramenta de desenvolvimento intelectual, social e at\u00e9 econ\u00f4mico. Francisco \u00e9 reconhecido como um verdadeiro embaixador dessa proposta, promovendo os benef\u00edcios da modalidade e inspirando jovens de todo o pa\u00eds.<\/p><p><i>Do Gabinete Parlamentar \u2013 Vereador\u00a0 M\u00e1rcio dos Santos Vidal (DC)<\/i><\/p><p><i>*Fotos do Gabinete parlamentar<\/i><\/p><p><strong>As mat\u00e9rias de origem dos Gabinetes Parlamentares s\u00e3o de inteira\u00a0 responsabilidade dos parlamentares e de suas assessorias. S\u00e3o devidamente assinadas e n\u00e3o refletem, necessariamente, a opini\u00e3o institucional da C\u00e2mara Municipal de Limeira.<\/strong><\/p>\t\t\t\t<\/div>\r\n<br>\r\n<br><a href=\"https:\/\/www.limeira.sp.leg.br\/noticias\/view\/2025-07-08_camara-municipal-homenageia-jovem-enxadrista-campeao-sulamericano-com-mocao-de-reconhecimento\" rel=\"noopener\">Informa\u00e7\u00f5es CML <\/a>","protected":false},"excerpt":{"rendered":"<p>A C\u00e2mara Municipal nesta segunda-feira, 7 de julho, aprovou a Mo\u00e7\u00e3o de Reconhecimento N\u00ba 163\/2025, de autoria do vereador M\u00e1rcio do Estacionamento (DC), em homenagem ao jovem enxadrista e Mestre Nacional Francisco Ferrari Pironti, de 17 anos. A mo\u00e7\u00e3o reconhece os resultados expressivos e a dedica\u00e7\u00e3o do atleta, que tem se destacado no cen\u00e1rio nacional [&hellip;]<\/p>\n","protected":false},"author":1,"featured_media":38316,"comment_status":"open","ping_status":"open","sticky":false,"template":"","format":"standard","meta":{"_jetpack_newsletter_access":"","_jetpack_dont_email_post_to_subs":false,"_jetpack_newsletter_tier_id":0,"_jetpack_memberships_contains_paywalled_content":false,"_mbp_banners":[],"_jetpack_feature_clip_id":0,"_jetpack_memberships_contains_paid_content":false,"footnotes":"","jetpack_publicize_message":"","jetpack_publicize_feature_enabled":true,"jetpack_social_post_already_shared":true,"jetpack_social_options":{"image_generator_settings":{"template":"highway","default_image_id":0,"font":"","enabled":false},"version":2},"jetpack_post_was_ever_published":false},"categories":[19],"tags":[],"class_list":["post-38317","post","type-post","status-publish","format-standard","has-post-thumbnail","category-politica"],"jetpack_publicize_connections":[],"jetpack-related-posts":[],"jetpack_shortlink":"https:\/\/wp.me\/p7Eq1F-9Y1","jetpack_sharing_enabled":true,"jetpack_featured_media_url":"https:\/\/i0.wp.com\/guialimeira.com.br\/news\/wp-content\/uploads\/2025\/07\/Camara-Municipal-homenageia-jovem-enxadrista-campeao-sul-americano-com-mocao-de.jpeg?fit=1280%2C640&ssl=1","_links":{"self":[{"href":"https:\/\/guialimeira.com.br\/news\/wp-json\/wp\/v2\/posts\/38317","targetHints":{"allow":["GET"]}}],"collection":[{"href":"https:\/\/guialimeira.com.br\/news\/wp-json\/wp\/v2\/posts"}],"about":[{"href":"https:\/\/guialimeira.com.br\/news\/wp-json\/wp\/v2\/types\/post"}],"author":[{"embeddable":true,"href":"https:\/\/guialimeira.com.br\/news\/wp-json\/wp\/v2\/users\/1"}],"replies":[{"embeddable":true,"href":"https:\/\/guialimeira.com.br\/news\/wp-json\/wp\/v2\/comments?post=38317"}],"version-history":[{"count":1,"href":"https:\/\/guialimeira.com.br\/news\/wp-json\/wp\/v2\/posts\/38317\/revisions"}],"predecessor-version":[{"id":38318,"href":"https:\/\/guialimeira.com.br\/news\/wp-json\/wp\/v2\/posts\/38317\/revisions\/38318"}],"wp:featuredmedia":[{"embeddable":true,"href":"https:\/\/guialimeira.com.br\/news\/wp-json\/wp\/v2\/media\/38316"}],"wp:attachment":[{"href":"https:\/\/guialimeira.com.br\/news\/wp-json\/wp\/v2\/media?parent=38317"}],"wp:term":[{"taxonomy":"category","embeddable":true,"href":"https:\/\/guialimeira.com.br\/news\/wp-json\/wp\/v2\/categories?post=38317"},{"taxonomy":"post_tag","embeddable":true,"href":"https:\/\/guialimeira.com.br\/news\/wp-json\/wp\/v2\/tags?post=38317"}],"curies":[{"name":"wp","href":"https:\/\/api.w.org\/{rel}","templated":true}]}}