{"id":38311,"date":"2025-07-08T11:33:46","date_gmt":"2025-07-08T14:33:46","guid":{"rendered":"https:\/\/guialimeira.com.br\/?p=38311"},"modified":"2025-07-08T11:33:46","modified_gmt":"2025-07-08T14:33:46","slug":"camara-municipal-aprova-mocao-de-congratulacoes-a-igreja-presbiteriana-maanaim","status":"publish","type":"post","link":"https:\/\/guialimeira.com.br\/news\/camara-municipal-aprova-mocao-de-congratulacoes-a-igreja-presbiteriana-maanaim\/","title":{"rendered":"C\u00e2mara Municipal aprova mo\u00e7\u00e3o de congratula\u00e7\u00f5es \u00e0 Igreja Presbiteriana Maanaim"},"content":{"rendered":"\n<figure class=\"wp-block-gallery has-nested-images columns-default is-cropped wp-block-gallery-1 is-layout-flex wp-block-gallery-is-layout-flex\"><\/figure>\n \r\n<br><img data-recalc-dims=\"1\" decoding=\"async\" src=\"https:\/\/i0.wp.com\/guialimeira.com.br\/wp-content\/uploads\/2025\/07\/Camara-Municipal-aprova-mocao-de-congratulacoes-a-Igreja-Presbiteriana-Maanaim.jpg?w=696&#038;ssl=1\" \/><br><div>\n\t\t\t\t\t<p>A C\u00e2mara Municipal de Limeira aprovou, durante sess\u00e3o realizada no dia 8 de julho, a <a href=\"https:\/\/consulta.limeira.sp.leg.br\/Documentos\/Documento\/385352\" rel=\"noopener\">Mo\u00e7\u00e3o de Congratula\u00e7\u00f5es N\u00ba 170\/2025<\/a>, \u00e0 Igreja Presbiteriana Maanaim, em reconhecimento aos 25 anos de sua funda\u00e7\u00e3o e relevante atua\u00e7\u00e3o espiritual e social no munic\u00edpio. A iniciativa \u00e9 de autoria do vereador Felipe Penedo (PL).<\/p><p>Organizada em 9 de julho de 2000, a Igreja Presbiteriana Maanaim est\u00e1 localizada no bairro Belinha Ometto e integra o Presbit\u00e9rio e o S\u00ednodo de Limeira, sendo oficialmente vinculada \u00e0 Igreja Presbiteriana do Brasil. A mo\u00e7\u00e3o destaca o papel da igreja na forma\u00e7\u00e3o espiritual e moral de seus membros, assim como nas a\u00e7\u00f5es sociais que buscam atender \u00e0s necessidades dos mais vulner\u00e1veis. Sua trajet\u00f3ria tem sido marcada por princ\u00edpios como a solidariedade, o amor ao pr\u00f3ximo e o compromisso com a f\u00e9 crist\u00e3.<\/p><p>Com o lema \u201cEben\u00e9zer: At\u00e9 aqui nos ajudou o Senhor\u201d, a Igreja Presbiteriana Maanaim celebra seu jubileu de prata como um s\u00edmbolo de perseveran\u00e7a e transforma\u00e7\u00e3o, irradiando f\u00e9, esperan\u00e7a e servi\u00e7o \u00e0 cidade de Limeira.\u00a0<\/p><p><i>Do Gabinete Parlamentar \u2013 Vereador Felipe Penedo\u00a0 (PL)<\/i><\/p><p><i>*Fotos do Gabinete parlamentar<\/i><\/p><p><strong>As mat\u00e9rias de origem dos Gabinetes Parlamentares s\u00e3o de inteira\u00a0 responsabilidade dos parlamentares e de suas assessorias. S\u00e3o devidamente assinadas e n\u00e3o refletem, necessariamente, a opini\u00e3o institucional da C\u00e2mara Municipal de Limeira.<\/strong><\/p>\t\t\t\t<\/div>\r\n<br>\r\n<br><a href=\"https:\/\/www.limeira.sp.leg.br\/noticias\/view\/2025-07-08_camara-municipal-aprova-mocao-de-congratulacoes-a-igreja-presbiteriana-maanaim\" rel=\"noopener\">Informa\u00e7\u00f5es CML <\/a>","protected":false},"excerpt":{"rendered":"<p>A C\u00e2mara Municipal de Limeira aprovou, durante sess\u00e3o realizada no dia 8 de julho, a Mo\u00e7\u00e3o de Congratula\u00e7\u00f5es N\u00ba 170\/2025, \u00e0 Igreja Presbiteriana Maanaim, em reconhecimento aos 25 anos de sua funda\u00e7\u00e3o e relevante atua\u00e7\u00e3o espiritual e social no munic\u00edpio. A iniciativa \u00e9 de autoria do vereador Felipe Penedo (PL). Organizada em 9 de julho [&hellip;]<\/p>\n","protected":false},"author":1,"featured_media":38310,"comment_status":"open","ping_status":"open","sticky":false,"template":"","format":"standard","meta":{"_jetpack_newsletter_access":"","_jetpack_dont_email_post_to_subs":false,"_jetpack_newsletter_tier_id":0,"_jetpack_memberships_contains_paywalled_content":false,"_mbp_banners":[],"_jetpack_feature_clip_id":0,"_jetpack_memberships_contains_paid_content":false,"footnotes":"","jetpack_publicize_message":"","jetpack_publicize_feature_enabled":true,"jetpack_social_post_already_shared":true,"jetpack_social_options":{"image_generator_settings":{"template":"highway","default_image_id":0,"font":"","enabled":false},"version":2},"jetpack_post_was_ever_published":false},"categories":[19],"tags":[],"class_list":["post-38311","post","type-post","status-publish","format-standard","has-post-thumbnail","category-politica"],"jetpack_publicize_connections":[],"jetpack-related-posts":[],"jetpack_shortlink":"https:\/\/wp.me\/p7Eq1F-9XV","jetpack_sharing_enabled":true,"jetpack_featured_media_url":"https:\/\/i0.wp.com\/guialimeira.com.br\/news\/wp-content\/uploads\/2025\/07\/Camara-Municipal-aprova-mocao-de-congratulacoes-a-Igreja-Presbiteriana-Maanaim.jpg?fit=1280%2C640&ssl=1","_links":{"self":[{"href":"https:\/\/guialimeira.com.br\/news\/wp-json\/wp\/v2\/posts\/38311","targetHints":{"allow":["GET"]}}],"collection":[{"href":"https:\/\/guialimeira.com.br\/news\/wp-json\/wp\/v2\/posts"}],"about":[{"href":"https:\/\/guialimeira.com.br\/news\/wp-json\/wp\/v2\/types\/post"}],"author":[{"embeddable":true,"href":"https:\/\/guialimeira.com.br\/news\/wp-json\/wp\/v2\/users\/1"}],"replies":[{"embeddable":true,"href":"https:\/\/guialimeira.com.br\/news\/wp-json\/wp\/v2\/comments?post=38311"}],"version-history":[{"count":1,"href":"https:\/\/guialimeira.com.br\/news\/wp-json\/wp\/v2\/posts\/38311\/revisions"}],"predecessor-version":[{"id":38312,"href":"https:\/\/guialimeira.com.br\/news\/wp-json\/wp\/v2\/posts\/38311\/revisions\/38312"}],"wp:featuredmedia":[{"embeddable":true,"href":"https:\/\/guialimeira.com.br\/news\/wp-json\/wp\/v2\/media\/38310"}],"wp:attachment":[{"href":"https:\/\/guialimeira.com.br\/news\/wp-json\/wp\/v2\/media?parent=38311"}],"wp:term":[{"taxonomy":"category","embeddable":true,"href":"https:\/\/guialimeira.com.br\/news\/wp-json\/wp\/v2\/categories?post=38311"},{"taxonomy":"post_tag","embeddable":true,"href":"https:\/\/guialimeira.com.br\/news\/wp-json\/wp\/v2\/tags?post=38311"}],"curies":[{"name":"wp","href":"https:\/\/api.w.org\/{rel}","templated":true}]}}