{"id":38307,"date":"2025-07-08T10:32:54","date_gmt":"2025-07-08T13:32:54","guid":{"rendered":"https:\/\/guialimeira.com.br\/?p=38307"},"modified":"2025-07-08T10:32:54","modified_gmt":"2025-07-08T13:32:54","slug":"camara-aprova-programa-municipal-de-atencao-a-mulher-com-endometriose","status":"publish","type":"post","link":"https:\/\/guialimeira.com.br\/news\/camara-aprova-programa-municipal-de-atencao-a-mulher-com-endometriose\/","title":{"rendered":"C\u00e2mara aprova Programa Municipal de Aten\u00e7\u00e3o \u00e0 Mulher com Endometriose"},"content":{"rendered":"\n<figure class=\"wp-block-gallery has-nested-images columns-default is-cropped wp-block-gallery-1 is-layout-flex wp-block-gallery-is-layout-flex\"><\/figure>\n \r\n<br><img data-recalc-dims=\"1\" decoding=\"async\" src=\"https:\/\/i0.wp.com\/guialimeira.com.br\/wp-content\/uploads\/2025\/07\/Camara-aprova-Programa-Municipal-de-Atencao-a-Mulher-com-Endometriose.jpg?w=696&#038;ssl=1\" \/><br><div>\n\t\t\t\t\t<p>A C\u00e2mara Municipal de Limeira nesta segunda-feira, 7 de julho, aprovou o <a href=\"https:\/\/consulta.limeira.sp.leg.br\/Documentos\/Documento\/381153\" rel=\"noopener\">Projeto de Lei N\u00b0 136\/2025<\/a>, da vereadora Bruna Magalh\u00e3es (PRTB). A proposta assegura aos residentes de Limeira o acesso ao Programa Municipal de Aten\u00e7\u00e3o Integral \u00e0 Mulher com Endometriose \u201cC\u00f3lica N\u00e3o \u00e9 Normal\u201d, que tem como objetivo promover sa\u00fade, bem estar, diagn\u00f3stico precoce, tratamento e acompanhamento humanizado de mulheres com endometriose.\u00a0\u00a0<\/p><p>Na justificativa a autora aponta que, al\u00e9m de promover sa\u00fade, o programa contribui com a educa\u00e7\u00e3o, a forma\u00e7\u00e3o continuada de profissionais e articula\u00e7\u00e3o em rede, beneficiando n\u00e3o apenas as pacientes diagnosticadas, mas promovendo tamb\u00e9m a equidade de g\u00eanero no acesso \u00e0 sa\u00fade. Traz tamb\u00e9m dados do Minist\u00e9rio da Sa\u00fade indicando que uma em cada dez mulheres sofre com os sintomas da doen\u00e7a e desconhece a sua exist\u00eancia.\u00a0<\/p><p>\u201cAo instituir o Programa Municipal de Aten\u00e7\u00e3o Integral \u00e0 Mulher com Endometriose \u2013 \u2018C\u00f3lica n\u00e3o \u00e9 Normal\u2019, o munic\u00edpio de Limeira d\u00e1 um passo importante no sentido de assegurar pol\u00edticas p\u00fablicas de sa\u00fade espec\u00edficas, com foco em diagn\u00f3stico precoce, acolhimento e tratamento digno para as mulheres afetadas\u201d, defendeu a vereadora.<\/p><p>O nome do programa foi motivado por meio de uma campanha realizada pela m\u00e9dica ginecologista Glauce Casaes. A m\u00e9dica relata que a ideia surgiu ap\u00f3s o aumento no n\u00famero de diagn\u00f3sticos, com o atraso no tratamento. Dispon\u00edvel no <a href=\"https:\/\/www.uniaomedica.com.br\/noticia\/colica-nao-e-normal-ginecologista-lanca-campanha-de-conscientizacao-sobre-endometriose\/\" rel=\"noopener\">link<\/a>.\u00a0\u00a0<\/p><p>O programa conta com a execu\u00e7\u00e3o de campanhas de divulga\u00e7\u00e3o, tendo como principais temas:\u00a0<\/p><ul><li>explica\u00e7\u00e3o sobre as caracter\u00edsticas da doen\u00e7a e sintomas;<\/li><li>precau\u00e7\u00f5es a serem tomadas pelos pacientes;<\/li><li>orienta\u00e7\u00e3o sobre o tratamento m\u00e9dico adequado;<\/li><li>orienta\u00e7\u00e3o e suporte \u00e0s fam\u00edlias dos pacientes;<\/li><\/ul><p>A propositura prev\u00ea a possibilidade de o Munic\u00edpio celebrar conv\u00eanios, termos de coopera\u00e7\u00e3o t\u00e9cnica e parcerias com entidades p\u00fablicas ou privadas, universidades, hospitais e organiza\u00e7\u00f5es n\u00e3o governamentais para a execu\u00e7\u00e3o das a\u00e7\u00f5es previstas neste Programa.<\/p><p><strong>Endometriose\u00a0<\/strong><\/p><p>Conforme justificativa ao projeto, a endometriose \u00e9 uma doen\u00e7a inflamat\u00f3ria e cr\u00f4nica que afeta milh\u00f5es de mulheres em idade reprodutiva, causando dores intensas, infertilidade, dist\u00farbios menstruais e comprometimento da qualidade de vida. \u201cO diagn\u00f3stico costuma demorar anos, gerando sofrimento f\u00edsico, emocional e preju\u00edzos sociais \u00e0s pacientes\u201d, destacou Bruna Magalh\u00e3es.\u00a0<\/p><p>A vereadora informou que, no Brasil, estima-se que uma em cada dez mulheres sofram com a endometriose. Isso significa que aproximadamente 10% das mulheres em idade reprodutiva s\u00e3o afetadas por essa doen\u00e7a.\u00a0\u00a0<\/p>\t\t\t\t<\/div>\r\n<br>\r\n<br><a href=\"https:\/\/www.limeira.sp.leg.br\/noticias\/view\/2025-07-08_camara-aprova-programa-municipal-de-atencao-a-mulher-com-endometriose\" rel=\"noopener\">Informa\u00e7\u00f5es CML <\/a>","protected":false},"excerpt":{"rendered":"<p>A C\u00e2mara Municipal de Limeira nesta segunda-feira, 7 de julho, aprovou o Projeto de Lei N\u00b0 136\/2025, da vereadora Bruna Magalh\u00e3es (PRTB). A proposta assegura aos residentes de Limeira o acesso ao Programa Municipal de Aten\u00e7\u00e3o Integral \u00e0 Mulher com Endometriose \u201cC\u00f3lica N\u00e3o \u00e9 Normal\u201d, que tem como objetivo promover sa\u00fade, bem estar, diagn\u00f3stico precoce, [&hellip;]<\/p>\n","protected":false},"author":1,"featured_media":38306,"comment_status":"open","ping_status":"open","sticky":false,"template":"","format":"standard","meta":{"_jetpack_newsletter_access":"","_jetpack_dont_email_post_to_subs":false,"_jetpack_newsletter_tier_id":0,"_jetpack_memberships_contains_paywalled_content":false,"_mbp_banners":[],"_jetpack_feature_clip_id":0,"_jetpack_memberships_contains_paid_content":false,"footnotes":"","jetpack_publicize_message":"","jetpack_publicize_feature_enabled":true,"jetpack_social_post_already_shared":true,"jetpack_social_options":{"image_generator_settings":{"template":"highway","default_image_id":0,"font":"","enabled":false},"version":2},"jetpack_post_was_ever_published":false},"categories":[19],"tags":[],"class_list":["post-38307","post","type-post","status-publish","format-standard","has-post-thumbnail","category-politica"],"jetpack_publicize_connections":[],"jetpack-related-posts":[],"jetpack_shortlink":"https:\/\/wp.me\/p7Eq1F-9XR","jetpack_sharing_enabled":true,"jetpack_featured_media_url":"https:\/\/i0.wp.com\/guialimeira.com.br\/news\/wp-content\/uploads\/2025\/07\/Camara-aprova-Programa-Municipal-de-Atencao-a-Mulher-com-Endometriose.jpg?fit=1280%2C640&ssl=1","_links":{"self":[{"href":"https:\/\/guialimeira.com.br\/news\/wp-json\/wp\/v2\/posts\/38307","targetHints":{"allow":["GET"]}}],"collection":[{"href":"https:\/\/guialimeira.com.br\/news\/wp-json\/wp\/v2\/posts"}],"about":[{"href":"https:\/\/guialimeira.com.br\/news\/wp-json\/wp\/v2\/types\/post"}],"author":[{"embeddable":true,"href":"https:\/\/guialimeira.com.br\/news\/wp-json\/wp\/v2\/users\/1"}],"replies":[{"embeddable":true,"href":"https:\/\/guialimeira.com.br\/news\/wp-json\/wp\/v2\/comments?post=38307"}],"version-history":[{"count":1,"href":"https:\/\/guialimeira.com.br\/news\/wp-json\/wp\/v2\/posts\/38307\/revisions"}],"predecessor-version":[{"id":38308,"href":"https:\/\/guialimeira.com.br\/news\/wp-json\/wp\/v2\/posts\/38307\/revisions\/38308"}],"wp:featuredmedia":[{"embeddable":true,"href":"https:\/\/guialimeira.com.br\/news\/wp-json\/wp\/v2\/media\/38306"}],"wp:attachment":[{"href":"https:\/\/guialimeira.com.br\/news\/wp-json\/wp\/v2\/media?parent=38307"}],"wp:term":[{"taxonomy":"category","embeddable":true,"href":"https:\/\/guialimeira.com.br\/news\/wp-json\/wp\/v2\/categories?post=38307"},{"taxonomy":"post_tag","embeddable":true,"href":"https:\/\/guialimeira.com.br\/news\/wp-json\/wp\/v2\/tags?post=38307"}],"curies":[{"name":"wp","href":"https:\/\/api.w.org\/{rel}","templated":true}]}}