{"id":38299,"date":"2025-07-08T02:14:02","date_gmt":"2025-07-08T05:14:02","guid":{"rendered":"https:\/\/guialimeira.com.br\/2025\/07\/08\/prefeitura-segue-com-o-recapeamento-asfaltico-na-rua-benjamin-constant-agora-na-regiao-central-portal-do-municipio-de-piracicaba\/"},"modified":"2025-07-08T02:14:02","modified_gmt":"2025-07-08T05:14:02","slug":"prefeitura-segue-com-o-recapeamento-asfaltico-na-rua-benjamin-constant-agora-na-regiao-central-portal-do-municipio-de-piracicaba","status":"publish","type":"post","link":"https:\/\/guialimeira.com.br\/news\/prefeitura-segue-com-o-recapeamento-asfaltico-na-rua-benjamin-constant-agora-na-regiao-central-portal-do-municipio-de-piracicaba\/","title":{"rendered":"Prefeitura segue com o recapeamento asf\u00e1ltico na rua Benjamin Constant, agora na regi\u00e3o Central \u2013 Portal do Munic\u00edpio de Piracicaba"},"content":{"rendered":"<p> <br \/>\n<\/p>\n<div>\n<figure class=\"wp-block-image size-large\"><img data-recalc-dims=\"1\" data-lazyloaded=\"1\" data-placeholder-resp=\"1024x592\" fetchpriority=\"high\" decoding=\"async\" width=\"696\" height=\"402\" src=\"https:\/\/i0.wp.com\/piracicaba.sp.gov.br\/wp-content\/uploads\/2025\/07\/Prefeitura-segue-com-o-recapeamento-asfaltico-na-rua-Benjamin-Constant-1024x592.jpg?resize=696%2C402&#038;ssl=1\" alt=\"A imagem mostra uma rua em processo de asfaltamento. V\u00e1rios trabalhadores uniformizados de laranja e azul est\u00e3o usando p\u00e1s e ferramentas para espalhar e compactar o asfalto rec\u00e9m-colocado. H\u00e1 uma m\u00e1quina de pavimenta\u00e7\u00e3o amarela no fundo, que parece estar fornecendo o asfalto. Ao fundo, h\u00e1 edif\u00edcios comerciais, incluindo uma loja chamada &quot;Center Panos&quot;. O dia est\u00e1 ensolarado. Os trabalhadores parecem estar usando m\u00e1scaras faciais, possivelmente devido a precau\u00e7\u00f5es de sa\u00fade ou seguran\u00e7a. A cena sugere uma opera\u00e7\u00e3o de constru\u00e7\u00e3o ou manuten\u00e7\u00e3o de rotina em uma \u00e1rea urbana.\" class=\"wp-image-107859\" srcset=\"https:\/\/piracicaba.sp.gov.br\/wp-content\/uploads\/2025\/07\/Prefeitura-segue-com-o-recapeamento-asfaltico-na-rua-Benjamin-Constant-1024x592.jpg 1024w, https:\/\/piracicaba.sp.gov.br\/wp-content\/uploads\/2025\/07\/Prefeitura-segue-com-o-recapeamento-asfaltico-na-rua-Benjamin-Constant-300x173.jpg 300w, https:\/\/piracicaba.sp.gov.br\/wp-content\/uploads\/2025\/07\/Prefeitura-segue-com-o-recapeamento-asfaltico-na-rua-Benjamin-Constant-768x444.jpg 768w, https:\/\/piracicaba.sp.gov.br\/wp-content\/uploads\/2025\/07\/Prefeitura-segue-com-o-recapeamento-asfaltico-na-rua-Benjamin-Constant-1536x887.jpg 1536w, https:\/\/piracicaba.sp.gov.br\/wp-content\/uploads\/2025\/07\/Prefeitura-segue-com-o-recapeamento-asfaltico-na-rua-Benjamin-Constant-2048x1183.jpg 2048w\" data-sizes=\"(max-width: 1024px) 100vw, 1024px\"\/><figcaption class=\"wp-element-caption\"><strong><em><sub>Prefeitura segue com o recapeamento asf\u00e1ltico na rua Benjamin Constant<\/sub><\/em><\/strong><\/figcaption><\/figure>\n<p>A Prefeitura de Piracicaba, por meio da Secretaria de Obras, Infraestrutura e Servi\u00e7os P\u00fablicos, iniciou o recapeamento da rua Benjamin Constant, na regi\u00e3o central da cidade.<\/p>\n<p>A rua receber\u00e1 novo pavimento em toda a sua extens\u00e3o \u2013 o trecho localizado no bairro Paulista j\u00e1 foi conclu\u00eddo. No momento, a equipe trabalha na altura das ruas Dom Pedro I e Dom Pedro II.<\/p>\n<figure class=\"wp-block-image size-large\"><img data-recalc-dims=\"1\" loading=\"lazy\" data-lazyloaded=\"1\" data-placeholder-resp=\"1024x576\" decoding=\"async\" width=\"696\" height=\"392\" src=\"https:\/\/i0.wp.com\/piracicaba.sp.gov.br\/wp-content\/uploads\/2025\/07\/Trecho-atendido-agora-fica-na-regiao-central-1024x576.jpg?resize=696%2C392&#038;ssl=1\" alt=\"A imagem mostra uma rua em processo de asfaltamento. Uma compactadora de asfalto vermelha est\u00e1 no primeiro plano, rec\u00e9m-passada sobre o asfalto fresco. H\u00e1 um caminh\u00e3o tanque azul estacionado mais adiante, aparentemente fornecendo o asfalto. Cones de seguran\u00e7a laranja marcam o per\u00edmetro da \u00e1rea de trabalho. No fundo, h\u00e1 pr\u00e9dios residenciais e comerciais de um e dois andares, com fia\u00e7\u00e3o el\u00e9trica a\u00e9rea vis\u00edvel. V\u00e1rias pessoas est\u00e3o presentes na cena, algumas observando o trabalho e outras andando pela rua. O c\u00e9u est\u00e1 claro e azul. O asfalto parece rec\u00e9m-aplicado e ainda \u00famido em alguns pontos. A cena sugere uma obra p\u00fablica de manuten\u00e7\u00e3o ou melhoria vi\u00e1ria em andamento em uma \u00e1rea urbana.\" class=\"wp-image-107860\" srcset=\"https:\/\/piracicaba.sp.gov.br\/wp-content\/uploads\/2025\/07\/Trecho-atendido-agora-fica-na-regiao-central-1024x576.jpg 1024w, https:\/\/piracicaba.sp.gov.br\/wp-content\/uploads\/2025\/07\/Trecho-atendido-agora-fica-na-regiao-central-300x169.jpg 300w, https:\/\/piracicaba.sp.gov.br\/wp-content\/uploads\/2025\/07\/Trecho-atendido-agora-fica-na-regiao-central-768x432.jpg 768w, https:\/\/piracicaba.sp.gov.br\/wp-content\/uploads\/2025\/07\/Trecho-atendido-agora-fica-na-regiao-central-1536x864.jpg 1536w, https:\/\/piracicaba.sp.gov.br\/wp-content\/uploads\/2025\/07\/Trecho-atendido-agora-fica-na-regiao-central-2048x1152.jpg 2048w\" data-sizes=\"(max-width: 1024px) 100vw, 1024px\"\/><figcaption class=\"wp-element-caption\"><strong><em><sub>Trecho atendido agora fica na regi\u00e3o central<\/sub><\/em><\/strong><\/figcaption><\/figure>\n<p>Al\u00e9m disso, outra equipe atua na avenida Comendador Luciano Guidotti, com fresa e recapeamento na sequ\u00eancia; os servi\u00e7os ser\u00e3o executados em toda a extens\u00e3o da via.<\/p>\n<p>Est\u00e1 em andamento, ainda, obras de adequa\u00e7\u00e3o no sistema de drenagem nas ruas Silva Jardim e Ajudante Albano, com o prop\u00f3sito de melhorar o escoamento de \u00e1guas pluviais, reduzindo riscos de alagamentos e aumentando a durabilidade do pavimento.<\/p>\n<p>A Prefeitura refor\u00e7a a necessidade de que moradores e visitantes evitem deixar seus ve\u00edculos estacionados nas vias durante as obras, de forma a n\u00e3o interromper o andamento dos servi\u00e7os de recape e n\u00e3o ocasionar em \u201crecortes\u201d no asfalto.<\/p>\n<p>As interven\u00e7\u00f5es fazem parte do plano de melhorias na malha vi\u00e1ria, com foco em seguran\u00e7a e fluidez do tr\u00e2nsito.\u00a0A programa\u00e7\u00e3o pode ser alterada a qualquer momento e pode incorrer em desvios e bloqueios para o tr\u00e2nsito.<\/p>\n<\/div>\n<p><br \/>\n<br \/><a href=\"https:\/\/piracicaba.sp.gov.br\/noticias\/prefeitura-segue-com-o-recapeamento-asfaltico-na-rua-benjamin-constant-agora-na-regiao-central\/\" rel=\"noopener\">Informa\u00e7\u00f5es PMP <\/a><\/p>\n","protected":false},"excerpt":{"rendered":"<p>Prefeitura segue com o recapeamento asf\u00e1ltico na rua Benjamin Constant A Prefeitura de Piracicaba, por meio da Secretaria de Obras, Infraestrutura e Servi\u00e7os P\u00fablicos, iniciou o recapeamento da rua Benjamin Constant, na regi\u00e3o central da cidade. A rua receber\u00e1 novo pavimento em toda a sua extens\u00e3o \u2013 o trecho localizado no bairro Paulista j\u00e1 foi [&hellip;]<\/p>\n","protected":false},"author":1,"featured_media":38300,"comment_status":"open","ping_status":"open","sticky":false,"template":"","format":"standard","meta":{"_jetpack_newsletter_access":"","_jetpack_dont_email_post_to_subs":false,"_jetpack_newsletter_tier_id":0,"_jetpack_memberships_contains_paywalled_content":false,"_mbp_banners":[],"_jetpack_feature_clip_id":0,"_jetpack_memberships_contains_paid_content":false,"footnotes":"","jetpack_publicize_message":"","jetpack_publicize_feature_enabled":true,"jetpack_social_post_already_shared":true,"jetpack_social_options":{"image_generator_settings":{"template":"highway","default_image_id":0,"font":"","enabled":false},"version":2},"jetpack_post_was_ever_published":false},"categories":[20],"tags":[],"class_list":["post-38299","post","type-post","status-publish","format-standard","has-post-thumbnail","category-regiao"],"jetpack_publicize_connections":[],"jetpack-related-posts":[],"jetpack_shortlink":"https:\/\/wp.me\/p7Eq1F-9XJ","jetpack_sharing_enabled":true,"jetpack_featured_media_url":"https:\/\/i0.wp.com\/guialimeira.com.br\/news\/wp-content\/uploads\/2025\/07\/Prefeitura-segue-com-o-recapeamento-asfaltico-na-rua-Benjamin-Constant-1024x592.jpg?fit=1024%2C592&ssl=1","_links":{"self":[{"href":"https:\/\/guialimeira.com.br\/news\/wp-json\/wp\/v2\/posts\/38299","targetHints":{"allow":["GET"]}}],"collection":[{"href":"https:\/\/guialimeira.com.br\/news\/wp-json\/wp\/v2\/posts"}],"about":[{"href":"https:\/\/guialimeira.com.br\/news\/wp-json\/wp\/v2\/types\/post"}],"author":[{"embeddable":true,"href":"https:\/\/guialimeira.com.br\/news\/wp-json\/wp\/v2\/users\/1"}],"replies":[{"embeddable":true,"href":"https:\/\/guialimeira.com.br\/news\/wp-json\/wp\/v2\/comments?post=38299"}],"version-history":[{"count":0,"href":"https:\/\/guialimeira.com.br\/news\/wp-json\/wp\/v2\/posts\/38299\/revisions"}],"wp:featuredmedia":[{"embeddable":true,"href":"https:\/\/guialimeira.com.br\/news\/wp-json\/wp\/v2\/media\/38300"}],"wp:attachment":[{"href":"https:\/\/guialimeira.com.br\/news\/wp-json\/wp\/v2\/media?parent=38299"}],"wp:term":[{"taxonomy":"category","embeddable":true,"href":"https:\/\/guialimeira.com.br\/news\/wp-json\/wp\/v2\/categories?post=38299"},{"taxonomy":"post_tag","embeddable":true,"href":"https:\/\/guialimeira.com.br\/news\/wp-json\/wp\/v2\/tags?post=38299"}],"curies":[{"name":"wp","href":"https:\/\/api.w.org\/{rel}","templated":true}]}}