{"id":38297,"date":"2025-07-08T01:12:38","date_gmt":"2025-07-08T04:12:38","guid":{"rendered":"https:\/\/guialimeira.com.br\/2025\/07\/08\/biblioteca-municipal-exibe-animacao-teca-e-tuti-na-cineteca-em-parceria-com-o-misp-portal-do-municipio-de-piracicaba\/"},"modified":"2025-07-08T01:12:38","modified_gmt":"2025-07-08T04:12:38","slug":"biblioteca-municipal-exibe-animacao-teca-e-tuti-na-cineteca-em-parceria-com-o-misp-portal-do-municipio-de-piracicaba","status":"publish","type":"post","link":"https:\/\/guialimeira.com.br\/news\/biblioteca-municipal-exibe-animacao-teca-e-tuti-na-cineteca-em-parceria-com-o-misp-portal-do-municipio-de-piracicaba\/","title":{"rendered":"Biblioteca Municipal exibe anima\u00e7\u00e3o Teca e Tuti na Cineteca, em parceria com o MISP \u2013 Portal do Munic\u00edpio de Piracicaba"},"content":{"rendered":"<p> <br \/>\n<\/p>\n<div>\n<figure class=\"wp-block-image size-full\"><img data-recalc-dims=\"1\" data-lazyloaded=\"1\" data-placeholder-resp=\"1024x576\" fetchpriority=\"high\" decoding=\"async\" width=\"696\" height=\"392\" src=\"https:\/\/i0.wp.com\/piracicaba.sp.gov.br\/wp-content\/uploads\/2025\/07\/Cena-do-Filme-Teca-e-Tuti.jpg?resize=696%2C392&#038;ssl=1\" alt=\"A imagem mostra duas figuras pequenas, uma formiga antropom\u00f3rfica feminina e um cachorro amarelo, em uma mesa de madeira. A formiga, com um vestido laranja e meias verdes, est\u00e1 de p\u00e9 perto de uma pilha alta de livros, olhando para ela com curiosidade. O cachorro est\u00e1 sentado ao lado da formiga. O fundo \u00e9 uma parede bege clara, e uma l\u00e2mpada est\u00e1 parcialmente vis\u00edvel no canto superior esquerdo. A cena \u00e9 bem iluminada, com a luz da l\u00e2mpada criando um brilho suave. A imagem parece ser uma foto de uma cena de brinquedo ou modelo, com uma qualidade quase surrealista. A profundidade de campo \u00e9 rasa, concentrando-se nas figuras e deixando a pilha de livros levemente desfocada no fundo.\" class=\"wp-image-107863\" srcset=\"https:\/\/piracicaba.sp.gov.br\/wp-content\/uploads\/2025\/07\/Cena-do-Filme-Teca-e-Tuti.jpg 1024w, https:\/\/piracicaba.sp.gov.br\/wp-content\/uploads\/2025\/07\/Cena-do-Filme-Teca-e-Tuti-300x169.jpg 300w, https:\/\/piracicaba.sp.gov.br\/wp-content\/uploads\/2025\/07\/Cena-do-Filme-Teca-e-Tuti-768x432.jpg 768w\" data-sizes=\"(max-width: 1024px) 100vw, 1024px\"\/><figcaption class=\"wp-element-caption\"><strong><em><sub>Cena do Filme \u2013 Teca e Tuti<\/sub><\/em><\/strong><\/figcaption><\/figure>\n<p>A Biblioteca P\u00fablica Municipal Ricardo Ferraz de Arruda Pinto recebe nesta ter\u00e7a-feira, 08\/07, \u00e0s 14h, a exibi\u00e7\u00e3o gratuita do filme Teca e Tuti: Uma Noite na Biblioteca, na programa\u00e7\u00e3o do projeto Cineteca. A iniciativa \u00e9 realizada em parceria com o Museu da Imagem e do Som de Piracicaba (MISP) e tem como objetivo aproximar o p\u00fablico infantil do universo da leitura por meio do cinema.<\/p>\n<p>Dirigido por Eduardo Perdido, Tiago MAL e Diego M. Doimo, o longa-metragem brasileiro acompanha Teca, uma pequena tra\u00e7a que descobre o amor pelos livros e embarca em uma aventura encantadora ao lado de seu amigo Tuti. Com t\u00e9cnica de anima\u00e7\u00e3o em stop motion e cen\u00e1rios reais, o filme levou mais de dez anos para ser produzido. A trilha sonora \u00e9 assinada por H\u00e9lio Ziskind, conhecido por composi\u00e7\u00f5es em programas infantis como Castelo R\u00e1-Tim-Bum e Cocoric\u00f3.<\/p>\n<figure class=\"wp-block-image size-full\"><img data-recalc-dims=\"1\" loading=\"lazy\" data-lazyloaded=\"1\" data-placeholder-resp=\"1024x576\" decoding=\"async\" width=\"696\" height=\"392\" src=\"https:\/\/i0.wp.com\/piracicaba.sp.gov.br\/wp-content\/uploads\/2025\/07\/Historia-mostra-os-personagens-descobrindo-a-magia-dos-livros.jpg?resize=696%2C392&#038;ssl=1\" alt=\"A imagem mostra duas figuras de anima\u00e7\u00e3o em um cen\u00e1rio de fundo desfocado. Uma \u00e9 uma menina de cabelo castanho com um vestido laranja, antenas e sapatos marrons, correndo sobre uma superf\u00edcie branca com texto impresso. A outra \u00e9 uma criatura amarela pequena e fofa com uma l\u00edngua para fora, tamb\u00e9m em movimento sobre a mesma superf\u00edcie. A cena parece ser de um filme de anima\u00e7\u00e3o ou um programa de TV infantil, com uma ilumina\u00e7\u00e3o e cores vibrantes. O fundo mostra uma estante com livros, sugerindo um ambiente interno. A imagem \u00e9 n\u00edtida e bem iluminada, com foco nas figuras principais.\" class=\"wp-image-107864\" srcset=\"https:\/\/piracicaba.sp.gov.br\/wp-content\/uploads\/2025\/07\/Historia-mostra-os-personagens-descobrindo-a-magia-dos-livros.jpg 1024w, https:\/\/piracicaba.sp.gov.br\/wp-content\/uploads\/2025\/07\/Historia-mostra-os-personagens-descobrindo-a-magia-dos-livros-300x169.jpg 300w, https:\/\/piracicaba.sp.gov.br\/wp-content\/uploads\/2025\/07\/Historia-mostra-os-personagens-descobrindo-a-magia-dos-livros-768x432.jpg 768w\" data-sizes=\"(max-width: 1024px) 100vw, 1024px\"\/><figcaption class=\"wp-element-caption\"><strong><em><sub>Hist\u00f3ria mostra os personagens descobrindo a magia dos livros<\/sub><\/em><\/strong><\/figcaption><\/figure>\n<p>Para Melysse Martim, bibliotec\u00e1ria respons\u00e1vel pela Biblioteca Municipal, o filme \u00e9 um convite sens\u00edvel ao universo da leitura. \u201cTeca e Tuti mostram como os livros podem transformar vidas. Iniciativas como esta refor\u00e7am o papel da biblioteca como espa\u00e7o de descoberta, imagina\u00e7\u00e3o e forma\u00e7\u00e3o de leitores desde a inf\u00e2ncia\u201d, afirma.<\/p>\n<p><strong>SERVI\u00c7O<\/strong>\u00a0\u2013 Cineteca: Teca e Tuti: Uma Noite na Biblioteca. Na Biblioteca P\u00fablica Municipal Ricardo Ferraz de Arruda Pinto (rua Saldanha Marinho, 333 \u2013 Centro). Ter\u00e7a-feira, 08\/07, \u00e0s 14h. Informa\u00e7\u00f5es pelo telefone (19) 3434-2600.<\/p>\n<\/div>\n<p><br \/>\n<br \/><a href=\"https:\/\/piracicaba.sp.gov.br\/noticias\/biblioteca-municipal-exibe-animacao-teca-e-tuti-na-cineteca-em-parceria-com-o-misp\/\" rel=\"noopener\">Informa\u00e7\u00f5es PMP <\/a><\/p>\n","protected":false},"excerpt":{"rendered":"<p>Cena do Filme \u2013 Teca e Tuti A Biblioteca P\u00fablica Municipal Ricardo Ferraz de Arruda Pinto recebe nesta ter\u00e7a-feira, 08\/07, \u00e0s 14h, a exibi\u00e7\u00e3o gratuita do filme Teca e Tuti: Uma Noite na Biblioteca, na programa\u00e7\u00e3o do projeto Cineteca. A iniciativa \u00e9 realizada em parceria com o Museu da Imagem e do Som de Piracicaba [&hellip;]<\/p>\n","protected":false},"author":1,"featured_media":38298,"comment_status":"open","ping_status":"open","sticky":false,"template":"","format":"standard","meta":{"_jetpack_newsletter_access":"","_jetpack_dont_email_post_to_subs":false,"_jetpack_newsletter_tier_id":0,"_jetpack_memberships_contains_paywalled_content":false,"_mbp_banners":[],"_jetpack_feature_clip_id":0,"_jetpack_memberships_contains_paid_content":false,"footnotes":"","jetpack_publicize_message":"","jetpack_publicize_feature_enabled":true,"jetpack_social_post_already_shared":true,"jetpack_social_options":{"image_generator_settings":{"template":"highway","default_image_id":0,"font":"","enabled":false},"version":2},"jetpack_post_was_ever_published":false},"categories":[20],"tags":[],"class_list":["post-38297","post","type-post","status-publish","format-standard","has-post-thumbnail","category-regiao"],"jetpack_publicize_connections":[],"jetpack-related-posts":[],"jetpack_shortlink":"https:\/\/wp.me\/p7Eq1F-9XH","jetpack_sharing_enabled":true,"jetpack_featured_media_url":"https:\/\/i0.wp.com\/guialimeira.com.br\/news\/wp-content\/uploads\/2025\/07\/Cena-do-Filme-Teca-e-Tuti.jpg?fit=1024%2C576&ssl=1","_links":{"self":[{"href":"https:\/\/guialimeira.com.br\/news\/wp-json\/wp\/v2\/posts\/38297","targetHints":{"allow":["GET"]}}],"collection":[{"href":"https:\/\/guialimeira.com.br\/news\/wp-json\/wp\/v2\/posts"}],"about":[{"href":"https:\/\/guialimeira.com.br\/news\/wp-json\/wp\/v2\/types\/post"}],"author":[{"embeddable":true,"href":"https:\/\/guialimeira.com.br\/news\/wp-json\/wp\/v2\/users\/1"}],"replies":[{"embeddable":true,"href":"https:\/\/guialimeira.com.br\/news\/wp-json\/wp\/v2\/comments?post=38297"}],"version-history":[{"count":0,"href":"https:\/\/guialimeira.com.br\/news\/wp-json\/wp\/v2\/posts\/38297\/revisions"}],"wp:featuredmedia":[{"embeddable":true,"href":"https:\/\/guialimeira.com.br\/news\/wp-json\/wp\/v2\/media\/38298"}],"wp:attachment":[{"href":"https:\/\/guialimeira.com.br\/news\/wp-json\/wp\/v2\/media?parent=38297"}],"wp:term":[{"taxonomy":"category","embeddable":true,"href":"https:\/\/guialimeira.com.br\/news\/wp-json\/wp\/v2\/categories?post=38297"},{"taxonomy":"post_tag","embeddable":true,"href":"https:\/\/guialimeira.com.br\/news\/wp-json\/wp\/v2\/tags?post=38297"}],"curies":[{"name":"wp","href":"https:\/\/api.w.org\/{rel}","templated":true}]}}