{"id":38292,"date":"2025-07-08T00:11:39","date_gmt":"2025-07-08T03:11:39","guid":{"rendered":"https:\/\/guialimeira.com.br\/2025\/07\/08\/prefeitura-de-sao-pedro-implanta-programa-educativo-desenvolvido-pela-guarda-civil-de-piracicaba-portal-do-municipio-de-piracicaba\/"},"modified":"2025-07-08T00:11:39","modified_gmt":"2025-07-08T03:11:39","slug":"prefeitura-de-sao-pedro-implanta-programa-educativo-desenvolvido-pela-guarda-civil-de-piracicaba-portal-do-municipio-de-piracicaba","status":"publish","type":"post","link":"https:\/\/guialimeira.com.br\/news\/prefeitura-de-sao-pedro-implanta-programa-educativo-desenvolvido-pela-guarda-civil-de-piracicaba-portal-do-municipio-de-piracicaba\/","title":{"rendered":"Prefeitura de S\u00e3o Pedro implanta programa educativo desenvolvido pela Guarda Civil de Piracicaba \u2013 Portal do Munic\u00edpio de Piracicaba"},"content":{"rendered":"<p> <br \/>\n<\/p>\n<div>\n<figure class=\"wp-block-image size-large\"><img data-recalc-dims=\"1\" fetchpriority=\"high\" decoding=\"async\" width=\"696\" height=\"464\" src=\"https:\/\/i0.wp.com\/piracicaba.sp.gov.br\/wp-content\/uploads\/2025\/07\/O-treinamento-abordou-o-protocolo-de-atuacao-do-programa-GCEP-1024x682.jpg?resize=696%2C464&#038;ssl=1\" alt=\"A imagem mostra uma sala de aula com v\u00e1rios guardas civis em uniforme, sentados em carteiras azuis. Uma mulher em uniforme, de p\u00e9 na frente da sala, parece estar dando uma palestra ou instru\u00e7\u00e3o. Ela est\u00e1 usando \u00f3culos e tem o cabelo preso. Os guardas civis est\u00e3o prestando aten\u00e7\u00e3o, alguns com express\u00f5es s\u00e9rias e outros com express\u00f5es mais relaxadas. H\u00e1 laptops e pap\u00e9is nas carteiras, sugerindo que est\u00e3o em uma sess\u00e3o de treinamento ou aula. O ambiente parece formal e profissional. A imagem \u00e9 bem iluminada e n\u00edtida, permitindo uma boa visualiza\u00e7\u00e3o dos detalhes. No fundo, h\u00e1 arm\u00e1rios e cortinas. A imagem transmite uma sensa\u00e7\u00e3o de ordem e disciplina.\" class=\"wp-image-107868\" srcset=\"https:\/\/piracicaba.sp.gov.br\/wp-content\/uploads\/2025\/07\/O-treinamento-abordou-o-protocolo-de-atuacao-do-programa-GCEP-1024x682.jpg 1024w, https:\/\/piracicaba.sp.gov.br\/wp-content\/uploads\/2025\/07\/O-treinamento-abordou-o-protocolo-de-atuacao-do-programa-GCEP-300x200.jpg 300w, https:\/\/piracicaba.sp.gov.br\/wp-content\/uploads\/2025\/07\/O-treinamento-abordou-o-protocolo-de-atuacao-do-programa-GCEP-768x512.jpg 768w, https:\/\/piracicaba.sp.gov.br\/wp-content\/uploads\/2025\/07\/O-treinamento-abordou-o-protocolo-de-atuacao-do-programa-GCEP-1536x1023.jpg 1536w, https:\/\/piracicaba.sp.gov.br\/wp-content\/uploads\/2025\/07\/O-treinamento-abordou-o-protocolo-de-atuacao-do-programa-GCEP.jpg 1600w\" sizes=\"(max-width: 1024px) 100vw, 1024px\"\/><figcaption class=\"wp-element-caption\"><strong><em><sub>O treinamento abordou o protocolo de atua\u00e7\u00e3o do programa GCEP<\/sub><\/em><\/strong><\/figcaption><\/figure>\n<p>O programa GCEP (Guarda Civil Educa\u00e7\u00e3o \u00e9 Preven\u00e7\u00e3o), criado pela Guarda Civil de Piracicaba em 2012, ser\u00e1 implantado na cidade de\u00a0S\u00e3o Pedro. A capacita\u00e7\u00e3o dos guardas-civis da cidade vizinha foi realizada entre os dias 30\/06 e 04\/07, por meio de uma parceria motivada pelos resultados positivos do projeto em Piracicaba.<\/p>\n<p>Durante cinco dias, as guardas-civis educadoras Sara Moraes e Gislene Diorio, respons\u00e1veis pela condu\u00e7\u00e3o do GCEP em Piracicaba, ministraram o curso de forma\u00e7\u00e3o para sete guardas-civis de S\u00e3o Pedro, que agora est\u00e3o aptos a aplicar o programa nas escolas municipais. A a\u00e7\u00e3o ocorreu a convite do secret\u00e1rio municipal de Seguran\u00e7a P\u00fablica de S\u00e3o Pedro, Enrique Sotelo.<\/p>\n<figure class=\"wp-block-image size-large\"><img data-recalc-dims=\"1\" loading=\"lazy\" decoding=\"async\" width=\"696\" height=\"508\" src=\"https:\/\/i0.wp.com\/piracicaba.sp.gov.br\/wp-content\/uploads\/2025\/07\/As-guardas-civis-educadoras-de-Piracicaba-Sara-Moraes-e-Gislene-Diorio-ministraram-o-curso-de-formacao-para-sete-guardas-civis-de-Sao-Pedro-1-1024x747.jpg?resize=696%2C508&#038;ssl=1\" alt=\"A imagem mostra um grupo de policiais militares e civis, homens e mulheres, em uniforme, segurando livros infantis. Eles est\u00e3o alinhados em duas fileiras, com um homem de camisa social no meio. H\u00e1 um projetor e um laptop na frente deles, sugerindo uma apresenta\u00e7\u00e3o ou treinamento. O ambiente parece ser uma sala de aula ou de reuni\u00e3o. Todos parecem sorrir ou ter express\u00f5es neutras, indicando uma situa\u00e7\u00e3o formal, mas amig\u00e1vel. Os livros que eles seguram t\u00eam a logo de uma organiza\u00e7\u00e3o, possivelmente a que eles pertencem, e parecem ser materiais educativos para crian\u00e7as. A imagem transmite a ideia de uma iniciativa de leitura ou de conscientiza\u00e7\u00e3o infantil conduzida pela pol\u00edcia.\" class=\"wp-image-107867\" srcset=\"https:\/\/piracicaba.sp.gov.br\/wp-content\/uploads\/2025\/07\/As-guardas-civis-educadoras-de-Piracicaba-Sara-Moraes-e-Gislene-Diorio-ministraram-o-curso-de-formacao-para-sete-guardas-civis-de-Sao-Pedro-1-1024x747.jpg 1024w, https:\/\/piracicaba.sp.gov.br\/wp-content\/uploads\/2025\/07\/As-guardas-civis-educadoras-de-Piracicaba-Sara-Moraes-e-Gislene-Diorio-ministraram-o-curso-de-formacao-para-sete-guardas-civis-de-Sao-Pedro-1-300x219.jpg 300w, https:\/\/piracicaba.sp.gov.br\/wp-content\/uploads\/2025\/07\/As-guardas-civis-educadoras-de-Piracicaba-Sara-Moraes-e-Gislene-Diorio-ministraram-o-curso-de-formacao-para-sete-guardas-civis-de-Sao-Pedro-1-768x560.jpg 768w, https:\/\/piracicaba.sp.gov.br\/wp-content\/uploads\/2025\/07\/As-guardas-civis-educadoras-de-Piracicaba-Sara-Moraes-e-Gislene-Diorio-ministraram-o-curso-de-formacao-para-sete-guardas-civis-de-Sao-Pedro-1-1536x1120.jpg 1536w, https:\/\/piracicaba.sp.gov.br\/wp-content\/uploads\/2025\/07\/As-guardas-civis-educadoras-de-Piracicaba-Sara-Moraes-e-Gislene-Diorio-ministraram-o-curso-de-formacao-para-sete-guardas-civis-de-Sao-Pedro-1.jpg 1600w\" sizes=\"auto, (max-width: 1024px) 100vw, 1024px\"\/><figcaption class=\"wp-element-caption\"><strong><em><sub>As guardas-civis educadoras de Piracicaba Sara Moraes e Gislene Diorio ministraram o curso de forma\u00e7\u00e3o para sete guardas-civis de S\u00e3o Pedro <\/sub><\/em><\/strong><\/figcaption><\/figure>\n<p>O treinamento abordou o protocolo de atua\u00e7\u00e3o do programa, did\u00e1tica infantil, media\u00e7\u00e3o escolar, \u00e9tica e os principais temas trabalhados com os estudantes em sala de aula: bullying, drogas, viol\u00eancia dom\u00e9stica, gravidez na adolesc\u00eancia, cidadania, seguran\u00e7a digital, vandalismo, tr\u00e2nsito e dicas de seguran\u00e7a.<\/p>\n<p>O curso tamb\u00e9m contou com a participa\u00e7\u00e3o da psicopedagoga Vanderli Donizeti Vasconcelos e de Karen Vespo, representante da Secretaria Municipal do Meio Ambiente, que contribu\u00edram com reflex\u00f5es sobre acolhimento, inclus\u00e3o e educa\u00e7\u00e3o ambiental.<\/p>\n<p>Criado h\u00e1 mais de uma d\u00e9cada, o GCEP atende alunos do 5\u00ba ano do ensino fundamental da rede municipal de Piracicaba, com idades entre 10 e 12 anos, ao longo de aproximadamente quatro meses. O programa utiliza abordagens l\u00fadicas e linguagem acess\u00edvel para estimular a consci\u00eancia cr\u00edtica das crian\u00e7as e formar multiplicadores de informa\u00e7\u00e3o entre colegas, vizinhos e familiares.<\/p>\n<\/p><\/div>\n<p><br \/>\n<br \/><a href=\"https:\/\/piracicaba.sp.gov.br\/noticias\/prefeitura-de-sao-pedro-implanta-programa-educativo-desenvolvido-pela-guarda-civil-de-piracicaba\/\" rel=\"noopener\">Informa\u00e7\u00f5es PMP <\/a><\/p>\n","protected":false},"excerpt":{"rendered":"<p>O treinamento abordou o protocolo de atua\u00e7\u00e3o do programa GCEP O programa GCEP (Guarda Civil Educa\u00e7\u00e3o \u00e9 Preven\u00e7\u00e3o), criado pela Guarda Civil de Piracicaba em 2012, ser\u00e1 implantado na cidade de\u00a0S\u00e3o Pedro. A capacita\u00e7\u00e3o dos guardas-civis da cidade vizinha foi realizada entre os dias 30\/06 e 04\/07, por meio de uma parceria motivada pelos resultados [&hellip;]<\/p>\n","protected":false},"author":1,"featured_media":38293,"comment_status":"open","ping_status":"open","sticky":false,"template":"","format":"standard","meta":{"_jetpack_newsletter_access":"","_jetpack_dont_email_post_to_subs":false,"_jetpack_newsletter_tier_id":0,"_jetpack_memberships_contains_paywalled_content":false,"_mbp_banners":[],"_jetpack_feature_clip_id":0,"_jetpack_memberships_contains_paid_content":false,"footnotes":"","jetpack_publicize_message":"","jetpack_publicize_feature_enabled":true,"jetpack_social_post_already_shared":true,"jetpack_social_options":{"image_generator_settings":{"template":"highway","default_image_id":0,"font":"","enabled":false},"version":2},"jetpack_post_was_ever_published":false},"categories":[20],"tags":[],"class_list":["post-38292","post","type-post","status-publish","format-standard","has-post-thumbnail","category-regiao"],"jetpack_publicize_connections":[],"jetpack-related-posts":[],"jetpack_shortlink":"https:\/\/wp.me\/p7Eq1F-9XC","jetpack_sharing_enabled":true,"jetpack_featured_media_url":"https:\/\/i0.wp.com\/guialimeira.com.br\/news\/wp-content\/uploads\/2025\/07\/O-treinamento-abordou-o-protocolo-de-atuacao-do-programa-GCEP-1024x682.jpg?fit=1024%2C682&ssl=1","_links":{"self":[{"href":"https:\/\/guialimeira.com.br\/news\/wp-json\/wp\/v2\/posts\/38292","targetHints":{"allow":["GET"]}}],"collection":[{"href":"https:\/\/guialimeira.com.br\/news\/wp-json\/wp\/v2\/posts"}],"about":[{"href":"https:\/\/guialimeira.com.br\/news\/wp-json\/wp\/v2\/types\/post"}],"author":[{"embeddable":true,"href":"https:\/\/guialimeira.com.br\/news\/wp-json\/wp\/v2\/users\/1"}],"replies":[{"embeddable":true,"href":"https:\/\/guialimeira.com.br\/news\/wp-json\/wp\/v2\/comments?post=38292"}],"version-history":[{"count":0,"href":"https:\/\/guialimeira.com.br\/news\/wp-json\/wp\/v2\/posts\/38292\/revisions"}],"wp:featuredmedia":[{"embeddable":true,"href":"https:\/\/guialimeira.com.br\/news\/wp-json\/wp\/v2\/media\/38293"}],"wp:attachment":[{"href":"https:\/\/guialimeira.com.br\/news\/wp-json\/wp\/v2\/media?parent=38292"}],"wp:term":[{"taxonomy":"category","embeddable":true,"href":"https:\/\/guialimeira.com.br\/news\/wp-json\/wp\/v2\/categories?post=38292"},{"taxonomy":"post_tag","embeddable":true,"href":"https:\/\/guialimeira.com.br\/news\/wp-json\/wp\/v2\/tags?post=38292"}],"curies":[{"name":"wp","href":"https:\/\/api.w.org\/{rel}","templated":true}]}}