{"id":38290,"date":"2025-07-07T23:10:41","date_gmt":"2025-07-08T02:10:41","guid":{"rendered":"https:\/\/guialimeira.com.br\/2025\/07\/07\/solenidade-pelos-93-anos-da-revolucao-constitucionalista-acontece-na-estacao-da-paulista-portal-do-municipio-de-piracicaba\/"},"modified":"2025-07-07T23:10:41","modified_gmt":"2025-07-08T02:10:41","slug":"solenidade-pelos-93-anos-da-revolucao-constitucionalista-acontece-na-estacao-da-paulista-portal-do-municipio-de-piracicaba","status":"publish","type":"post","link":"https:\/\/guialimeira.com.br\/news\/solenidade-pelos-93-anos-da-revolucao-constitucionalista-acontece-na-estacao-da-paulista-portal-do-municipio-de-piracicaba\/","title":{"rendered":"Solenidade pelos 93 anos da Revolu\u00e7\u00e3o Constitucionalista acontece na Esta\u00e7\u00e3o da Paulista \u2013 Portal do Munic\u00edpio de Piracicaba"},"content":{"rendered":"<p> <br \/>\n<\/p>\n<div>\n<figure class=\"wp-block-image size-full\"><img data-recalc-dims=\"1\" data-lazyloaded=\"1\" data-placeholder-resp=\"1024x682\" fetchpriority=\"high\" decoding=\"async\" width=\"696\" height=\"464\" src=\"https:\/\/i0.wp.com\/piracicaba.sp.gov.br\/wp-content\/uploads\/2025\/07\/Solenidade-acontece-no-Parque-da-Estacao-Paulista.jpg?resize=696%2C464&#038;ssl=1\" alt=\"A imagem mostra uma constru\u00e7\u00e3o de estilo arquitet\u00f4nico cl\u00e1ssico, possivelmente uma esta\u00e7\u00e3o de trem ou edif\u00edcio p\u00fablico. O pr\u00e9dio \u00e9 de cor creme, com detalhes em amarelo dourado ao redor das janelas e na entrada principal. As janelas s\u00e3o grandes e arqueadas, com vidros azuis claros. A entrada principal possui uma marquise e uma escada de acesso. H\u00e1 um rel\u00f3gio na parte superior do edif\u00edcio, e um letreiro com a inscri\u00e7\u00e3o &quot;C\u00aa PAULISTA&quot; indica o nome do local. A fachada \u00e9 limpa e bem conservada, com um telhado de telhas vermelhas. O c\u00e9u \u00e9 azul e sem nuvens, indicando um dia ensolarado. A rua em frente ao pr\u00e9dio parece tranquila, sem muitos ve\u00edculos ou pessoas. A imagem sugere um ambiente hist\u00f3rico e bem preservado.\" class=\"wp-image-107871\" srcset=\"https:\/\/piracicaba.sp.gov.br\/wp-content\/uploads\/2025\/07\/Solenidade-acontece-no-Parque-da-Estacao-Paulista.jpg 1024w, https:\/\/piracicaba.sp.gov.br\/wp-content\/uploads\/2025\/07\/Solenidade-acontece-no-Parque-da-Estacao-Paulista-300x200.jpg 300w, https:\/\/piracicaba.sp.gov.br\/wp-content\/uploads\/2025\/07\/Solenidade-acontece-no-Parque-da-Estacao-Paulista-768x512.jpg 768w\" data-sizes=\"(max-width: 1024px) 100vw, 1024px\"\/><figcaption class=\"wp-element-caption\"><strong><em><sub>Solenidade acontece no Parque da Esta\u00e7\u00e3o Paulista<\/sub><\/em><\/strong><\/figcaption><\/figure>\n<p>A Prefeitura de Piracicaba, por meio da Secretaria Municipal de Cultura, apoia a realiza\u00e7\u00e3o da solenidade c\u00edvica em homenagem aos 93 anos da Revolu\u00e7\u00e3o Constitucionalista de 1932, organizada pelo Instituto Hist\u00f3rico e Geogr\u00e1fico de Piracicaba (IHGP). O evento acontece na quarta-feira, 09\/07, a partir das 8h, na Esta\u00e7\u00e3o da Paulista, e conta tamb\u00e9m com o apoio da Secretaria de Turismo e da C\u00e2mara\u00a0Municipal, por meio do gabinete do vereador Pedro Kawai.<\/p>\n<p>A cerim\u00f4nia ser\u00e1 aberta com a apresenta\u00e7\u00e3o da Corpora\u00e7\u00e3o Musical Uni\u00e3o Oper\u00e1ria, formada por 40 m\u00fasicos sob reg\u00eancia do maestro Jonatas Dion\u00edsio. Em seguida, ser\u00e1 formado o dispositivo oficial com a presen\u00e7a de autoridades e representantes de institui\u00e7\u00f5es. A Comiss\u00e3o de Eventos C\u00edvicos do IHGP, composta por Andr\u00e9 Manuel da Silva e Edson Rontani J\u00fanior, far\u00e1 uso da palavra para contextualizar historicamente a data.<\/p>\n<p>Presidente do IHGP, Rontani destaca o simbolismo da escolha do local. \u201cNormalmente, a solenidade ocorre na pra\u00e7a Jos\u00e9 Bonif\u00e1cio, junto ao Monumento do Soldado Constitucionalista. Este ano, optamos pela Esta\u00e7\u00e3o da Paulista por sua relev\u00e2ncia hist\u00f3rica: foi dali que partiu, em 16 de junho de 1932, o 1\u00ba Batalh\u00e3o Piracicabano, com 200 volunt\u00e1rios, rumo \u00e0 Revolu\u00e7\u00e3o\u201d, explica. Durante o trajeto at\u00e9 S\u00e3o Paulo, a Banda Uni\u00e3o Oper\u00e1ria acompanhou o grupo, animando e elevando o moral dos combatentes.<\/p>\n<p>Durante a cerim\u00f4nia, o IHGP far\u00e1 a entrega de certificados e da Medalha 1932 \u00e0 diretoria da Banda Uni\u00e3o Oper\u00e1ria e a cinco estudantes da rede estadual que participaram de atividades educativas, incluindo palestras e concurso de reda\u00e7\u00e3o sobre a Revolu\u00e7\u00e3o de 1932.<\/p>\n<p><strong>SERVI\u00c7O<\/strong>\u00a0\u2013 Solenidade pelos 93 anos da Revolu\u00e7\u00e3o Constitucionalista de 1932. Na Esta\u00e7\u00e3o da Paulista (avenida Dr. Paulo de Moraes, s\/n\u00ba \u2013 Paulista). Quarta-feira, 09\/07, \u00e0s 8h. Entrada gratuita. Informa\u00e7\u00f5es: (19) 3403-2620.<\/p>\n<\/div>\n<p><br \/>\n<br \/><a href=\"https:\/\/piracicaba.sp.gov.br\/noticias\/solenidade-pelos-93-anos-da-revolucao-constitucionalista-acontece-na-estacao-da-paulista\/\" rel=\"noopener\">Informa\u00e7\u00f5es PMP <\/a><\/p>\n","protected":false},"excerpt":{"rendered":"<p>Solenidade acontece no Parque da Esta\u00e7\u00e3o Paulista A Prefeitura de Piracicaba, por meio da Secretaria Municipal de Cultura, apoia a realiza\u00e7\u00e3o da solenidade c\u00edvica em homenagem aos 93 anos da Revolu\u00e7\u00e3o Constitucionalista de 1932, organizada pelo Instituto Hist\u00f3rico e Geogr\u00e1fico de Piracicaba (IHGP). O evento acontece na quarta-feira, 09\/07, a partir das 8h, na Esta\u00e7\u00e3o [&hellip;]<\/p>\n","protected":false},"author":1,"featured_media":38291,"comment_status":"open","ping_status":"open","sticky":false,"template":"","format":"standard","meta":{"_jetpack_newsletter_access":"","_jetpack_dont_email_post_to_subs":false,"_jetpack_newsletter_tier_id":0,"_jetpack_memberships_contains_paywalled_content":false,"_mbp_banners":[],"_jetpack_feature_clip_id":0,"_jetpack_memberships_contains_paid_content":false,"footnotes":"","jetpack_publicize_message":"","jetpack_publicize_feature_enabled":true,"jetpack_social_post_already_shared":true,"jetpack_social_options":{"image_generator_settings":{"template":"highway","default_image_id":0,"font":"","enabled":false},"version":2},"jetpack_post_was_ever_published":false},"categories":[20],"tags":[],"class_list":["post-38290","post","type-post","status-publish","format-standard","has-post-thumbnail","category-regiao"],"jetpack_publicize_connections":[],"jetpack-related-posts":[],"jetpack_shortlink":"https:\/\/wp.me\/p7Eq1F-9XA","jetpack_sharing_enabled":true,"jetpack_featured_media_url":"https:\/\/i0.wp.com\/guialimeira.com.br\/news\/wp-content\/uploads\/2025\/07\/Solenidade-acontece-no-Parque-da-Estacao-Paulista.jpg?fit=1024%2C682&ssl=1","_links":{"self":[{"href":"https:\/\/guialimeira.com.br\/news\/wp-json\/wp\/v2\/posts\/38290","targetHints":{"allow":["GET"]}}],"collection":[{"href":"https:\/\/guialimeira.com.br\/news\/wp-json\/wp\/v2\/posts"}],"about":[{"href":"https:\/\/guialimeira.com.br\/news\/wp-json\/wp\/v2\/types\/post"}],"author":[{"embeddable":true,"href":"https:\/\/guialimeira.com.br\/news\/wp-json\/wp\/v2\/users\/1"}],"replies":[{"embeddable":true,"href":"https:\/\/guialimeira.com.br\/news\/wp-json\/wp\/v2\/comments?post=38290"}],"version-history":[{"count":0,"href":"https:\/\/guialimeira.com.br\/news\/wp-json\/wp\/v2\/posts\/38290\/revisions"}],"wp:featuredmedia":[{"embeddable":true,"href":"https:\/\/guialimeira.com.br\/news\/wp-json\/wp\/v2\/media\/38291"}],"wp:attachment":[{"href":"https:\/\/guialimeira.com.br\/news\/wp-json\/wp\/v2\/media?parent=38290"}],"wp:term":[{"taxonomy":"category","embeddable":true,"href":"https:\/\/guialimeira.com.br\/news\/wp-json\/wp\/v2\/categories?post=38290"},{"taxonomy":"post_tag","embeddable":true,"href":"https:\/\/guialimeira.com.br\/news\/wp-json\/wp\/v2\/tags?post=38290"}],"curies":[{"name":"wp","href":"https:\/\/api.w.org\/{rel}","templated":true}]}}