{"id":38288,"date":"2025-07-07T22:09:43","date_gmt":"2025-07-08T01:09:43","guid":{"rendered":"https:\/\/guialimeira.com.br\/2025\/07\/07\/congresso-do-orcamento-participativo-elege-conselheiros-e-define-demandas-prioritarias-para-a-cidade-portal-do-municipio-de-piracicaba\/"},"modified":"2025-07-07T22:09:43","modified_gmt":"2025-07-08T01:09:43","slug":"congresso-do-orcamento-participativo-elege-conselheiros-e-define-demandas-prioritarias-para-a-cidade-portal-do-municipio-de-piracicaba","status":"publish","type":"post","link":"https:\/\/guialimeira.com.br\/news\/congresso-do-orcamento-participativo-elege-conselheiros-e-define-demandas-prioritarias-para-a-cidade-portal-do-municipio-de-piracicaba\/","title":{"rendered":"Congresso do Or\u00e7amento Participativo elege conselheiros e define demandas priorit\u00e1rias para a cidade \u2013 Portal do Munic\u00edpio de Piracicaba"},"content":{"rendered":"<p> <br \/>\n<\/p>\n<div>\n<figure class=\"wp-block-image size-large\"><img data-recalc-dims=\"1\" data-lazyloaded=\"1\" data-placeholder-resp=\"1024x768\" fetchpriority=\"high\" decoding=\"async\" width=\"696\" height=\"522\" src=\"https:\/\/i0.wp.com\/piracicaba.sp.gov.br\/wp-content\/uploads\/2025\/07\/O-Congresso-foi-realizado-no-Centro-de-Formacao-Educacional-no-ultimo-sabado-1024x768.jpg?resize=696%2C522&#038;ssl=1\" alt=\"A imagem mostra uma sala de confer\u00eancias com muitas pessoas sentadas em cadeiras individuais com mesas pequenas na frente. H\u00e1 uma tela de proje\u00e7\u00e3o na parede do fundo mostrando o t\u00edtulo &quot;Lan\u00e7amento do Or\u00e7amento Participativo 2025&quot;. Algumas pessoas est\u00e3o em p\u00e9 na frente da tela, possivelmente palestrantes ou participantes importantes. A sala parece estar bem iluminada e organizada. As pessoas na plateia parecem estar atentas \u00e0 apresenta\u00e7\u00e3o. A imagem sugere um evento formal, possivelmente uma reuni\u00e3o ou confer\u00eancia sobre o or\u00e7amento participativo. A atmosfera parece calma e profissional.\" class=\"wp-image-107874\" srcset=\"https:\/\/piracicaba.sp.gov.br\/wp-content\/uploads\/2025\/07\/O-Congresso-foi-realizado-no-Centro-de-Formacao-Educacional-no-ultimo-sabado-1024x768.jpg 1024w, https:\/\/piracicaba.sp.gov.br\/wp-content\/uploads\/2025\/07\/O-Congresso-foi-realizado-no-Centro-de-Formacao-Educacional-no-ultimo-sabado-300x225.jpg 300w, https:\/\/piracicaba.sp.gov.br\/wp-content\/uploads\/2025\/07\/O-Congresso-foi-realizado-no-Centro-de-Formacao-Educacional-no-ultimo-sabado-768x576.jpg 768w, https:\/\/piracicaba.sp.gov.br\/wp-content\/uploads\/2025\/07\/O-Congresso-foi-realizado-no-Centro-de-Formacao-Educacional-no-ultimo-sabado.jpg 1280w\" data-sizes=\"(max-width: 1024px) 100vw, 1024px\"\/><figcaption class=\"wp-element-caption\"><strong><em><sub>O Congresso foi realizado no Centro de Forma\u00e7\u00e3o Educacional no \u00faltimo s\u00e1bado<\/sub><\/em><\/strong><\/figcaption><\/figure>\n<p>A Prefeitura de Piracicaba, por meio da Secretaria Municipal de Cidadania e Parcerias, com apoio da Secretaria Municipal de Finan\u00e7as, realizou no s\u00e1bado, 05\/07, o Congresso Municipal do Or\u00e7amento Participativo 2025. Durante o encontro, foram eleitos 10 membros que ir\u00e3o compor o novo Conselho Municipal do Or\u00e7amento Participativo (Comop) e definidas as demandas priorit\u00e1rias de cada regi\u00e3o da cidade (confira abaixo a lista com os conselheiros e suplentes eleitos).<\/p>\n<figure class=\"wp-block-image size-large\"><img data-recalc-dims=\"1\" loading=\"lazy\" data-lazyloaded=\"1\" data-placeholder-resp=\"1024x768\" decoding=\"async\" width=\"696\" height=\"522\" src=\"https:\/\/i0.wp.com\/piracicaba.sp.gov.br\/wp-content\/uploads\/2025\/07\/No-final-da-reuniao-as-demandas-prioritarias-de-cada-regiao-da-cidade-foram-votadas-1024x768.jpg?resize=696%2C522&#038;ssl=1\" alt=\"A imagem mostra uma sala grande e espa\u00e7osa, possivelmente um audit\u00f3rio ou sal\u00e3o de eventos, com muitas pessoas sentadas em cadeiras dispostas em fileiras.  A maioria das pessoas est\u00e1 de p\u00e9 com algo na m\u00e3o, parecendo participar de alguma atividade ou vota\u00e7\u00e3o. Uma pessoa est\u00e1 de p\u00e9 na frente, com os bra\u00e7os levantados, parecendo conduzir a atividade. As paredes s\u00e3o claras e o teto alto, com ilumina\u00e7\u00e3o artificial. O ambiente parece formal, mas com uma atmosfera participativa e engajada. As pessoas parecem estar em um evento ou reuni\u00e3o, possivelmente uma assembleia ou vota\u00e7\u00e3o. H\u00e1 uma mistura de idades e g\u00eaneros presentes.\" class=\"wp-image-107876\" srcset=\"https:\/\/piracicaba.sp.gov.br\/wp-content\/uploads\/2025\/07\/No-final-da-reuniao-as-demandas-prioritarias-de-cada-regiao-da-cidade-foram-votadas-1024x768.jpg 1024w, https:\/\/piracicaba.sp.gov.br\/wp-content\/uploads\/2025\/07\/No-final-da-reuniao-as-demandas-prioritarias-de-cada-regiao-da-cidade-foram-votadas-300x225.jpg 300w, https:\/\/piracicaba.sp.gov.br\/wp-content\/uploads\/2025\/07\/No-final-da-reuniao-as-demandas-prioritarias-de-cada-regiao-da-cidade-foram-votadas-768x576.jpg 768w, https:\/\/piracicaba.sp.gov.br\/wp-content\/uploads\/2025\/07\/No-final-da-reuniao-as-demandas-prioritarias-de-cada-regiao-da-cidade-foram-votadas.jpg 1280w\" data-sizes=\"(max-width: 1024px) 100vw, 1024px\"\/><figcaption class=\"wp-element-caption\"><strong><em><sub>No final da reuni\u00e3o, as demandas priorit\u00e1rias de cada regi\u00e3o da cidade foram votadas<\/sub><\/em><\/strong><\/figcaption><\/figure>\n<p>No congresso, os delegados eleitos nas plen\u00e1rias foram divididos por regi\u00f5es \u2013 Leste, Oeste, Sul, Norte, Rural e Centro \u2013 para escolher as duas principais demandas de cada regi\u00e3o, que ser\u00e3o avaliadas para serem inseridas no or\u00e7amento do munic\u00edpio. Os grupos tamb\u00e9m elegeram os novos conselheiros, que ficam respons\u00e1veis por acompanhar e fiscalizar a implementa\u00e7\u00e3o das propostas aprovadas pela popula\u00e7\u00e3o.<br \/>Entre as demandas definidas, estavam pedidos de asfaltamento de vias, constru\u00e7\u00e3o de creches e de unidades de sa\u00fade, entre outras.<\/p>\n<p>O secret\u00e1rio municipal de Cidadania e Parcerias, Paulo Nardino, enfatizou o compromisso da administra\u00e7\u00e3o em escutar a popula\u00e7\u00e3o e buscar solu\u00e7\u00f5es para as demandas apresentadas. \u201cContamos com um prefeito comprometido, que tem como prioridade fortalecer a participa\u00e7\u00e3o popular. Nosso dever \u00e9 assegurar que as necessidades apontadas pelos cidad\u00e3os sejam consideradas na constru\u00e7\u00e3o de uma cidade mais democr\u00e1tica\u201d, afirmou.<br \/>Adriano Camargo, coordenador do Or\u00e7amento Participativo e secret\u00e1rio-executivo da pasta, ressaltou a presen\u00e7a de 325 pessoas nas 10 plen\u00e1rias realizadas. \u201c\u00c9 motivo de orgulho contar com o envolvimento da popula\u00e7\u00e3o na defini\u00e7\u00e3o das demandas de cada regi\u00e3o. Sabemos que o formato ainda pode ser aprimorado, e vamos seguir trabalhando para fortalecer cada vez mais a participa\u00e7\u00e3o popular\u201d, afirmou.<\/p>\n<figure class=\"wp-block-image size-large\"><img data-recalc-dims=\"1\" loading=\"lazy\" data-lazyloaded=\"1\" data-placeholder-resp=\"1024x768\" decoding=\"async\" width=\"696\" height=\"522\" src=\"https:\/\/i0.wp.com\/piracicaba.sp.gov.br\/wp-content\/uploads\/2025\/07\/O-secretario-executivo-de-Cidadania-e-Parcerias-Adriano-Camargo-com-os-eleitos-para-o-Comop-1024x768.jpg?resize=696%2C522&#038;ssl=1\" alt=\"A imagem mostra um grande grupo de pessoas reunidas em um ambiente interno, possivelmente em uma sala de confer\u00eancias ou audit\u00f3rio. Elas est\u00e3o em p\u00e9 e sentadas em frente a uma tela de proje\u00e7\u00e3o que exibe o texto &quot;Lan\u00e7amento do Or\u00e7amento Participativo 2025&quot;. As pessoas parecem estar participando de um evento ou reuni\u00e3o, e muitas delas usam crach\u00e1s com nomes. H\u00e1 uma atmosfera formal, mas tamb\u00e9m amig\u00e1vel e colaborativa. A maioria das pessoas est\u00e1 vestida de forma casual, mas com trajes apropriados para um evento p\u00fablico. A imagem sugere um encontro comunit\u00e1rio ou governamental relacionado \u00e0 participa\u00e7\u00e3o cidad\u00e3 no or\u00e7amento p\u00fablico. A ilumina\u00e7\u00e3o \u00e9 boa, e a qualidade da imagem \u00e9 razo\u00e1vel, permitindo a identifica\u00e7\u00e3o de rostos e detalhes.\" class=\"wp-image-107875\" srcset=\"https:\/\/piracicaba.sp.gov.br\/wp-content\/uploads\/2025\/07\/O-secretario-executivo-de-Cidadania-e-Parcerias-Adriano-Camargo-com-os-eleitos-para-o-Comop-1024x768.jpg 1024w, https:\/\/piracicaba.sp.gov.br\/wp-content\/uploads\/2025\/07\/O-secretario-executivo-de-Cidadania-e-Parcerias-Adriano-Camargo-com-os-eleitos-para-o-Comop-300x225.jpg 300w, https:\/\/piracicaba.sp.gov.br\/wp-content\/uploads\/2025\/07\/O-secretario-executivo-de-Cidadania-e-Parcerias-Adriano-Camargo-com-os-eleitos-para-o-Comop-768x576.jpg 768w, https:\/\/piracicaba.sp.gov.br\/wp-content\/uploads\/2025\/07\/O-secretario-executivo-de-Cidadania-e-Parcerias-Adriano-Camargo-com-os-eleitos-para-o-Comop.jpg 1280w\" data-sizes=\"(max-width: 1024px) 100vw, 1024px\"\/><figcaption class=\"wp-element-caption\">O secret\u00e1rio-executivo de Cidadania e Parcerias, Adriano Camargo, com os eleitos para o Comop<\/figcaption><\/figure>\n<p>Al\u00e9m de Paulo Nardino e Adriano Camargo, compuseram a mesa do Congresso o vereador F\u00e1bio Silva, representando a C\u00e2mara\u00a0Municipal, Cristiane Martins representando a primeira-dama e presidente do Fundo Social de Solidaridade Valkiria Callovi; Marcos Correa representando a secret\u00e1ria de Assist\u00eancia, Desenvolvimento Social e Fam\u00edlia, Fernanda Varandas; Pedro Bressan, representando a secret\u00e1ria de Finan\u00e7as, Karla Lovato, e Renata Lima, representando o secret\u00e1rio de Agricultura, Abastecimento e Meio Ambiente, Maur\u00edcio Perissinotto.<\/p>\n<p>PARTICIPA\u00c7\u00c3O POPULAR\u00a0\u2013 A participa\u00e7\u00e3o ativa da popula\u00e7\u00e3o tamb\u00e9m foi evidenciada por lideran\u00e7as como Elisama Cilene Cordeiro Vieira, 38 anos, eleita conselheira da Regi\u00e3o Norte. Moradora do bairro Bosques do Lenheiro e engajada em a\u00e7\u00f5es sociais, ela destacou a import\u00e2ncia da mobiliza\u00e7\u00e3o popular. \u201c\u00c9 fundamental lutar pela melhoria da cidade. Parabenizo o prefeito pela cria\u00e7\u00e3o da Secretaria de Cidadania, que tem como miss\u00e3o ouvir a popula\u00e7\u00e3o e transformar as demandas em a\u00e7\u00f5es concretas.\u201d<\/p>\n<figure class=\"wp-block-image size-large\"><img data-recalc-dims=\"1\" loading=\"lazy\" data-lazyloaded=\"1\" data-placeholder-resp=\"1024x768\" decoding=\"async\" width=\"696\" height=\"522\" src=\"https:\/\/i0.wp.com\/piracicaba.sp.gov.br\/wp-content\/uploads\/2025\/07\/Elisama-Cilene-Cordeiro-Vieira-foi-eleita-conselheira-da-Regiao-Norte-1024x768.jpg?resize=696%2C522&#038;ssl=1\" alt=\"A imagem mostra uma mulher com a pele clara e cabelos castanhos escuros, vestindo uma jaqueta marrom-avermelhada. Ela est\u00e1 sorrindo para a c\u00e2mera. Ao fundo, h\u00e1 uma tela de proje\u00e7\u00e3o mostrando um banner com o t\u00edtulo &quot;Lan\u00e7amento do Or\u00e7amento Participativo 2025&quot; e o logotipo da prefeitura de Piracicaba. Silhuetas de pessoas participando de uma atividade est\u00e3o representadas no banner. Na frente da mulher h\u00e1 mesas retangulares e cadeiras de pl\u00e1stico pretas, t\u00edpicas de um ambiente de evento ou reuni\u00e3o. A ilumina\u00e7\u00e3o do local parece ser artificial, possivelmente de l\u00e2mpadas fluorescentes. A imagem tem boa resolu\u00e7\u00e3o e nitidez.\" class=\"wp-image-107877\" srcset=\"https:\/\/piracicaba.sp.gov.br\/wp-content\/uploads\/2025\/07\/Elisama-Cilene-Cordeiro-Vieira-foi-eleita-conselheira-da-Regiao-Norte-1024x768.jpg 1024w, https:\/\/piracicaba.sp.gov.br\/wp-content\/uploads\/2025\/07\/Elisama-Cilene-Cordeiro-Vieira-foi-eleita-conselheira-da-Regiao-Norte-300x225.jpg 300w, https:\/\/piracicaba.sp.gov.br\/wp-content\/uploads\/2025\/07\/Elisama-Cilene-Cordeiro-Vieira-foi-eleita-conselheira-da-Regiao-Norte-768x576.jpg 768w, https:\/\/piracicaba.sp.gov.br\/wp-content\/uploads\/2025\/07\/Elisama-Cilene-Cordeiro-Vieira-foi-eleita-conselheira-da-Regiao-Norte.jpg 1280w\" data-sizes=\"(max-width: 1024px) 100vw, 1024px\"\/><figcaption class=\"wp-element-caption\">Elisama Cilene Cordeiro Vieira, foi eleita conselheira da Regi\u00e3o Norte<\/figcaption><\/figure>\n<p>Maria de F\u00e1tima dos Santos, moradora do bairro Alvorada foi eleita conselheira suplente da Regi\u00e3o Leste, tamb\u00e9m ressaltou a import\u00e2ncia do processo. Titular da comiss\u00e3o local de sa\u00fade, ela disse estar na expectativa de que as propostas apresentadas se concretizem.<\/p>\n<figure class=\"wp-block-image size-large\"><img data-recalc-dims=\"1\" loading=\"lazy\" data-lazyloaded=\"1\" data-placeholder-resp=\"1024x768\" decoding=\"async\" width=\"696\" height=\"522\" src=\"https:\/\/i0.wp.com\/piracicaba.sp.gov.br\/wp-content\/uploads\/2025\/07\/Maria-de-Fatima-dos-Santos-moradora-do-bairro-Alvorada-foi-eleita-conselheira-suplente-da-Regiao-Leste-1024x768.jpg?resize=696%2C522&#038;ssl=1\" alt=\"A imagem mostra uma mulher de meia-idade com \u00f3culos de arma\u00e7\u00e3o escura, cabelos castanhos e compridos. Ela est\u00e1 usando um casaco preto por cima de uma camiseta rosa clara com uma estampa que parece dizer &quot;Sun Warm Your Soul&quot; (Sol aquece sua alma). A camiseta tem um desenho de um sol estilizado com um olho no centro.  A mulher est\u00e1 sorrindo levemente e parece estar em um ambiente interno, contra uma parede bege clara. Ela parece calma e serena.  H\u00e1 um cord\u00e3o branco em seu pesco\u00e7o, possivelmente um crach\u00e1.\" class=\"wp-image-107878\" srcset=\"https:\/\/piracicaba.sp.gov.br\/wp-content\/uploads\/2025\/07\/Maria-de-Fatima-dos-Santos-moradora-do-bairro-Alvorada-foi-eleita-conselheira-suplente-da-Regiao-Leste-1024x768.jpg 1024w, https:\/\/piracicaba.sp.gov.br\/wp-content\/uploads\/2025\/07\/Maria-de-Fatima-dos-Santos-moradora-do-bairro-Alvorada-foi-eleita-conselheira-suplente-da-Regiao-Leste-300x225.jpg 300w, https:\/\/piracicaba.sp.gov.br\/wp-content\/uploads\/2025\/07\/Maria-de-Fatima-dos-Santos-moradora-do-bairro-Alvorada-foi-eleita-conselheira-suplente-da-Regiao-Leste-768x576.jpg 768w, https:\/\/piracicaba.sp.gov.br\/wp-content\/uploads\/2025\/07\/Maria-de-Fatima-dos-Santos-moradora-do-bairro-Alvorada-foi-eleita-conselheira-suplente-da-Regiao-Leste.jpg 1280w\" data-sizes=\"(max-width: 1024px) 100vw, 1024px\"\/><figcaption class=\"wp-element-caption\">Maria de F\u00e1tima dos Santos, moradora do bairro Alvorada foi eleita conselheira suplente da Regi\u00e3o Leste<\/figcaption><\/figure>\n<p>Confira abaixo a lista com os conselheiros eleitos:<\/p>\n<p>Regi\u00e3o Central<br \/>Conselheiro Titular: Evandro Hayashi<br \/>Conselheira Suplente: Julia Aparecida Vemeir\u00e3o<\/p>\n<p>Regi\u00e3o Leste<br \/>Conselheiros Titulares: Val\u00e9ria Capes da Cruz e Gilmar Tanno<br \/>Conselheiras Suplentes: Maria de F\u00e1tima dos Santos e Dirce de Souza<\/p>\n<p>Regi\u00e3o Norte<br \/>Conselheiros Titulares: Jackson do Nascimento Santiago e Elisama Cilene Cordeiro Vieira<br \/>Conselheiras Suplentes: Daniela Aparecida Franco e Priscila Soares Corr\u00eaa Agripino<\/p>\n<p>Regi\u00e3o Oeste<br \/>Conselheiros Titulares: Jos\u00e9 Elias Gast\u00e3o e Wilker Antunes Silva<br \/>Conselheiros Suplentes: Elias Luiz de S\u00e1 J\u00fanior e Aristides Galv\u00e3o<\/p>\n<p>Regi\u00e3o Sul<br \/>Conselheiros Titulares: Manoel Martins e Carlos Fernando Vieira<br \/>Conselheiros Suplentes: J\u00falio C\u00e9sar de Moraes Campos e Jos\u00e9 Domingos<\/p>\n<p>Regi\u00e3o Rural<br \/>Conselheira Titular: Michele Damiana Aparecida da Costa<br \/>Conselheira Suplente: Andr\u00e9ia Ranzani Tib\u00e9rio<\/p>\n<\/div>\n<p><br \/>\n<br \/><a href=\"https:\/\/piracicaba.sp.gov.br\/noticias\/congresso-do-orcamento-participativo-elege-conselheiros-e-define-demandas-prioritarias-para-a-cidade\/\" rel=\"noopener\">Informa\u00e7\u00f5es PMP <\/a><\/p>\n","protected":false},"excerpt":{"rendered":"<p>O Congresso foi realizado no Centro de Forma\u00e7\u00e3o Educacional no \u00faltimo s\u00e1bado A Prefeitura de Piracicaba, por meio da Secretaria Municipal de Cidadania e Parcerias, com apoio da Secretaria Municipal de Finan\u00e7as, realizou no s\u00e1bado, 05\/07, o Congresso Municipal do Or\u00e7amento Participativo 2025. Durante o encontro, foram eleitos 10 membros que ir\u00e3o compor o novo [&hellip;]<\/p>\n","protected":false},"author":1,"featured_media":38289,"comment_status":"open","ping_status":"open","sticky":false,"template":"","format":"standard","meta":{"_jetpack_newsletter_access":"","_jetpack_dont_email_post_to_subs":false,"_jetpack_newsletter_tier_id":0,"_jetpack_memberships_contains_paywalled_content":false,"_mbp_banners":[],"_jetpack_feature_clip_id":0,"_jetpack_memberships_contains_paid_content":false,"footnotes":"","jetpack_publicize_message":"","jetpack_publicize_feature_enabled":true,"jetpack_social_post_already_shared":true,"jetpack_social_options":{"image_generator_settings":{"template":"highway","default_image_id":0,"font":"","enabled":false},"version":2},"jetpack_post_was_ever_published":false},"categories":[20],"tags":[],"class_list":["post-38288","post","type-post","status-publish","format-standard","has-post-thumbnail","category-regiao"],"jetpack_publicize_connections":[],"jetpack-related-posts":[],"jetpack_shortlink":"https:\/\/wp.me\/p7Eq1F-9Xy","jetpack_sharing_enabled":true,"jetpack_featured_media_url":"https:\/\/i0.wp.com\/guialimeira.com.br\/news\/wp-content\/uploads\/2025\/07\/O-Congresso-foi-realizado-no-Centro-de-Formacao-Educacional-no-ultimo-sabado-1024x768.jpg?fit=1024%2C768&ssl=1","_links":{"self":[{"href":"https:\/\/guialimeira.com.br\/news\/wp-json\/wp\/v2\/posts\/38288","targetHints":{"allow":["GET"]}}],"collection":[{"href":"https:\/\/guialimeira.com.br\/news\/wp-json\/wp\/v2\/posts"}],"about":[{"href":"https:\/\/guialimeira.com.br\/news\/wp-json\/wp\/v2\/types\/post"}],"author":[{"embeddable":true,"href":"https:\/\/guialimeira.com.br\/news\/wp-json\/wp\/v2\/users\/1"}],"replies":[{"embeddable":true,"href":"https:\/\/guialimeira.com.br\/news\/wp-json\/wp\/v2\/comments?post=38288"}],"version-history":[{"count":0,"href":"https:\/\/guialimeira.com.br\/news\/wp-json\/wp\/v2\/posts\/38288\/revisions"}],"wp:featuredmedia":[{"embeddable":true,"href":"https:\/\/guialimeira.com.br\/news\/wp-json\/wp\/v2\/media\/38289"}],"wp:attachment":[{"href":"https:\/\/guialimeira.com.br\/news\/wp-json\/wp\/v2\/media?parent=38288"}],"wp:term":[{"taxonomy":"category","embeddable":true,"href":"https:\/\/guialimeira.com.br\/news\/wp-json\/wp\/v2\/categories?post=38288"},{"taxonomy":"post_tag","embeddable":true,"href":"https:\/\/guialimeira.com.br\/news\/wp-json\/wp\/v2\/tags?post=38288"}],"curies":[{"name":"wp","href":"https:\/\/api.w.org\/{rel}","templated":true}]}}