{"id":38280,"date":"2025-07-07T21:08:41","date_gmt":"2025-07-08T00:08:41","guid":{"rendered":"https:\/\/guialimeira.com.br\/2025\/07\/07\/primeira-edicao-do-movimentar-ferias-na-avenida-reune-publico-de-300-pessoas-portal-do-municipio-de-piracicaba\/"},"modified":"2025-07-07T21:08:41","modified_gmt":"2025-07-08T00:08:41","slug":"primeira-edicao-do-movimentar-ferias-na-avenida-reune-publico-de-300-pessoas-portal-do-municipio-de-piracicaba","status":"publish","type":"post","link":"https:\/\/guialimeira.com.br\/news\/primeira-edicao-do-movimentar-ferias-na-avenida-reune-publico-de-300-pessoas-portal-do-municipio-de-piracicaba\/","title":{"rendered":"Primeira edi\u00e7\u00e3o do MovimentAr \u2013 F\u00e9rias na Avenida re\u00fane p\u00fablico de 300 pessoas \u2013 Portal do Munic\u00edpio de Piracicaba"},"content":{"rendered":"<p> <br \/>\n<\/p>\n<div>\n<figure class=\"wp-block-image size-large\"><img data-recalc-dims=\"1\" data-lazyloaded=\"1\" data-placeholder-resp=\"1024x576\" fetchpriority=\"high\" decoding=\"async\" width=\"696\" height=\"392\" src=\"https:\/\/i0.wp.com\/piracicaba.sp.gov.br\/wp-content\/uploads\/2025\/07\/Atividades-foram-planejadas-para-pessoas-de-todas-as-idades-1024x576.jpg?resize=696%2C392&#038;ssl=1\" alt=\"A imagem mostra uma rua fechada para o tr\u00e2nsito, onde diversas pessoas est\u00e3o participando de atividades recreativas ao ar livre. Crian\u00e7as correm e brincam no asfalto, enquanto adultos assistem ou participam de jogos de pingue-pongue em mesas montadas na rua. H\u00e1 tamb\u00e9m um grupo de m\u00fasicos tocando instrumentos, e outras pessoas observam ou conversam em grupos menores. A cena se passa em um dia ensolarado, com \u00e1rvores e vegeta\u00e7\u00e3o ao fundo, sugerindo um ambiente de parque ou \u00e1rea de lazer. A atmosfera parece descontra\u00edda e festiva, com um clima de comunidade e divers\u00e3o.\" class=\"wp-image-107881\" srcset=\"https:\/\/piracicaba.sp.gov.br\/wp-content\/uploads\/2025\/07\/Atividades-foram-planejadas-para-pessoas-de-todas-as-idades-1024x576.jpg 1024w, https:\/\/piracicaba.sp.gov.br\/wp-content\/uploads\/2025\/07\/Atividades-foram-planejadas-para-pessoas-de-todas-as-idades-300x169.jpg 300w, https:\/\/piracicaba.sp.gov.br\/wp-content\/uploads\/2025\/07\/Atividades-foram-planejadas-para-pessoas-de-todas-as-idades-768x432.jpg 768w, https:\/\/piracicaba.sp.gov.br\/wp-content\/uploads\/2025\/07\/Atividades-foram-planejadas-para-pessoas-de-todas-as-idades-1536x864.jpg 1536w, https:\/\/piracicaba.sp.gov.br\/wp-content\/uploads\/2025\/07\/Atividades-foram-planejadas-para-pessoas-de-todas-as-idades.jpg 1600w\" data-sizes=\"(max-width: 1024px) 100vw, 1024px\"\/><figcaption class=\"wp-element-caption\"><strong><em><sub>Atividades foram planejadas para pessoas de todas as idades<\/sub><\/em><\/strong><\/figcaption><\/figure>\n<p>Cerca de 300 pessoas participaram ontem, domingo, 6\/07, da primeira edi\u00e7\u00e3o do MovimentAr \u2013 F\u00e9rias na Avenida, programa\u00e7\u00e3o de f\u00e9rias totalmente gratuita oferecida pela Prefeitura de Piracicaba no cal\u00e7ad\u00e3o da avenida Renato Wagner. Das 8h \u00e0s 12h, crian\u00e7as, jovens, adultos e idosos puderam aproveitar diferentes viv\u00eancias esportivas, culturais e de recrea\u00e7\u00e3o. As atividades continuam nos pr\u00f3ximos domingos, dias 13 e 20\/07, com in\u00edcio \u00e0s 9h e t\u00e9rmino tamb\u00e9m \u00e0s 12h. Para os eventos, o tr\u00e2nsito na avenida Renato Wagner ficar\u00e1 interditado para o tr\u00e1fego de ve\u00edculos, mas bols\u00f5es de estacionamento da via poder\u00e3o ser utilizados. A realiza\u00e7\u00e3o \u00e9 das secretarias municipais de Turismo, Cultura e Esportes, em parceria com o Sesc.<\/p>\n<figure class=\"wp-block-image size-large\"><img data-recalc-dims=\"1\" loading=\"lazy\" data-lazyloaded=\"1\" data-placeholder-resp=\"1024x576\" decoding=\"async\" width=\"696\" height=\"392\" src=\"https:\/\/i0.wp.com\/piracicaba.sp.gov.br\/wp-content\/uploads\/2025\/07\/Circo-foi-uma-das-atracoes-culturais-1024x576.jpg?resize=696%2C392&#038;ssl=1\" alt=\"A imagem mostra uma apresenta\u00e7\u00e3o de teatro de fantoches em um parque ao ar livre. Um palco improvisado, montado em uma van, est\u00e1 cercado por um grupo de pessoas, incluindo adultos e crian\u00e7as, que assistem \u00e0 apresenta\u00e7\u00e3o. As \u00e1rvores ao redor fornecem sombra e um cen\u00e1rio natural. Ao fundo, \u00e9 poss\u00edvel ver um rio e pr\u00e9dios distantes. O dia parece ensolarado e agrad\u00e1vel. O ambiente \u00e9 descontra\u00eddo e familiar, sugerindo um evento comunit\u00e1rio ou recreativo. A atmosfera \u00e9 colorida e alegre, com o palco do teatro de fantoches decorado com cores vibrantes.\" class=\"wp-image-107882\" srcset=\"https:\/\/piracicaba.sp.gov.br\/wp-content\/uploads\/2025\/07\/Circo-foi-uma-das-atracoes-culturais-1024x576.jpg 1024w, https:\/\/piracicaba.sp.gov.br\/wp-content\/uploads\/2025\/07\/Circo-foi-uma-das-atracoes-culturais-300x169.jpg 300w, https:\/\/piracicaba.sp.gov.br\/wp-content\/uploads\/2025\/07\/Circo-foi-uma-das-atracoes-culturais-768x432.jpg 768w, https:\/\/piracicaba.sp.gov.br\/wp-content\/uploads\/2025\/07\/Circo-foi-uma-das-atracoes-culturais-1536x864.jpg 1536w, https:\/\/piracicaba.sp.gov.br\/wp-content\/uploads\/2025\/07\/Circo-foi-uma-das-atracoes-culturais.jpg 1600w\" data-sizes=\"(max-width: 1024px) 100vw, 1024px\"\/><figcaption class=\"wp-element-caption\"><strong><em><sub>Circo foi uma das atra\u00e7\u00f5es culturais<\/sub><\/em><\/strong><\/figcaption><\/figure>\n<p>\u201cO domingo come\u00e7ou gelado, mas conforme a temperatura subiu ao longo da manh\u00e3, vimos que o p\u00fablico aproveitou as atividades com muita disposi\u00e7\u00e3o. Fam\u00edlias inteiras compareceram e se divertiram. E esse \u00e9 o nosso prop\u00f3sito, que haja um tempo de qualidade familiar, principalmente neste per\u00edodo de f\u00e9rias escolares\u201d, disse a titular da Secretaria de Turismo de Piracicaba, Clarissa Quiararia.<\/p>\n<figure class=\"wp-block-image size-large\"><img data-recalc-dims=\"1\" loading=\"lazy\" data-lazyloaded=\"1\" data-placeholder-resp=\"1024x576\" decoding=\"async\" width=\"696\" height=\"392\" src=\"https:\/\/i0.wp.com\/piracicaba.sp.gov.br\/wp-content\/uploads\/2025\/07\/Roger-Carneiro-Clarissa-Quiararia-e-Carlos-Beltrame-secretarios-de-Esportes-Turismo-e-Cultura-respectivamente-1024x576.jpg?resize=696%2C392&#038;ssl=1\" alt=\"A imagem mostra tr\u00eas pessoas em p\u00e9 em uma rua, com um fundo de um evento ao ar livre. Duas mulheres e um homem est\u00e3o no centro da foto, sorrindo para a c\u00e2mera. A mulher do meio est\u00e1 usando uma blusa branca e jeans azul. O homem \u00e0 esquerda est\u00e1 usando um casaco azul e jeans. O homem \u00e0 direita est\u00e1 usando uma camisa azul e jeans. Ao fundo, h\u00e1 uma tenda colorida com um letreiro que diz &quot;Teatro de Fantaches&quot;. H\u00e1 pessoas andando ao fundo e outras interagindo com o que parece ser um palco ou apresenta\u00e7\u00e3o. A cena parece ser um dia ensolarado e agrad\u00e1vel. O asfalto da rua est\u00e1 limpo e h\u00e1 \u00e1rvores e grama em ambos os lados da rua.\" class=\"wp-image-107884\" srcset=\"https:\/\/piracicaba.sp.gov.br\/wp-content\/uploads\/2025\/07\/Roger-Carneiro-Clarissa-Quiararia-e-Carlos-Beltrame-secretarios-de-Esportes-Turismo-e-Cultura-respectivamente-1024x576.jpg 1024w, https:\/\/piracicaba.sp.gov.br\/wp-content\/uploads\/2025\/07\/Roger-Carneiro-Clarissa-Quiararia-e-Carlos-Beltrame-secretarios-de-Esportes-Turismo-e-Cultura-respectivamente-300x169.jpg 300w, https:\/\/piracicaba.sp.gov.br\/wp-content\/uploads\/2025\/07\/Roger-Carneiro-Clarissa-Quiararia-e-Carlos-Beltrame-secretarios-de-Esportes-Turismo-e-Cultura-respectivamente-768x432.jpg 768w, https:\/\/piracicaba.sp.gov.br\/wp-content\/uploads\/2025\/07\/Roger-Carneiro-Clarissa-Quiararia-e-Carlos-Beltrame-secretarios-de-Esportes-Turismo-e-Cultura-respectivamente-1536x864.jpg 1536w, https:\/\/piracicaba.sp.gov.br\/wp-content\/uploads\/2025\/07\/Roger-Carneiro-Clarissa-Quiararia-e-Carlos-Beltrame-secretarios-de-Esportes-Turismo-e-Cultura-respectivamente.jpg 1600w\" data-sizes=\"(max-width: 1024px) 100vw, 1024px\"\/><figcaption class=\"wp-element-caption\"><strong><em><sub>Roger Carneiro, Clarissa Quiararia e Carlos Beltrame, secret\u00e1rios de Esportes, Turismo e Cultura, respectivamente<\/sub><\/em><\/strong><\/figcaption><\/figure>\n<p>As atividades oferecidas no \u00faltimo domingo foram jud\u00f4, t\u00eanis de mesa, gin\u00e1stica, alongamento, m\u00fasica ao vivo, circo e brincadeiras de rua. No local estavam dispon\u00edveis, ainda, food trucks, com diversas op\u00e7\u00f5es gastron\u00f4micas.<\/p>\n<p>\u201cAchei esta iniciativa excelente, porque \u00e9 algo que nos tira da rotina. Podemos ter um domingo diferente, ao ar livre. E saber que existir\u00e3o outras atividades nos pr\u00f3ximos domingos me gera uma expectativa muito positiva\u201d, falou Romildo de Oliveira, 34, operador de m\u00e1quinas que participou do MovimentAr junto das filhas Nicolly Castro, 11, e Laura Castro, 7.<\/p>\n<figure class=\"wp-block-image size-large\"><img data-recalc-dims=\"1\" loading=\"lazy\" data-lazyloaded=\"1\" data-placeholder-resp=\"1024x576\" decoding=\"async\" width=\"696\" height=\"392\" src=\"https:\/\/i0.wp.com\/piracicaba.sp.gov.br\/wp-content\/uploads\/2025\/07\/Romildo-de-Oliveira-34-entre-as-filhas-Laura-e-Nicolly-Castro-1024x576.jpg?resize=696%2C392&#038;ssl=1\" alt=\"A imagem mostra um homem com duas crian\u00e7as, aparentemente suas filhas, em um ambiente externo. As meninas est\u00e3o usando uniformes de artes marciais, com cintos azuis. O homem est\u00e1 vestindo uma camiseta cinza e cal\u00e7\u00f5es. Ao fundo, h\u00e1 outras pessoas praticando artes marciais em tatames azuis. O cen\u00e1rio \u00e9 um espa\u00e7o aberto com \u00e1rvores e uma parede de pedra. A atmosfera \u00e9 casual e alegre, sugerindo um momento de orgulho familiar ap\u00f3s uma aula ou evento de artes marciais.\" class=\"wp-image-107885\" srcset=\"https:\/\/piracicaba.sp.gov.br\/wp-content\/uploads\/2025\/07\/Romildo-de-Oliveira-34-entre-as-filhas-Laura-e-Nicolly-Castro-1024x576.jpg 1024w, https:\/\/piracicaba.sp.gov.br\/wp-content\/uploads\/2025\/07\/Romildo-de-Oliveira-34-entre-as-filhas-Laura-e-Nicolly-Castro-300x169.jpg 300w, https:\/\/piracicaba.sp.gov.br\/wp-content\/uploads\/2025\/07\/Romildo-de-Oliveira-34-entre-as-filhas-Laura-e-Nicolly-Castro-768x432.jpg 768w, https:\/\/piracicaba.sp.gov.br\/wp-content\/uploads\/2025\/07\/Romildo-de-Oliveira-34-entre-as-filhas-Laura-e-Nicolly-Castro-1536x864.jpg 1536w, https:\/\/piracicaba.sp.gov.br\/wp-content\/uploads\/2025\/07\/Romildo-de-Oliveira-34-entre-as-filhas-Laura-e-Nicolly-Castro.jpg 1600w\" data-sizes=\"(max-width: 1024px) 100vw, 1024px\"\/><figcaption class=\"wp-element-caption\"><strong><em><sub>Romildo de Oliveira, 34, entre as filhas Laura e Nicolly Castro<\/sub><\/em><\/strong><\/figcaption><\/figure>\n<p>Quem tamb\u00e9m aprovou a ideia foi Leticia Bossonario, 41, servidora p\u00fablica que estava acompanhada da m\u00e3e e dois sobrinhos. \u201cFicamos sabendo da programa\u00e7\u00e3o antes e ent\u00e3o j\u00e1 escolhemos o que gostar\u00edamos de aproveitar, como gin\u00e1stica e circo. E como existir\u00e3o nos pr\u00f3ximos domingos, j\u00e1 vou espalhar para os amigos, porque \u00e9 muito interessante, principalmente para quem tem crian\u00e7as\u201d, avaliou.<\/p>\n<figure class=\"wp-block-image size-large\"><img data-recalc-dims=\"1\" loading=\"lazy\" data-lazyloaded=\"1\" data-placeholder-resp=\"1024x576\" decoding=\"async\" width=\"696\" height=\"392\" src=\"https:\/\/i0.wp.com\/piracicaba.sp.gov.br\/wp-content\/uploads\/2025\/07\/Leticia-Bossonario-41-compareceu-ao-evento-com-a-mae-e-dois-sobrinhos-1024x576.jpg?resize=696%2C392&#038;ssl=1\" alt=\"A imagem mostra uma fam\u00edlia de quatro pessoas em um passeio ao ar livre. Duas mulheres adultas, uma mais jovem com \u00f3culos de sol e um su\u00e9ter multicolorido e outra mais velha com um casaco bege, est\u00e3o em p\u00e9 lado a lado. Entre elas est\u00e3o duas crian\u00e7as, uma menina pequena de cabelo afro usando um casaco xadrez e um menino um pouco mais velho com uma touca e uma camiseta azul com um desenho do Batman. As mulheres est\u00e3o segurando as crian\u00e7as. As crian\u00e7as est\u00e3o sorrindo e os adultos parecem felizes e relaxados. O fundo \u00e9 um pouco desfocado, mostrando uma paisagem urbana com \u00e1rvores e pr\u00e9dios ao longe. O piso \u00e9 de tijolos e h\u00e1 um caminho pavimentado onde a fam\u00edlia est\u00e1 caminhando. A atmosfera geral da imagem \u00e9 de alegria e uni\u00e3o familiar.\" class=\"wp-image-107883\" srcset=\"https:\/\/piracicaba.sp.gov.br\/wp-content\/uploads\/2025\/07\/Leticia-Bossonario-41-compareceu-ao-evento-com-a-mae-e-dois-sobrinhos-1024x576.jpg 1024w, https:\/\/piracicaba.sp.gov.br\/wp-content\/uploads\/2025\/07\/Leticia-Bossonario-41-compareceu-ao-evento-com-a-mae-e-dois-sobrinhos-300x169.jpg 300w, https:\/\/piracicaba.sp.gov.br\/wp-content\/uploads\/2025\/07\/Leticia-Bossonario-41-compareceu-ao-evento-com-a-mae-e-dois-sobrinhos-768x432.jpg 768w, https:\/\/piracicaba.sp.gov.br\/wp-content\/uploads\/2025\/07\/Leticia-Bossonario-41-compareceu-ao-evento-com-a-mae-e-dois-sobrinhos-1536x864.jpg 1536w, https:\/\/piracicaba.sp.gov.br\/wp-content\/uploads\/2025\/07\/Leticia-Bossonario-41-compareceu-ao-evento-com-a-mae-e-dois-sobrinhos.jpg 1600w\" data-sizes=\"(max-width: 1024px) 100vw, 1024px\"\/><figcaption class=\"wp-element-caption\"><strong><em><sub>Leticia Bossonario, 41, compareceu ao evento com a m\u00e3e e dois sobrinhos<\/sub><\/em><\/strong><\/figcaption><\/figure>\n<p><strong>PR\u00d3XIMO \u2013\u00a0<\/strong>No pr\u00f3ximo domingo, 13\/07, a programa\u00e7\u00e3o prevista cont\u00e9m gin\u00e1stica, yoga, atletismo, v\u00f4lei adaptado, karat\u00ea, conta\u00e7\u00e3o de hist\u00f3rias e tamb\u00e9m food trucks. Em todas as viv\u00eancias esportivas haver\u00e1 monitoria de equipe t\u00e9cnica de professores da Secretaria de Esportes, visando a seguran\u00e7a na execu\u00e7\u00e3o dos movimentos esportivos. \u201cEstamos ansiosos para ver mais pessoas aproveitando este espa\u00e7o da cidade, participando das viv\u00eancias, aprendendo e se divertindo\u201d, comentou Roger Carneiro, secret\u00e1rio de Esportes.<\/p>\n<p><strong>EVENTO \u2013<\/strong>\u00a0O nome MovimentAr, com destaque para o Ar no final da palavra, foi pensado para que as fam\u00edlias, pessoas de todas as idades, tanto piracicabanos quanto turistas, aproveitem os domingos de julho para colocar o corpo em movimento, ao ar livre. Al\u00e9m disso, a proposta do Ar \u00e9 alusiva \u00e0 identidade do dialeto piracicabano, que \u00e9 patrim\u00f4nio imaterial da cidade.<\/p>\n<p>\u201cAl\u00e9m da diversidade de atividades gratuitas, temos a estrutura necess\u00e1ria para a tranquilidade do cidad\u00e3o durante o evento, como bebedouros de \u00e1gua, banheiros e lixeiras. Tudo planejado para que sejam manh\u00e3s de experi\u00eancias inesquec\u00edveis\u201d, afirmou o secret\u00e1rio de Cultura, Carlos Beltrame.<\/p>\n<p><strong>TRANSPORTE P\u00daBLICO \u2013\u00a0<\/strong>Quem desejar utilizar o transporte p\u00fablico para chegar \u00e0 avenida Renato Wagner, as linhas de \u00f4nibus que t\u00eam ponto de parada nas proximidades da via s\u00e3o 103 \u2013 Nh\u00f4 Quim, 106 \u2013 Algodoal, 119 \u2013 Godinhos, 120 \u2013 M\u00e1rio Dedini, 123 \u2013 Vila F\u00e1tima, 124 \u2013 Gilda, 126 \u2013 Bosques do Lenheiro, 401 \u2013 \u00c1rtemis, 406 \u2013 Bessy, 444 \u2013 S\u00f4nia \/ Centro, 501 \u2013 Tanquinho, 503 \u2013 Santa Rosa e 505 \u2013 Uninorte. Os hor\u00e1rios e itiner\u00e1rios completos podem ser consultados em piramobilidade.com.br.<\/p>\n<p><strong>ESTACIONAMENTO \u2013\u00a0<\/strong>A\u00a0avenida\u00a0Renato Wagner fica fechado para o tr\u00e1fego de ve\u00edculos durante os dias da programa\u00e7\u00e3o de f\u00e9rias, entretanto, os que optarem por chegar ao local com transporte pr\u00f3prio podem estacionar nos bols\u00f5es de estacionamento liberados na pr\u00f3pria via ou em ruas na regi\u00e3o, como a rua Luiz de Queiroz, as avenidas Beira Rio, Juscelino Kubitschek de Oliveira e Torquato da Silva Leit\u00e3o, al\u00e9m do Parque do Mirante (avenida Dr. Maurice Allain). Caso o participante opte pelo uso de bicicletas, pode estacionar a bike no biciclet\u00e1rio da avenida Renato Wagner.<\/p>\n<\/div>\n<p><br \/>\n<br \/><a href=\"https:\/\/piracicaba.sp.gov.br\/noticias\/primeira-edicao-do-movimentar-ferias-na-avenida-reune-publico-de-300-pessoas\/\" rel=\"noopener\">Informa\u00e7\u00f5es PMP <\/a><\/p>\n","protected":false},"excerpt":{"rendered":"<p>Atividades foram planejadas para pessoas de todas as idades Cerca de 300 pessoas participaram ontem, domingo, 6\/07, da primeira edi\u00e7\u00e3o do MovimentAr \u2013 F\u00e9rias na Avenida, programa\u00e7\u00e3o de f\u00e9rias totalmente gratuita oferecida pela Prefeitura de Piracicaba no cal\u00e7ad\u00e3o da avenida Renato Wagner. Das 8h \u00e0s 12h, crian\u00e7as, jovens, adultos e idosos puderam aproveitar diferentes viv\u00eancias [&hellip;]<\/p>\n","protected":false},"author":1,"featured_media":38281,"comment_status":"open","ping_status":"open","sticky":false,"template":"","format":"standard","meta":{"_jetpack_newsletter_access":"","_jetpack_dont_email_post_to_subs":false,"_jetpack_newsletter_tier_id":0,"_jetpack_memberships_contains_paywalled_content":false,"_mbp_banners":[],"_jetpack_feature_clip_id":0,"_jetpack_memberships_contains_paid_content":false,"footnotes":"","jetpack_publicize_message":"","jetpack_publicize_feature_enabled":true,"jetpack_social_post_already_shared":true,"jetpack_social_options":{"image_generator_settings":{"template":"highway","default_image_id":0,"font":"","enabled":false},"version":2},"jetpack_post_was_ever_published":false},"categories":[20],"tags":[],"class_list":["post-38280","post","type-post","status-publish","format-standard","has-post-thumbnail","category-regiao"],"jetpack_publicize_connections":[],"jetpack-related-posts":[],"jetpack_shortlink":"https:\/\/wp.me\/p7Eq1F-9Xq","jetpack_sharing_enabled":true,"jetpack_featured_media_url":"https:\/\/i0.wp.com\/guialimeira.com.br\/news\/wp-content\/uploads\/2025\/07\/Atividades-foram-planejadas-para-pessoas-de-todas-as-idades-1024x576.jpg?fit=1024%2C576&ssl=1","_links":{"self":[{"href":"https:\/\/guialimeira.com.br\/news\/wp-json\/wp\/v2\/posts\/38280","targetHints":{"allow":["GET"]}}],"collection":[{"href":"https:\/\/guialimeira.com.br\/news\/wp-json\/wp\/v2\/posts"}],"about":[{"href":"https:\/\/guialimeira.com.br\/news\/wp-json\/wp\/v2\/types\/post"}],"author":[{"embeddable":true,"href":"https:\/\/guialimeira.com.br\/news\/wp-json\/wp\/v2\/users\/1"}],"replies":[{"embeddable":true,"href":"https:\/\/guialimeira.com.br\/news\/wp-json\/wp\/v2\/comments?post=38280"}],"version-history":[{"count":0,"href":"https:\/\/guialimeira.com.br\/news\/wp-json\/wp\/v2\/posts\/38280\/revisions"}],"wp:featuredmedia":[{"embeddable":true,"href":"https:\/\/guialimeira.com.br\/news\/wp-json\/wp\/v2\/media\/38281"}],"wp:attachment":[{"href":"https:\/\/guialimeira.com.br\/news\/wp-json\/wp\/v2\/media?parent=38280"}],"wp:term":[{"taxonomy":"category","embeddable":true,"href":"https:\/\/guialimeira.com.br\/news\/wp-json\/wp\/v2\/categories?post=38280"},{"taxonomy":"post_tag","embeddable":true,"href":"https:\/\/guialimeira.com.br\/news\/wp-json\/wp\/v2\/tags?post=38280"}],"curies":[{"name":"wp","href":"https:\/\/api.w.org\/{rel}","templated":true}]}}