{"id":38274,"date":"2025-07-07T20:07:37","date_gmt":"2025-07-07T23:07:37","guid":{"rendered":"https:\/\/guialimeira.com.br\/2025\/07\/07\/confira-como-funciona-a-cidade-no-feriado-da-revolucao-constitucionalista-de-1932-quarta-feira-dia-09-07-portal-do-municipio-de-piracicaba\/"},"modified":"2025-07-07T20:07:37","modified_gmt":"2025-07-07T23:07:37","slug":"confira-como-funciona-a-cidade-no-feriado-da-revolucao-constitucionalista-de-1932-quarta-feira-dia-09-07-portal-do-municipio-de-piracicaba","status":"publish","type":"post","link":"https:\/\/guialimeira.com.br\/news\/confira-como-funciona-a-cidade-no-feriado-da-revolucao-constitucionalista-de-1932-quarta-feira-dia-09-07-portal-do-municipio-de-piracicaba\/","title":{"rendered":"Confira como funciona a cidade no feriado da Revolu\u00e7\u00e3o Constitucionalista de 1932,\u00a0quarta-feira,\u00a0dia 09\/07 \u2013 Portal do Munic\u00edpio de Piracicaba"},"content":{"rendered":"<p> <br \/>\n<\/p>\n<div>\n<figure class=\"wp-block-image size-large\"><img data-recalc-dims=\"1\" fetchpriority=\"high\" decoding=\"async\" width=\"696\" height=\"392\" src=\"https:\/\/i0.wp.com\/piracicaba.sp.gov.br\/wp-content\/uploads\/2025\/07\/Mercado-Municipal-e-comercio-abrirao-em-horario-especial-neste-feriado-1024x576.jpg?resize=696%2C392&#038;ssl=1\" alt=\"A imagem mostra uma vista a\u00e9rea de uma \u00e1rea urbana, provavelmente uma cidade brasileira, com uma mistura de arquitetura antiga e moderna. No centro da imagem, destaca-se um mercado municipal de estrutura antiga, com telhas vermelhas e um p\u00e1tio de estacionamento em frente. Ao redor do mercado, h\u00e1 pr\u00e9dios de v\u00e1rios andares, alguns mais antigos e outros mais modernos, representando a evolu\u00e7\u00e3o urbana da regi\u00e3o. As ruas s\u00e3o relativamente estreitas e arborizadas, com alguns carros estacionados e outros em circula\u00e7\u00e3o. Na parte inferior direita, uma torre de igreja de tijolo vermelho e estilo g\u00f3tico se sobressai, apresentando um rel\u00f3gio em seu centro. A imagem sugere uma cidade com uma hist\u00f3ria rica, combinando elementos antigos e contempor\u00e2neos em sua paisagem urbana. A ilumina\u00e7\u00e3o e as sombras indicam que a foto foi tirada durante o dia, em um clima ensolarado. A imagem como um todo \u00e9 rica em detalhes, permitindo uma boa observa\u00e7\u00e3o da organiza\u00e7\u00e3o urbana e da arquitetura local.\" class=\"wp-image-107888\" srcset=\"https:\/\/piracicaba.sp.gov.br\/wp-content\/uploads\/2025\/07\/Mercado-Municipal-e-comercio-abrirao-em-horario-especial-neste-feriado-1024x576.jpg 1024w, https:\/\/piracicaba.sp.gov.br\/wp-content\/uploads\/2025\/07\/Mercado-Municipal-e-comercio-abrirao-em-horario-especial-neste-feriado-300x169.jpg 300w, https:\/\/piracicaba.sp.gov.br\/wp-content\/uploads\/2025\/07\/Mercado-Municipal-e-comercio-abrirao-em-horario-especial-neste-feriado-768x432.jpg 768w, https:\/\/piracicaba.sp.gov.br\/wp-content\/uploads\/2025\/07\/Mercado-Municipal-e-comercio-abrirao-em-horario-especial-neste-feriado-1536x864.jpg 1536w, https:\/\/piracicaba.sp.gov.br\/wp-content\/uploads\/2025\/07\/Mercado-Municipal-e-comercio-abrirao-em-horario-especial-neste-feriado.jpg 1600w\" sizes=\"(max-width: 1024px) 100vw, 1024px\"\/><figcaption class=\"wp-element-caption\"><strong><em><sub>Mercado Municipal e com\u00e9rcio abrir\u00e3o em hor\u00e1rio especial neste feriado<\/sub><\/em><\/strong><\/figcaption><\/figure>\n<p><strong>Prefeitura de Piracicaba \u2013<\/strong>\u00a0Fechada<\/p>\n<p><strong>C\u00e2mara Municipal \u2013<\/strong>\u00a0Fechada<\/p>\n<p><strong>Ipasp \u2013<\/strong>\u00a0Fechado<\/p>\n<p><strong>Poupatempo Municipal \u2013<\/strong>\u00a0Fechado<\/p>\n<p><strong>Poupatempo Estadual \u2013\u00a0<\/strong>Fechado<\/p>\n<p><strong>Transporte p\u00fablico \u2013<\/strong>\u00a0Linhas operar\u00e3o com hor\u00e1rios de domingos e feriados, exceto as linhas 210 (Unileste), 416 (Uninoroste\/TVS), 505 (Uninorte) e 507 (Pq. Automotivo via Hyundai) que operam com hor\u00e1rio de dias \u00fateis. A loja Pira Mobilidade estar\u00e1 fechada<\/p>\n<p><strong>Coleta de lixo domiciliar \u2013<\/strong>\u00a0Funciona normalmente<\/p>\n<p><strong>Com\u00e9rcio \u2013\u00a0<\/strong>Com\u00e9rcio de rua e corredores comerciais funcionam das 9h \u00e0s 16h<\/p>\n<p><strong>Shopping \u2013\u00a0<\/strong>As lojas funcionam das 14h \u00e0s 20h, enquanto a pra\u00e7a de alimenta\u00e7\u00e3o ficar\u00e1 aberta das 11h \u00e0s 22h<\/p>\n<p><strong>Bancos \u2013<\/strong>\u00a0Fechados<\/p>\n<p><strong>Sa\u00fade \u2013<\/strong>\u00a0Todos os servi\u00e7os de emerg\u00eancia funcionam normalmente. As UPAs (Unidades de Pronto Atendimento) e COT (Central de Ortopedia e Traumatologia) funcionam 24h. SAMU atende normalmente pelo telefone 192. J\u00e1 as UBSs (Unidades B\u00e1sica de Sa\u00fade), CRABs (Centros de Refer\u00eancia da Aten\u00e7\u00e3o B\u00e1sica) e USFs (Unidades de Sa\u00fade da Fam\u00edlia) estar\u00e3o fechadas no feriado<\/p>\n<p><strong>Assist\u00eancia Social \u2013\u00a0<\/strong>Os Centros de Refer\u00eancia de Assist\u00eancia Social (Cras) Jardim S\u00e3o Paulo, Piracicamirim, M\u00e1rio Dedini, S\u00e3o Jos\u00e9, Vila S\u00f4nia e Novo Horizonte, Centro de Refer\u00eancia Especializado de Assist\u00eancia Social (Creas), Centro Pop, Cadastro \u00danico e Servi\u00e7o Especializado em Abordagem Social (Seas) n\u00e3o ter\u00e3o atendimento<\/p>\n<p><strong>Abastecimento (varej\u00f5es municipais) \u2013\u00a0<\/strong>O Varej\u00e3o Municipal Vila S\u00f4nia I ter\u00e1 funcionamento das 6h \u00e0s 11h; Varej\u00e3o Central (vespertino), das 14h \u00e0s 19h; e Paulista II, das 14h \u00e0s 19h30.<\/p>\n<p><strong>Mercado Municipal \u2013\u00a0<\/strong>Funciona das 6h \u00e0s 12h<\/p>\n<p><strong>Zool\u00f3gico e Para\u00edso da Crian\u00e7a \u2013\u00a0<\/strong>O Zoo funcionar\u00e1 das 9h \u00e0s 16h, e o Para\u00edso da Crian\u00e7a, das 9h \u00e0s 20h<\/p>\n<p><strong>Parques P\u00fablicos \u2013\u00a0<\/strong>Abertos: Pq. da Rua do Porto, das 6h \u00e0s 21h30; Pq. do Piracicamirim, 6h \u00e0s 21h; Pq. do Monte L\u00edbano, das 6h \u00e0s 21h;\u00a0Engenho Central, das 6h \u00e0s 22h; Parque da Esta\u00e7\u00e3o da Paulista, das 05h \u00e0s 22h<\/p>\n<p><strong>Museu da \u00c1gua e Aqu\u00e1rio \u2013\u00a0<\/strong>Funcionar\u00e3o normalmente, das 9h \u00e0s 17h<\/p>\n<p><strong>Cultura \u2013\u00a0<\/strong>Sede da Secretaria de Cultura, Centros Culturais Nh\u00f4 Serra, Hugo Pedro Carradore, Antonio Pacheco, Maria Dirce e Isa\u00edra Aparecida Barbosa \u2013 \u201cZaz\u00e1\u201d, Quiosque da Leitura (Parque da Rua do Porto), Armaz\u00e9m 8A \u2013 Exposi\u00e7\u00e3o Permanente do Cedhu e Pinacoteca Municipal Miguel Dutra, Casa do Povoador, Teatro Dr. Losso Netto, Teatro Erot\u00eddes de Campos \u2013 Fechados<\/p>\n<p>Biblioteca P\u00fablica Municipal Ricardo Ferraz de Arruda Pinto \u2013 fechada ao p\u00fablico, com funcionamento interno das 13h \u00e0s 17h para a Festa Julina das Crian\u00e7as.<\/p>\n<p>Museu Prudente de Moraes \u2013 aberto das 10h \u00e0s 14h<\/p>\n<p>Museu da Imagem e do Som de Piracicaba (MISP) \u2013 aberto das 08h \u00e0s 15h<\/p>\n<p><strong>Turismo \u2013\u00a0<\/strong>Elevador Tur\u00edstico Alto do Mirante \u2013 s\u00e1bados, domingos e feriados, das 10h \u00e0s 18h<br \/>Pedalinho \u2013 s\u00e1bados, domingos e feriados, das 9h \u00e0s 18h<br \/>Passeio de Barco \u2013 s\u00e1bados, domingos e feriados, das 9h \u00e0s 18h<br \/>Feira de Artesanato da Rua do Porto \u2013 s\u00e1bados, domingos e feriados, das 10h \u00e0s 17h<br \/>Casa do Artes\u00e3o do Engenho Central \u2013 s\u00e1bados, domingos e feriados, das 10h \u00e0s 18h<br \/>Complexo Gastron\u00f4mico da Rua do Porto \u2013 Aberto<\/p>\n<p>Pelot\u00e3o Ambiental \u2013 3422-0200 \u2013 24 horas \u2013 Defesa Civil (199) \u2013 24 horas, Pol\u00edcia Militar (190) \u2013 24 horas, Pol\u00edcia Civil (197) \u2013 24 horas, Guarda Civil (153) \u2013 24 horas, Corpo de Bombeiros (193) \u2013 24 horas, Pol\u00edcia Rodovi\u00e1ria \u2013 3424-2872 \u2013 24 horas e CPFL (0800-0101010) \u2013 24 horas.<\/p>\n<p><strong>(Programa\u00e7\u00e3o sujeita a altera\u00e7\u00f5es)<\/strong><\/p>\n<\/p><\/div>\n<p><br \/>\n<br \/><a href=\"https:\/\/piracicaba.sp.gov.br\/noticias\/confira-como-funciona-a-cidade-no-feriado-da-revolucao-constitucionalista-de-1932-quarta-feira-dia-09-07\/\" rel=\"noopener\">Informa\u00e7\u00f5es PMP <\/a><\/p>\n","protected":false},"excerpt":{"rendered":"<p>Mercado Municipal e com\u00e9rcio abrir\u00e3o em hor\u00e1rio especial neste feriado Prefeitura de Piracicaba \u2013\u00a0Fechada C\u00e2mara Municipal \u2013\u00a0Fechada Ipasp \u2013\u00a0Fechado Poupatempo Municipal \u2013\u00a0Fechado Poupatempo Estadual \u2013\u00a0Fechado Transporte p\u00fablico \u2013\u00a0Linhas operar\u00e3o com hor\u00e1rios de domingos e feriados, exceto as linhas 210 (Unileste), 416 (Uninoroste\/TVS), 505 (Uninorte) e 507 (Pq. Automotivo via Hyundai) que operam com hor\u00e1rio de [&hellip;]<\/p>\n","protected":false},"author":1,"featured_media":38275,"comment_status":"open","ping_status":"open","sticky":false,"template":"","format":"standard","meta":{"_jetpack_newsletter_access":"","_jetpack_dont_email_post_to_subs":false,"_jetpack_newsletter_tier_id":0,"_jetpack_memberships_contains_paywalled_content":false,"_mbp_banners":[],"_jetpack_feature_clip_id":0,"_jetpack_memberships_contains_paid_content":false,"footnotes":"","jetpack_publicize_message":"","jetpack_publicize_feature_enabled":true,"jetpack_social_post_already_shared":true,"jetpack_social_options":{"image_generator_settings":{"template":"highway","default_image_id":0,"font":"","enabled":false},"version":2},"jetpack_post_was_ever_published":false},"categories":[20],"tags":[],"class_list":["post-38274","post","type-post","status-publish","format-standard","has-post-thumbnail","category-regiao"],"jetpack_publicize_connections":[],"jetpack-related-posts":[],"jetpack_shortlink":"https:\/\/wp.me\/p7Eq1F-9Xk","jetpack_sharing_enabled":true,"jetpack_featured_media_url":"https:\/\/i0.wp.com\/guialimeira.com.br\/news\/wp-content\/uploads\/2025\/07\/Mercado-Municipal-e-comercio-abrirao-em-horario-especial-neste-feriado-1024x576.jpg?fit=1024%2C576&ssl=1","_links":{"self":[{"href":"https:\/\/guialimeira.com.br\/news\/wp-json\/wp\/v2\/posts\/38274","targetHints":{"allow":["GET"]}}],"collection":[{"href":"https:\/\/guialimeira.com.br\/news\/wp-json\/wp\/v2\/posts"}],"about":[{"href":"https:\/\/guialimeira.com.br\/news\/wp-json\/wp\/v2\/types\/post"}],"author":[{"embeddable":true,"href":"https:\/\/guialimeira.com.br\/news\/wp-json\/wp\/v2\/users\/1"}],"replies":[{"embeddable":true,"href":"https:\/\/guialimeira.com.br\/news\/wp-json\/wp\/v2\/comments?post=38274"}],"version-history":[{"count":0,"href":"https:\/\/guialimeira.com.br\/news\/wp-json\/wp\/v2\/posts\/38274\/revisions"}],"wp:featuredmedia":[{"embeddable":true,"href":"https:\/\/guialimeira.com.br\/news\/wp-json\/wp\/v2\/media\/38275"}],"wp:attachment":[{"href":"https:\/\/guialimeira.com.br\/news\/wp-json\/wp\/v2\/media?parent=38274"}],"wp:term":[{"taxonomy":"category","embeddable":true,"href":"https:\/\/guialimeira.com.br\/news\/wp-json\/wp\/v2\/categories?post=38274"},{"taxonomy":"post_tag","embeddable":true,"href":"https:\/\/guialimeira.com.br\/news\/wp-json\/wp\/v2\/tags?post=38274"}],"curies":[{"name":"wp","href":"https:\/\/api.w.org\/{rel}","templated":true}]}}