{"id":38273,"date":"2025-07-07T19:06:42","date_gmt":"2025-07-07T22:06:42","guid":{"rendered":"https:\/\/guialimeira.com.br\/2025\/07\/07\/semae-divulga-programacao-de-servicos-07-07-portal-do-municipio-de-piracicaba\/"},"modified":"2025-07-07T19:06:42","modified_gmt":"2025-07-07T22:06:42","slug":"semae-divulga-programacao-de-servicos-07-07-portal-do-municipio-de-piracicaba","status":"publish","type":"post","link":"https:\/\/guialimeira.com.br\/news\/semae-divulga-programacao-de-servicos-07-07-portal-do-municipio-de-piracicaba\/","title":{"rendered":"Semae divulga programa\u00e7\u00e3o de servi\u00e7os \u2013 07\/07 \u2013 Portal do Munic\u00edpio de Piracicaba"},"content":{"rendered":"<p> <br \/>\n<br \/><img data-recalc-dims=\"1\" decoding=\"async\" src=\"https:\/\/i0.wp.com\/piracicaba.sp.gov.br\/wp-content\/uploads\/2025\/05\/thumbnail_semae_v2.png?w=696&#038;ssl=1\" \/><\/p>\n<div>\n<p>O Semae realiza nesta segunda-feira, dia 07\/07, manuten\u00e7\u00f5es e reparos nos seguintes pontos da cidade:<\/p>\n<p>Avenida Independ\u00eancia (Frente a Igreja S\u00e3o Judas)<\/p>\n<p>Rua Silveira Sampaio, 126<\/p>\n<p>Rua Serra Azul, 627<\/p>\n<p>Rua S\u00e3o Sim\u00e3o, 60<\/p>\n<p>Rua Luc\u00e9lia, 100<\/p>\n<p>Rua Benjamin Constant, 682<\/p>\n<p>Rua Regente Feij\u00f3, 933<\/p>\n<p>Rua Dona Celeste Cecilia C. Breglia, 04<\/p>\n<p>Rua Frei Henrique de Coimbra, 355<\/p>\n<p><em>A programa\u00e7\u00e3o de servi\u00e7os est\u00e1 sujeita a suspens\u00e3o ou altera\u00e7\u00f5es em caso de chuvas, tempestades e opera\u00e7\u00f5es emergenciais.<\/em><\/p>\n<p><strong><a>Canais de atendimento \u00e0 popula\u00e7\u00e3o:<\/a><\/strong><\/p>\n<p>WhatsApp 24h: (19) 3403-9608<\/p>\n<p>Central 24h: 0800 772 9611<\/p>\n<p>Disque 115 (somente telefone fixo)<\/p>\n<p>Site: semaepiracicaba.sp.gov.br<\/p>\n<p>Ag\u00eanciaWeb: agenciaweb.semaepiracicaba.sp.gov.br<\/p>\n<\/p><\/div>\n<p><br \/>\n<br \/><a href=\"https:\/\/piracicaba.sp.gov.br\/noticias\/semae-divulga-programacao-de-servicos-07-07\/\" rel=\"noopener\">Informa\u00e7\u00f5es PMP <\/a><\/p>\n","protected":false},"excerpt":{"rendered":"<p>O Semae realiza nesta segunda-feira, dia 07\/07, manuten\u00e7\u00f5es e reparos nos seguintes pontos da cidade: Avenida Independ\u00eancia (Frente a Igreja S\u00e3o Judas) Rua Silveira Sampaio, 126 Rua Serra Azul, 627 Rua S\u00e3o Sim\u00e3o, 60 Rua Luc\u00e9lia, 100 Rua Benjamin Constant, 682 Rua Regente Feij\u00f3, 933 Rua Dona Celeste Cecilia C. Breglia, 04 Rua Frei Henrique [&hellip;]<\/p>\n","protected":false},"author":1,"featured_media":34084,"comment_status":"open","ping_status":"open","sticky":false,"template":"","format":"standard","meta":{"_jetpack_newsletter_access":"","_jetpack_dont_email_post_to_subs":false,"_jetpack_newsletter_tier_id":0,"_jetpack_memberships_contains_paywalled_content":false,"_mbp_banners":[],"_jetpack_feature_clip_id":0,"_jetpack_memberships_contains_paid_content":false,"footnotes":"","jetpack_publicize_message":"","jetpack_publicize_feature_enabled":true,"jetpack_social_post_already_shared":true,"jetpack_social_options":{"image_generator_settings":{"template":"highway","default_image_id":0,"font":"","enabled":false},"version":2},"jetpack_post_was_ever_published":false},"categories":[20],"tags":[],"class_list":["post-38273","post","type-post","status-publish","format-standard","has-post-thumbnail","category-regiao"],"jetpack_publicize_connections":[],"jetpack-related-posts":[],"jetpack_shortlink":"https:\/\/wp.me\/p7Eq1F-9Xj","jetpack_sharing_enabled":true,"jetpack_featured_media_url":"https:\/\/i0.wp.com\/guialimeira.com.br\/news\/wp-content\/uploads\/2025\/05\/thumbnail_semae_v2.png?fit=278%2C230&ssl=1","_links":{"self":[{"href":"https:\/\/guialimeira.com.br\/news\/wp-json\/wp\/v2\/posts\/38273","targetHints":{"allow":["GET"]}}],"collection":[{"href":"https:\/\/guialimeira.com.br\/news\/wp-json\/wp\/v2\/posts"}],"about":[{"href":"https:\/\/guialimeira.com.br\/news\/wp-json\/wp\/v2\/types\/post"}],"author":[{"embeddable":true,"href":"https:\/\/guialimeira.com.br\/news\/wp-json\/wp\/v2\/users\/1"}],"replies":[{"embeddable":true,"href":"https:\/\/guialimeira.com.br\/news\/wp-json\/wp\/v2\/comments?post=38273"}],"version-history":[{"count":0,"href":"https:\/\/guialimeira.com.br\/news\/wp-json\/wp\/v2\/posts\/38273\/revisions"}],"wp:featuredmedia":[{"embeddable":true,"href":"https:\/\/guialimeira.com.br\/news\/wp-json\/wp\/v2\/media\/34084"}],"wp:attachment":[{"href":"https:\/\/guialimeira.com.br\/news\/wp-json\/wp\/v2\/media?parent=38273"}],"wp:term":[{"taxonomy":"category","embeddable":true,"href":"https:\/\/guialimeira.com.br\/news\/wp-json\/wp\/v2\/categories?post=38273"},{"taxonomy":"post_tag","embeddable":true,"href":"https:\/\/guialimeira.com.br\/news\/wp-json\/wp\/v2\/tags?post=38273"}],"curies":[{"name":"wp","href":"https:\/\/api.w.org\/{rel}","templated":true}]}}