{"id":38268,"date":"2025-07-07T18:05:39","date_gmt":"2025-07-07T21:05:39","guid":{"rendered":"https:\/\/guialimeira.com.br\/2025\/07\/07\/engenho-central-sediara-o-iv-congresso-da-organizacao-paulista-de-arte-educacao-portal-do-municipio-de-piracicaba\/"},"modified":"2025-07-07T18:05:39","modified_gmt":"2025-07-07T21:05:39","slug":"engenho-central-sediara-o-iv-congresso-da-organizacao-paulista-de-arte-educacao-portal-do-municipio-de-piracicaba","status":"publish","type":"post","link":"https:\/\/guialimeira.com.br\/news\/engenho-central-sediara-o-iv-congresso-da-organizacao-paulista-de-arte-educacao-portal-do-municipio-de-piracicaba\/","title":{"rendered":"Engenho Central sediar\u00e1 o IV\u00a0Congresso da Organiza\u00e7\u00e3o Paulista de Arte Educa\u00e7\u00e3o \u2013 Portal do Munic\u00edpio de Piracicaba"},"content":{"rendered":"<p> <br \/>\n<\/p>\n<div>\n<figure class=\"wp-block-image size-large\"><img data-recalc-dims=\"1\" data-lazyloaded=\"1\" data-placeholder-resp=\"1024x682\" fetchpriority=\"high\" decoding=\"async\" width=\"696\" height=\"464\" src=\"https:\/\/i0.wp.com\/piracicaba.sp.gov.br\/wp-content\/uploads\/2025\/07\/Congresso-acontece-de-quinta-a-sabado-no-Parque-do-Engenho-Central-1024x682.jpg?resize=696%2C464&#038;ssl=1\" alt=\"A imagem mostra um pr\u00e9dio de tijolos antigos e parcialmente em ru\u00ednas, com muitas janelas e arcos. O pr\u00e9dio parece ser uma f\u00e1brica ou armaz\u00e9m, e est\u00e1 cercado por vegeta\u00e7\u00e3o. H\u00e1 uma chamin\u00e9 de tijolos alta ao lado do pr\u00e9dio principal. No primeiro plano, h\u00e1 um monumento ou placa com informa\u00e7\u00f5es sobre o local, al\u00e9m de uma grande roda dentada de metal. O c\u00e9u est\u00e1 azul e parcialmente nublado. A foto foi tirada com um \u00e2ngulo de baixo para cima, destacando a altura do pr\u00e9dio e da chamin\u00e9. A imagem transmite uma sensa\u00e7\u00e3o de hist\u00f3ria e abandono, mas tamb\u00e9m de preserva\u00e7\u00e3o, devido ao monumento e \u00e0 limpeza do local.\" class=\"wp-image-107836\" srcset=\"https:\/\/piracicaba.sp.gov.br\/wp-content\/uploads\/2025\/07\/Congresso-acontece-de-quinta-a-sabado-no-Parque-do-Engenho-Central-1024x682.jpg 1024w, https:\/\/piracicaba.sp.gov.br\/wp-content\/uploads\/2025\/07\/Congresso-acontece-de-quinta-a-sabado-no-Parque-do-Engenho-Central-300x200.jpg 300w, https:\/\/piracicaba.sp.gov.br\/wp-content\/uploads\/2025\/07\/Congresso-acontece-de-quinta-a-sabado-no-Parque-do-Engenho-Central-768x512.jpg 768w, https:\/\/piracicaba.sp.gov.br\/wp-content\/uploads\/2025\/07\/Congresso-acontece-de-quinta-a-sabado-no-Parque-do-Engenho-Central.jpg 1472w\" data-sizes=\"(max-width: 1024px) 100vw, 1024px\"\/><figcaption class=\"wp-element-caption\"><strong><em><sub>Congresso acontece de quinta a s\u00e1bado no Parque do Engenho Central<\/sub><\/em><\/strong><\/figcaption><\/figure>\n<p>A Prefeitura de Piracicaba apoia a realiza\u00e7\u00e3o do IV Congresso da Organiza\u00e7\u00e3o Paulista de Arte Educa\u00e7\u00e3o (ConOPAE 2025), que acontece de 10 a 12\/07, das 10h \u00e0s 22h, no Parque do Engenho Central. O evento, promovido pela OPAE em parceria com o Instituto Federal de S\u00e3o Paulo (IFSP) \u2013 Campus Capivari, consolida-se como espa\u00e7o de di\u00e1logo entre educadores, pesquisadores e artistas de todo o Estado de S\u00e3o Paulo.<\/p>\n<p>As inscri\u00e7\u00f5es e informa\u00e7\u00f5es sobre a programa\u00e7\u00e3o completa podem ser obtidas pelo site even3.com.br\/4conopae<\/p>\n<p>Com o tema\u00a0<em>Entre rios e ra\u00edzes: Arte Educa\u00e7\u00e3o como semente<\/em>, o congresso prop\u00f5e refletir sobre o papel da arte educa\u00e7\u00e3o na transforma\u00e7\u00e3o ecol\u00f3gica e social. A programa\u00e7\u00e3o do IV Congresso da OPAE inclui Rodas de Conversa tem\u00e1ticas com apresenta\u00e7\u00e3o de trabalhos aprovados, oficinas pr\u00e1ticas ministradas por arte-educadores convidados, espa\u00e7os para lan\u00e7amento de livros e atividades culturais\u00a0durante\u00a0tr\u00eas dias.\u00a0<\/p>\n<p>As Rodas de Conversa foram organizadas a partir de afinidades entre os temas dos resumos submetidos e aprovados, promovendo um ambiente de escuta ativa e di\u00e1logo horizontal. As oficinas abordar\u00e3o linguagens como artes visuais, teatro, m\u00fasica e educa\u00e7\u00e3o ambiental.\u00a0<\/p>\n<p>Na quinta-feira, em parceria com o Museu da Imagem e do Som de Piracicaba \u2013\u00a0 MISP, ser\u00e3o exibidos quatro curtas-metragens que resgatam mem\u00f3rias e aspectos culturais da cidade de Piracicaba. A sele\u00e7\u00e3o inclui\u00a0<em>O A<\/em><em>r<\/em><em>que\u00f3logo<\/em>\u00a0(2022), de Thiago Altrafini, que narra a descoberta de vest\u00edgios arqueol\u00f3gicos por Jair Vitti em uma regi\u00e3o rural;\u00a0<em>Projeto Rio das Artes<\/em>\u00a0(2018), de Rober Caprecci, sobre uma interven\u00e7\u00e3o art\u00edstica no bairro Algodoal constru\u00edda a partir das viv\u00eancias dos moradores;\u00a0<em>Memorial Musical Caipira<\/em>\u00a0(2024), de Bruna Epiphanio, que documenta partituras manuscritas de m\u00fasicos locais do in\u00edcio do s\u00e9culo 20; e\u00a0<em>De Festas e Rezas Divinas<\/em>\u00a0(2015), dirigido por Gl\u00f3ria Cavaggioni, que registra a simb\u00f3lica celebra\u00e7\u00e3o do Divino Esp\u00edrito Santo no Rio Piracicaba, com barcos e rituais tradicionais.<\/p>\n<p>A OPAE, fundada em 2022, atua na defesa do ensino de arte em S\u00e3o Paulo, e o IFSP \u00e9 refer\u00eancia em educa\u00e7\u00e3o profissional e tecnol\u00f3gica. Durante o ConOPAE, est\u00e3o abertas submiss\u00f5es de resumos para as Rodas de Conversa. Ap\u00f3s o evento, os trabalhos apresentados poder\u00e3o ser publicados nos Anais em formato de e-book.<\/p>\n<p><strong>SERVI\u00c7O\u00a0<\/strong>\u2013 IV Congresso da OPAE. No Parque do Engenho Central (avenida Dr. Maurice Allain, 454 \u2013 Piracicaba). De quinta-feira a s\u00e1bado, 10 a 12\/07, das 10h \u00e0s 22h. Informa\u00e7\u00f5es e inscri\u00e7\u00f5es:<a href=\"https:\/\/www.even3.com.br\/4conopae\" target=\"_blank\" rel=\"noreferrer noopener\">\u00a0www.even3.com.br\/4conopae<\/a><\/p>\n<\/div>\n<p><br \/>\n<br \/><a href=\"https:\/\/piracicaba.sp.gov.br\/noticias\/engenho-central-sediara-o-iv-congresso-da-organizacao-paulista-de-arte-educacao\/\" rel=\"noopener\">Informa\u00e7\u00f5es PMP <\/a><\/p>\n","protected":false},"excerpt":{"rendered":"<p>Congresso acontece de quinta a s\u00e1bado no Parque do Engenho Central A Prefeitura de Piracicaba apoia a realiza\u00e7\u00e3o do IV Congresso da Organiza\u00e7\u00e3o Paulista de Arte Educa\u00e7\u00e3o (ConOPAE 2025), que acontece de 10 a 12\/07, das 10h \u00e0s 22h, no Parque do Engenho Central. O evento, promovido pela OPAE em parceria com o Instituto Federal [&hellip;]<\/p>\n","protected":false},"author":1,"featured_media":38269,"comment_status":"open","ping_status":"open","sticky":false,"template":"","format":"standard","meta":{"_jetpack_newsletter_access":"","_jetpack_dont_email_post_to_subs":false,"_jetpack_newsletter_tier_id":0,"_jetpack_memberships_contains_paywalled_content":false,"_mbp_banners":[],"_jetpack_feature_clip_id":0,"_jetpack_memberships_contains_paid_content":false,"footnotes":"","jetpack_publicize_message":"","jetpack_publicize_feature_enabled":true,"jetpack_social_post_already_shared":true,"jetpack_social_options":{"image_generator_settings":{"template":"highway","default_image_id":0,"font":"","enabled":false},"version":2},"jetpack_post_was_ever_published":false},"categories":[20],"tags":[],"class_list":["post-38268","post","type-post","status-publish","format-standard","has-post-thumbnail","category-regiao"],"jetpack_publicize_connections":[],"jetpack-related-posts":[],"jetpack_shortlink":"https:\/\/wp.me\/p7Eq1F-9Xe","jetpack_sharing_enabled":true,"jetpack_featured_media_url":"https:\/\/i0.wp.com\/guialimeira.com.br\/news\/wp-content\/uploads\/2025\/07\/Congresso-acontece-de-quinta-a-sabado-no-Parque-do-Engenho-Central-1024x682.jpg?fit=1024%2C682&ssl=1","_links":{"self":[{"href":"https:\/\/guialimeira.com.br\/news\/wp-json\/wp\/v2\/posts\/38268","targetHints":{"allow":["GET"]}}],"collection":[{"href":"https:\/\/guialimeira.com.br\/news\/wp-json\/wp\/v2\/posts"}],"about":[{"href":"https:\/\/guialimeira.com.br\/news\/wp-json\/wp\/v2\/types\/post"}],"author":[{"embeddable":true,"href":"https:\/\/guialimeira.com.br\/news\/wp-json\/wp\/v2\/users\/1"}],"replies":[{"embeddable":true,"href":"https:\/\/guialimeira.com.br\/news\/wp-json\/wp\/v2\/comments?post=38268"}],"version-history":[{"count":0,"href":"https:\/\/guialimeira.com.br\/news\/wp-json\/wp\/v2\/posts\/38268\/revisions"}],"wp:featuredmedia":[{"embeddable":true,"href":"https:\/\/guialimeira.com.br\/news\/wp-json\/wp\/v2\/media\/38269"}],"wp:attachment":[{"href":"https:\/\/guialimeira.com.br\/news\/wp-json\/wp\/v2\/media?parent=38268"}],"wp:term":[{"taxonomy":"category","embeddable":true,"href":"https:\/\/guialimeira.com.br\/news\/wp-json\/wp\/v2\/categories?post=38268"},{"taxonomy":"post_tag","embeddable":true,"href":"https:\/\/guialimeira.com.br\/news\/wp-json\/wp\/v2\/tags?post=38268"}],"curies":[{"name":"wp","href":"https:\/\/api.w.org\/{rel}","templated":true}]}}