{"id":38262,"date":"2025-07-07T17:04:40","date_gmt":"2025-07-07T20:04:40","guid":{"rendered":"https:\/\/guialimeira.com.br\/2025\/07\/07\/projeto-quintal-do-prudente-recebe-banda-rockstrada-portal-do-municipio-de-piracicaba\/"},"modified":"2025-07-07T17:04:40","modified_gmt":"2025-07-07T20:04:40","slug":"projeto-quintal-do-prudente-recebe-banda-rockstrada-portal-do-municipio-de-piracicaba","status":"publish","type":"post","link":"https:\/\/guialimeira.com.br\/news\/projeto-quintal-do-prudente-recebe-banda-rockstrada-portal-do-municipio-de-piracicaba\/","title":{"rendered":"Projeto Quintal do Prudente\u00a0recebe banda Rockstrada \u2013 Portal do Munic\u00edpio de Piracicaba"},"content":{"rendered":"<p> <br \/>\n<\/p>\n<div>\n<figure class=\"wp-block-image size-large\"><img data-recalc-dims=\"1\" data-lazyloaded=\"1\" data-placeholder-resp=\"1024x683\" fetchpriority=\"high\" decoding=\"async\" width=\"696\" height=\"464\" src=\"https:\/\/i0.wp.com\/piracicaba.sp.gov.br\/wp-content\/uploads\/2025\/07\/Rockstrada-ja-se-apresentou-em-mais-de-cinquenta-cidades-e-participou-de-festivais-ao-lado-de-grandes-nomes-da-musica-brasileira.-Foto_-Evandro-Santos-1-1-1024x683.jpg?resize=696%2C464&#038;ssl=1\" alt=\"A imagem mostra quatro homens vestidos de preto, posados contra um fundo branco. O homem mais \u00e0 esquerda \u00e9 careca e tem uma tatuagem no bra\u00e7o. Ele est\u00e1 com os bra\u00e7os cruzados. O homem ao seu lado tem cabelo castanho escuro e est\u00e1 com uma camiseta preta. O terceiro homem tem cabelo castanho escuro e barba, e est\u00e1 com uma camiseta preta e cinto com detalhes met\u00e1licos. O homem mais \u00e0 direita est\u00e1 usando um blazer preto sobre uma camiseta preta e est\u00e1 com os bra\u00e7os cruzados. Todos parecem estar olhando para a c\u00e2mera. A imagem parece ser um retrato promocional de uma banda ou grupo musical.\" class=\"wp-image-107841\" srcset=\"https:\/\/piracicaba.sp.gov.br\/wp-content\/uploads\/2025\/07\/Rockstrada-ja-se-apresentou-em-mais-de-cinquenta-cidades-e-participou-de-festivais-ao-lado-de-grandes-nomes-da-musica-brasileira.-Foto_-Evandro-Santos-1-1-1024x683.jpg 1024w, https:\/\/piracicaba.sp.gov.br\/wp-content\/uploads\/2025\/07\/Rockstrada-ja-se-apresentou-em-mais-de-cinquenta-cidades-e-participou-de-festivais-ao-lado-de-grandes-nomes-da-musica-brasileira.-Foto_-Evandro-Santos-1-1-300x200.jpg 300w, https:\/\/piracicaba.sp.gov.br\/wp-content\/uploads\/2025\/07\/Rockstrada-ja-se-apresentou-em-mais-de-cinquenta-cidades-e-participou-de-festivais-ao-lado-de-grandes-nomes-da-musica-brasileira.-Foto_-Evandro-Santos-1-1-768x512.jpg 768w, https:\/\/piracicaba.sp.gov.br\/wp-content\/uploads\/2025\/07\/Rockstrada-ja-se-apresentou-em-mais-de-cinquenta-cidades-e-participou-de-festivais-ao-lado-de-grandes-nomes-da-musica-brasileira.-Foto_-Evandro-Santos-1-1-1536x1024.jpg 1536w, https:\/\/piracicaba.sp.gov.br\/wp-content\/uploads\/2025\/07\/Rockstrada-ja-se-apresentou-em-mais-de-cinquenta-cidades-e-participou-de-festivais-ao-lado-de-grandes-nomes-da-musica-brasileira.-Foto_-Evandro-Santos-1-1-2048x1365.jpg 2048w\" data-sizes=\"(max-width: 1024px) 100vw, 1024px\"\/><figcaption class=\"wp-element-caption\"><strong><em><sub>Rockstrada j\u00e1 se apresentou em mais de cinquenta cidades e participou de festivais ao lado de grandes nomes da m\u00fasica brasileira. Foto_ Evandro Santos <\/sub><\/em><\/strong><\/figcaption><\/figure>\n<p>O Museu Prudente de Moraes realiza na quinta-feira, 10\/07, \u00e0s 19h, mais uma edi\u00e7\u00e3o do projeto musical Quintal do Prudente, iniciativa que convida artistas locais e regionais para se apresentarem no espa\u00e7o externo da institui\u00e7\u00e3o. Nesta edi\u00e7\u00e3o, o palco ser\u00e1 da banda piracicabana Rockstrada, que traz ao p\u00fablico um repert\u00f3rio com cl\u00e1ssicos do rock nacional e internacional, al\u00e9m de composi\u00e7\u00f5es autorais.<\/p>\n<p>Com 21 anos de trajet\u00f3ria, a Rockstrada j\u00e1 se apresentou em mais de\u00a050\u00a0cidades e participou de festivais ao lado de grandes nomes da m\u00fasica brasileira. O \u00e1lbum mais recente do grupo,\u00a0<em>Agora<\/em>, lan\u00e7ado em 2023, conta com colabora\u00e7\u00f5es de artistas como Ira!, Vespas Mandarinas e Toninho Ferragutti.<\/p>\n<figure class=\"wp-block-image size-large\"><img data-recalc-dims=\"1\" loading=\"lazy\" data-lazyloaded=\"1\" data-placeholder-resp=\"1024x683\" decoding=\"async\" width=\"696\" height=\"464\" src=\"https:\/\/i0.wp.com\/piracicaba.sp.gov.br\/wp-content\/uploads\/2025\/07\/O-palco-sera-da-banda-piracicabana-Rockstrada-que-traz-ao-publico-um-repertorio-com-classicos-do-rock-nacional-e-internacional-Foto_-Evandro-Santos-1-1024x683.jpg?resize=696%2C464&#038;ssl=1\" alt=\"A imagem mostra quatro homens em p\u00e9 contra uma parede branca. Todos est\u00e3o vestidos de preto. O homem mais \u00e0 esquerda \u00e9 careca e tem tatuagens no bra\u00e7o. Ele est\u00e1 usando uma camiseta preta. O homem ao seu lado tem cabelo curto e escuro e est\u00e1 usando uma camisa social preta com pequenos pontos brancos. O terceiro homem tem cabelo comprido e escuro e est\u00e1 usando uma camisa social preta com um padr\u00e3o sutil. O homem mais \u00e0 direita tem cabelo curto e escuro e est\u00e1 usando uma camiseta preta. Todos os homens parecem estar na faixa dos 20 ou 30 anos. Eles parecem estar posando para uma foto. O fundo \u00e9 branco e simples. A ilumina\u00e7\u00e3o \u00e9 suave e uniforme. A imagem \u00e9 n\u00edtida e bem composta.\" class=\"wp-image-107840\" srcset=\"https:\/\/piracicaba.sp.gov.br\/wp-content\/uploads\/2025\/07\/O-palco-sera-da-banda-piracicabana-Rockstrada-que-traz-ao-publico-um-repertorio-com-classicos-do-rock-nacional-e-internacional-Foto_-Evandro-Santos-1-1024x683.jpg 1024w, https:\/\/piracicaba.sp.gov.br\/wp-content\/uploads\/2025\/07\/O-palco-sera-da-banda-piracicabana-Rockstrada-que-traz-ao-publico-um-repertorio-com-classicos-do-rock-nacional-e-internacional-Foto_-Evandro-Santos-1-300x200.jpg 300w, https:\/\/piracicaba.sp.gov.br\/wp-content\/uploads\/2025\/07\/O-palco-sera-da-banda-piracicabana-Rockstrada-que-traz-ao-publico-um-repertorio-com-classicos-do-rock-nacional-e-internacional-Foto_-Evandro-Santos-1-768x512.jpg 768w, https:\/\/piracicaba.sp.gov.br\/wp-content\/uploads\/2025\/07\/O-palco-sera-da-banda-piracicabana-Rockstrada-que-traz-ao-publico-um-repertorio-com-classicos-do-rock-nacional-e-internacional-Foto_-Evandro-Santos-1-1536x1024.jpg 1536w, https:\/\/piracicaba.sp.gov.br\/wp-content\/uploads\/2025\/07\/O-palco-sera-da-banda-piracicabana-Rockstrada-que-traz-ao-publico-um-repertorio-com-classicos-do-rock-nacional-e-internacional-Foto_-Evandro-Santos-1-2048x1365.jpg 2048w\" data-sizes=\"(max-width: 1024px) 100vw, 1024px\"\/><figcaption class=\"wp-element-caption\"><strong><em><sub>O palco ser\u00e1 da banda piracicabana Rockstrada, que traz ao p\u00fablico um repert\u00f3rio com cl\u00e1ssicos do rock nacional e internacional \u2013 Foto_ Evandro Santos<\/sub><\/em><\/strong><\/figcaption><\/figure>\n<p>O Quintal do Prudente acontece no jardim do Museu, antiga resid\u00eancia de Prudente de Moraes, entre as jabuticabeiras que marcaram a mem\u00f3ria do ex-presidente e hoje comp\u00f5em um ambiente acolhedor para atividades culturais. Durante o evento, haver\u00e1 comercializa\u00e7\u00e3o de alimentos e bebidas, com curadoria de parceiros locais.<\/p>\n<p>\u201cO Quintal do Prudente \u00e9 mais do que uma apresenta\u00e7\u00e3o musical: \u00e9 uma experi\u00eancia de encontro entre o p\u00fablico e o espa\u00e7o do museu, por meio da arte. Nosso objetivo \u00e9 tornar o Museu um lugar vivo, onde a hist\u00f3ria se conecta com a cultura contempor\u00e2nea\u201d, afirma Ana Torrejais, coordenadora do Museu Prudente de Moraes.<\/p>\n<p>A entrada \u00e9 gratuita. \u00c9 proibida a entrada com alimentos e\/ou bebidas. O local \u00e9 acess\u00edvel a pessoas com defici\u00eancia motora, dificuldades de locomo\u00e7\u00e3o e ostomizados.<\/p>\n<p><strong>SERVI\u00c7O \u2013\u00a0<\/strong><strong>Quintal do Prudente: Rockstrada.<\/strong>\u00a0No Museu Prudente de Moraes (rua Santo Ant\u00f4nio, 641 \u2013 Centro). Quinta-feira, 10\/07, \u00e0s 19h. Informa\u00e7\u00f5es pelo telefone (19) 3422-3069.<\/p>\n<\/div>\n<p><br \/>\n<br \/><a href=\"https:\/\/piracicaba.sp.gov.br\/noticias\/projeto-quintal-do-prudente-recebe-banda-rockstrada\/\" rel=\"noopener\">Informa\u00e7\u00f5es PMP <\/a><\/p>\n","protected":false},"excerpt":{"rendered":"<p>Rockstrada j\u00e1 se apresentou em mais de cinquenta cidades e participou de festivais ao lado de grandes nomes da m\u00fasica brasileira. Foto_ Evandro Santos O Museu Prudente de Moraes realiza na quinta-feira, 10\/07, \u00e0s 19h, mais uma edi\u00e7\u00e3o do projeto musical Quintal do Prudente, iniciativa que convida artistas locais e regionais para se apresentarem no [&hellip;]<\/p>\n","protected":false},"author":1,"featured_media":38263,"comment_status":"open","ping_status":"open","sticky":false,"template":"","format":"standard","meta":{"_jetpack_newsletter_access":"","_jetpack_dont_email_post_to_subs":false,"_jetpack_newsletter_tier_id":0,"_jetpack_memberships_contains_paywalled_content":false,"_mbp_banners":[],"_jetpack_feature_clip_id":0,"_jetpack_memberships_contains_paid_content":false,"footnotes":"","jetpack_publicize_message":"","jetpack_publicize_feature_enabled":true,"jetpack_social_post_already_shared":true,"jetpack_social_options":{"image_generator_settings":{"template":"highway","default_image_id":0,"font":"","enabled":false},"version":2},"jetpack_post_was_ever_published":false},"categories":[20],"tags":[],"class_list":["post-38262","post","type-post","status-publish","format-standard","has-post-thumbnail","category-regiao"],"jetpack_publicize_connections":[],"jetpack-related-posts":[],"jetpack_shortlink":"https:\/\/wp.me\/p7Eq1F-9X8","jetpack_sharing_enabled":true,"jetpack_featured_media_url":"https:\/\/i0.wp.com\/guialimeira.com.br\/news\/wp-content\/uploads\/2025\/07\/Rockstrada-ja-se-apresentou-em-mais-de-cinquenta-cidades-e-participou-de-festivais-ao-lado-de-grande.jpeg?fit=1024%2C683&ssl=1","_links":{"self":[{"href":"https:\/\/guialimeira.com.br\/news\/wp-json\/wp\/v2\/posts\/38262","targetHints":{"allow":["GET"]}}],"collection":[{"href":"https:\/\/guialimeira.com.br\/news\/wp-json\/wp\/v2\/posts"}],"about":[{"href":"https:\/\/guialimeira.com.br\/news\/wp-json\/wp\/v2\/types\/post"}],"author":[{"embeddable":true,"href":"https:\/\/guialimeira.com.br\/news\/wp-json\/wp\/v2\/users\/1"}],"replies":[{"embeddable":true,"href":"https:\/\/guialimeira.com.br\/news\/wp-json\/wp\/v2\/comments?post=38262"}],"version-history":[{"count":0,"href":"https:\/\/guialimeira.com.br\/news\/wp-json\/wp\/v2\/posts\/38262\/revisions"}],"wp:featuredmedia":[{"embeddable":true,"href":"https:\/\/guialimeira.com.br\/news\/wp-json\/wp\/v2\/media\/38263"}],"wp:attachment":[{"href":"https:\/\/guialimeira.com.br\/news\/wp-json\/wp\/v2\/media?parent=38262"}],"wp:term":[{"taxonomy":"category","embeddable":true,"href":"https:\/\/guialimeira.com.br\/news\/wp-json\/wp\/v2\/categories?post=38262"},{"taxonomy":"post_tag","embeddable":true,"href":"https:\/\/guialimeira.com.br\/news\/wp-json\/wp\/v2\/tags?post=38262"}],"curies":[{"name":"wp","href":"https:\/\/api.w.org\/{rel}","templated":true}]}}