{"id":38253,"date":"2025-07-07T16:03:19","date_gmt":"2025-07-07T19:03:19","guid":{"rendered":"https:\/\/guialimeira.com.br\/2025\/07\/07\/futsal-masculino-sub-12-e-campeao-da-copa-metropolitana-portal-do-municipio-de-piracicaba\/"},"modified":"2025-07-07T16:03:19","modified_gmt":"2025-07-07T19:03:19","slug":"futsal-masculino-sub-12-e-campeao-da-copa-metropolitana-portal-do-municipio-de-piracicaba","status":"publish","type":"post","link":"https:\/\/guialimeira.com.br\/news\/futsal-masculino-sub-12-e-campeao-da-copa-metropolitana-portal-do-municipio-de-piracicaba\/","title":{"rendered":"Futsal masculino sub-12 \u00e9 campe\u00e3o da Copa Metropolitana \u2013 Portal do Munic\u00edpio de Piracicaba"},"content":{"rendered":"<p> <br \/>\n<\/p>\n<div>\n<figure class=\"wp-block-image size-large\"><img data-recalc-dims=\"1\" data-lazyloaded=\"1\" data-placeholder-resp=\"1024x768\" fetchpriority=\"high\" decoding=\"async\" width=\"696\" height=\"522\" src=\"https:\/\/i0.wp.com\/piracicaba.sp.gov.br\/wp-content\/uploads\/2025\/07\/Atletas-e-comissao-tecnica-comemoram-a-conquista-da-Copa-Metropolitana-1-1024x768.jpg?resize=696%2C522&#038;ssl=1\" alt=\"A imagem mostra um grupo de jovens jogadores de futsal, sentados no ch\u00e3o de uma quadra, ao redor de um trof\u00e9u. Eles vestem uniformes azuis e alguns ostentam medalhas. Dois treinadores, um de cada lado do trof\u00e9u, parecem orgulhosos. Ao fundo, h\u00e1 uma arquibancada com espectadores e as paredes da quadra. O ambiente \u00e9 vibrante, com um clima de celebra\u00e7\u00e3o e conquista. Os jogadores parecem felizes e animados, demonstrando orgulho pelo seu sucesso. A imagem captura um momento de alegria e uni\u00e3o da equipe ap\u00f3s uma vit\u00f3ria.\" class=\"wp-image-107844\" srcset=\"https:\/\/piracicaba.sp.gov.br\/wp-content\/uploads\/2025\/07\/Atletas-e-comissao-tecnica-comemoram-a-conquista-da-Copa-Metropolitana-1-1024x768.jpg 1024w, https:\/\/piracicaba.sp.gov.br\/wp-content\/uploads\/2025\/07\/Atletas-e-comissao-tecnica-comemoram-a-conquista-da-Copa-Metropolitana-1-300x225.jpg 300w, https:\/\/piracicaba.sp.gov.br\/wp-content\/uploads\/2025\/07\/Atletas-e-comissao-tecnica-comemoram-a-conquista-da-Copa-Metropolitana-1-768x576.jpg 768w, https:\/\/piracicaba.sp.gov.br\/wp-content\/uploads\/2025\/07\/Atletas-e-comissao-tecnica-comemoram-a-conquista-da-Copa-Metropolitana-1.jpg 1280w\" data-sizes=\"(max-width: 1024px) 100vw, 1024px\"\/><figcaption class=\"wp-element-caption\"><strong><em><sub>Atletas e comiss\u00e3o t\u00e9cnica comemoram a conquista da Copa Metropolitana <\/sub><\/em><\/strong><\/figcaption><\/figure>\n<p>A equipe de futsal sub-12 de Piracicaba, sob coordena\u00e7\u00e3o da Secretaria Municipal de Esportes, Lazer e Atividades Motoras, conquistou o t\u00edtulo da 30\u00aa Copa Metropolitana, uma das competi\u00e7\u00f5es mais tradicionais da regi\u00e3o, ao derrotar o S\u00f3 Elite por 5 a 2, na decis\u00e3o realizada no s\u00e1bado, 05\/07, no Gin\u00e1sio Rog\u00ea Ferrreira, em Campinas.<\/p>\n<p>Diante de um advers\u00e1rio qualificado, a equipe de Piracicaba novamente mostrou sua for\u00e7a durante toda partida, chegando a abrir 4 a 1 na segunda etapa. Pedro da Paz (2x), Felipe Polizel, Henrique e Hanry fizeram os gols da vit\u00f3ria.<\/p>\n<figure class=\"wp-block-image size-large\"><img data-recalc-dims=\"1\" loading=\"lazy\" data-lazyloaded=\"1\" data-placeholder-resp=\"768x1024\" decoding=\"async\" width=\"696\" height=\"928\" src=\"https:\/\/i0.wp.com\/piracicaba.sp.gov.br\/wp-content\/uploads\/2025\/07\/Goleiro-Milton-no-centro-foi-eleito-o-destaque-da-competicao-768x1024.jpg?resize=696%2C928&#038;ssl=1\" alt=\"A imagem mostra tr\u00eas jovens jogadores de futebol de sal\u00e3o, todos sorrindo e abra\u00e7ados, com um trof\u00e9u dourado entre eles. Os jogadores usam uniformes de futebol de cores vibrantes; um usa uma camisa verde-lim\u00e3o, outro uma camisa azul e o terceiro uma camisa azul com detalhes em branco. Todos os tr\u00eas est\u00e3o usando cal\u00e7\u00f5es brancos e meias brancas. O jogador do meio est\u00e1 segurando o trof\u00e9u, que \u00e9 alto e dourado, com uma base preta e uma placa que diz &quot;Campe\u00e3o&quot;. As letras &quot;PIRACICABA-SP&quot; est\u00e3o impressas nas camisas de dois dos jogadores. No fundo, h\u00e1 uma parede de tijolos e outros jogadores de futebol de sal\u00e3o podem ser vistos sentados em um banco. A ilumina\u00e7\u00e3o \u00e9 boa e a imagem \u00e9 n\u00edtida, mostrando detalhes claros dos uniformes e do trof\u00e9u. A atmosfera geral da imagem \u00e9 de celebra\u00e7\u00e3o e alegria, sugerindo uma vit\u00f3ria recente em uma competi\u00e7\u00e3o de futebol de sal\u00e3o.\" class=\"wp-image-107845\" srcset=\"https:\/\/piracicaba.sp.gov.br\/wp-content\/uploads\/2025\/07\/Goleiro-Milton-no-centro-foi-eleito-o-destaque-da-competicao-768x1024.jpg 768w, https:\/\/piracicaba.sp.gov.br\/wp-content\/uploads\/2025\/07\/Goleiro-Milton-no-centro-foi-eleito-o-destaque-da-competicao-225x300.jpg 225w, https:\/\/piracicaba.sp.gov.br\/wp-content\/uploads\/2025\/07\/Goleiro-Milton-no-centro-foi-eleito-o-destaque-da-competicao-1152x1536.jpg 1152w, https:\/\/piracicaba.sp.gov.br\/wp-content\/uploads\/2025\/07\/Goleiro-Milton-no-centro-foi-eleito-o-destaque-da-competicao.jpg 1200w\" data-sizes=\"(max-width: 768px) 100vw, 768px\"\/><figcaption class=\"wp-element-caption\"><strong><em><sub>Goleiro Milton, no centro, foi eleito o destaque da competi\u00e7\u00e3o<\/sub><\/em><\/strong><\/figcaption><\/figure>\n<p>Al\u00e9m do t\u00edtulo, a equipe de Piracicaba levou o trof\u00e9u de melhor defesa e o goleiro Milton Biazotti foi eleito o destaque da competi\u00e7\u00e3o.<\/p>\n<p>A equipe de Piracicaba termina a competi\u00e7\u00e3o com 71% de aproveitamento (cinco vit\u00f3rias e duas derrotas) com 24 marcados e 12 sofridos. \u201cNossa equipe mostrou muita confian\u00e7a e foco durante toda competi\u00e7\u00e3o. Na partida decisiva, n\u00e3o foi diferente, fruto do trabalho desses meninos que se dedicam sempre nos treinamentos. Est\u00e3o todos de parab\u00e9ns\u201d, comemorou o treinador Gustavo Cerqueira, que teve como auxiliar t\u00e9cnico, o professor Rodrigo Dias.<\/p>\n<\/div>\n<p><br \/>\n<br \/><a href=\"https:\/\/piracicaba.sp.gov.br\/noticias\/futsal-masculino-sub-12-e-campeao-da-copa-metropolitana\/\" rel=\"noopener\">Informa\u00e7\u00f5es PMP <\/a><\/p>\n","protected":false},"excerpt":{"rendered":"<p>Atletas e comiss\u00e3o t\u00e9cnica comemoram a conquista da Copa Metropolitana A equipe de futsal sub-12 de Piracicaba, sob coordena\u00e7\u00e3o da Secretaria Municipal de Esportes, Lazer e Atividades Motoras, conquistou o t\u00edtulo da 30\u00aa Copa Metropolitana, uma das competi\u00e7\u00f5es mais tradicionais da regi\u00e3o, ao derrotar o S\u00f3 Elite por 5 a 2, na decis\u00e3o realizada no [&hellip;]<\/p>\n","protected":false},"author":1,"featured_media":38254,"comment_status":"open","ping_status":"open","sticky":false,"template":"","format":"standard","meta":{"_jetpack_newsletter_access":"","_jetpack_dont_email_post_to_subs":false,"_jetpack_newsletter_tier_id":0,"_jetpack_memberships_contains_paywalled_content":false,"_mbp_banners":[],"_jetpack_feature_clip_id":0,"_jetpack_memberships_contains_paid_content":false,"footnotes":"","jetpack_publicize_message":"","jetpack_publicize_feature_enabled":true,"jetpack_social_post_already_shared":true,"jetpack_social_options":{"image_generator_settings":{"template":"highway","default_image_id":0,"font":"","enabled":false},"version":2},"jetpack_post_was_ever_published":false},"categories":[20],"tags":[],"class_list":["post-38253","post","type-post","status-publish","format-standard","has-post-thumbnail","category-regiao"],"jetpack_publicize_connections":[],"jetpack-related-posts":[],"jetpack_shortlink":"https:\/\/wp.me\/p7Eq1F-9WZ","jetpack_sharing_enabled":true,"jetpack_featured_media_url":"https:\/\/i0.wp.com\/guialimeira.com.br\/news\/wp-content\/uploads\/2025\/07\/Atletas-e-comissao-tecnica-comemoram-a-conquista-da-Copa-Metropolitana-1-1024x768.jpg?fit=1024%2C768&ssl=1","_links":{"self":[{"href":"https:\/\/guialimeira.com.br\/news\/wp-json\/wp\/v2\/posts\/38253","targetHints":{"allow":["GET"]}}],"collection":[{"href":"https:\/\/guialimeira.com.br\/news\/wp-json\/wp\/v2\/posts"}],"about":[{"href":"https:\/\/guialimeira.com.br\/news\/wp-json\/wp\/v2\/types\/post"}],"author":[{"embeddable":true,"href":"https:\/\/guialimeira.com.br\/news\/wp-json\/wp\/v2\/users\/1"}],"replies":[{"embeddable":true,"href":"https:\/\/guialimeira.com.br\/news\/wp-json\/wp\/v2\/comments?post=38253"}],"version-history":[{"count":0,"href":"https:\/\/guialimeira.com.br\/news\/wp-json\/wp\/v2\/posts\/38253\/revisions"}],"wp:featuredmedia":[{"embeddable":true,"href":"https:\/\/guialimeira.com.br\/news\/wp-json\/wp\/v2\/media\/38254"}],"wp:attachment":[{"href":"https:\/\/guialimeira.com.br\/news\/wp-json\/wp\/v2\/media?parent=38253"}],"wp:term":[{"taxonomy":"category","embeddable":true,"href":"https:\/\/guialimeira.com.br\/news\/wp-json\/wp\/v2\/categories?post=38253"},{"taxonomy":"post_tag","embeddable":true,"href":"https:\/\/guialimeira.com.br\/news\/wp-json\/wp\/v2\/tags?post=38253"}],"curies":[{"name":"wp","href":"https:\/\/api.w.org\/{rel}","templated":true}]}}