{"id":38224,"date":"2025-07-05T05:05:39","date_gmt":"2025-07-05T08:05:39","guid":{"rendered":"https:\/\/guialimeira.com.br\/2025\/07\/05\/segunda-turma-de-capacitacao-gratuita-conclui-atividades-portal-do-municipio-de-piracicaba\/"},"modified":"2025-07-05T05:05:39","modified_gmt":"2025-07-05T08:05:39","slug":"segunda-turma-de-capacitacao-gratuita-conclui-atividades-portal-do-municipio-de-piracicaba","status":"publish","type":"post","link":"https:\/\/guialimeira.com.br\/news\/segunda-turma-de-capacitacao-gratuita-conclui-atividades-portal-do-municipio-de-piracicaba\/","title":{"rendered":"segunda turma de capacita\u00e7\u00e3o gratuita conclui atividades \u2013 Portal do Munic\u00edpio de Piracicaba"},"content":{"rendered":"<p> <br \/>\n<\/p>\n<div>\n<figure class=\"wp-block-image size-large\"><img data-recalc-dims=\"1\" data-lazyloaded=\"1\" data-placeholder-resp=\"1024x576\" fetchpriority=\"high\" decoding=\"async\" width=\"696\" height=\"392\" src=\"https:\/\/i0.wp.com\/piracicaba.sp.gov.br\/wp-content\/uploads\/2025\/07\/Segunda-turma-de-capacitacao-gratuita-conclui-atividades-nesta-semana-1024x576.jpg?resize=696%2C392&#038;ssl=1\" alt=\"A imagem mostra um grande grupo de pessoas, predominantemente mulheres, sentadas e em p\u00e9 em uma sala, aparentemente ap\u00f3s um evento de conclus\u00e3o de curso ou workshop. Elas est\u00e3o sorrindo e segurando certificados, sugerindo a conclus\u00e3o bem-sucedida de um programa. O ambiente parece ser uma sala de aula ou audit\u00f3rio, com paredes claras, janelas e um piso de madeira. H\u00e1 uma mesa na frente com um projetor e um laptop, indicando uma apresenta\u00e7\u00e3o ou sess\u00e3o de aprendizado. As pessoas na foto s\u00e3o diversas em idade e etnia, criando um ambiente inclusivo e representativo. A maioria est\u00e1 vestida de forma casual, mas elegante, refletindo um ambiente profissional, mas confort\u00e1vel. A atmosfera geral da imagem \u00e9 positiva e festiva, celebrando a conquista compartilhada pelo grupo. Os certificados sugerem um curso conclu\u00eddo com sucesso, e as express\u00f5es faciais das pessoas refletem orgulho e alegria.\" class=\"wp-image-107587\" srcset=\"https:\/\/piracicaba.sp.gov.br\/wp-content\/uploads\/2025\/07\/Segunda-turma-de-capacitacao-gratuita-conclui-atividades-nesta-semana-1024x576.jpg 1024w, https:\/\/piracicaba.sp.gov.br\/wp-content\/uploads\/2025\/07\/Segunda-turma-de-capacitacao-gratuita-conclui-atividades-nesta-semana-300x169.jpg 300w, https:\/\/piracicaba.sp.gov.br\/wp-content\/uploads\/2025\/07\/Segunda-turma-de-capacitacao-gratuita-conclui-atividades-nesta-semana-768x432.jpg 768w, https:\/\/piracicaba.sp.gov.br\/wp-content\/uploads\/2025\/07\/Segunda-turma-de-capacitacao-gratuita-conclui-atividades-nesta-semana.jpg 1280w\" data-sizes=\"(max-width: 1024px) 100vw, 1024px\"\/><figcaption class=\"wp-element-caption\"><strong><em><sub>Segunda turma de capacita\u00e7\u00e3o gratuita conclui atividades nesta semana<\/sub><\/em><\/strong><\/figcaption><\/figure>\n<p>A segunda turma do curso gratuito sobre os atrativos tur\u00edsticos de Piracicaba concluiu as atividades ontem, quinta-feira, 3\/07. Foram ao todo quatro encontros, no per\u00edodo vespertino, na sede da Secretaria Municipal de Turismo, no Engenho Central. O curso foi oferecido pela Pasta, em parceria com o Senac.\u00a0Nas aulas, os inscritos, entre artes\u00e3os e guias de turismo da cidade, puderam conhecer mais sobre o munic\u00edpio e tamb\u00e9m sobre o bem-receber para visitantes e turistas. A segunda turma teve cerca de 25 participantes, e a primeira, encerrada em junho, teve 30, totalizando 55 capacitados. Mais tr\u00eas turmas est\u00e3o previstas para iniciar em agosto, tendo como p\u00fablico-alvo os guardas-civis, al\u00e9m de guias e artes\u00e3os que n\u00e3o puderam participar das aulas anteriores.<\/p>\n<p>O intuito da capacita\u00e7\u00e3o \u00e9 que os participantes sejam agentes de informa\u00e7\u00f5es tur\u00edsticas em pontos do munic\u00edpio, principalmente na regi\u00e3o da Rua do Porto, que \u00e9 um dos espa\u00e7os mais visitados por turistas. O plano da Secretaria Municipal de Turismo \u00e9 transformar a Casa do Artes\u00e3o do Engenho Central, a feira de artesanato da Rua do Porto e o Casar\u00e3o do Turismo nestes locais preparados para orientar quem visita a cidade.<\/p>\n<p>\u201cCapacitar quem lida diretamente com os visitantes e turistas \u00e9 fundamental, porque assim o atendimento pode ser de excel\u00eancia, tanto na hospitalidade quanto no compartilhamento de informa\u00e7\u00f5es e orienta\u00e7\u00f5es. Nosso desejo \u00e9 que os visitantes se sintam acolhidos e, de fato, bem-vindos na cidade. Um turista com uma experi\u00eancia bem-sucedida volta ao munic\u00edpio e pode, ainda, trazer mais pessoas, movimentando a nossa economia\u201d, comentou a titular da Secretaria Municipal de Turismo, Clarissa Quiararia.<\/p>\n<figure class=\"wp-block-image size-large\"><img data-recalc-dims=\"1\" loading=\"lazy\" data-lazyloaded=\"1\" data-placeholder-resp=\"1024x576\" decoding=\"async\" width=\"696\" height=\"392\" src=\"https:\/\/i0.wp.com\/piracicaba.sp.gov.br\/wp-content\/uploads\/2025\/07\/Secretaria-de-Turismo-Clarissa-Quiararia-em-conversa-com-os-participantes-1024x576.jpg?resize=696%2C392&#038;ssl=1\" alt=\"A imagem mostra uma sala de reuni\u00f5es com um grupo de mulheres sentadas em cadeiras, algumas em fileiras e outras em grupos menores. Duas mulheres est\u00e3o de p\u00e9 na frente, possivelmente conduzindo uma apresenta\u00e7\u00e3o ou discuss\u00e3o. A sala parece ser um espa\u00e7o formal, com piso de madeira polida, paredes claras e uma porta de madeira escura. H\u00e1 uma janela que permite a entrada de luz natural. As mulheres est\u00e3o vestidas de forma casual, mas profissional, e parecem estar envolvidas em uma atividade de grupo, como uma reuni\u00e3o, workshop ou treinamento. A atmosfera parece calma e atenta. H\u00e1 materiais de escrit\u00f3rio, como cadernos e pap\u00e9is, espalhados sobre as mesas e cadeiras. Um projetor est\u00e1 presente em uma mesa lateral. A imagem sugere um ambiente de aprendizado ou colabora\u00e7\u00e3o profissional.\" class=\"wp-image-107588\" srcset=\"https:\/\/piracicaba.sp.gov.br\/wp-content\/uploads\/2025\/07\/Secretaria-de-Turismo-Clarissa-Quiararia-em-conversa-com-os-participantes-1024x576.jpg 1024w, https:\/\/piracicaba.sp.gov.br\/wp-content\/uploads\/2025\/07\/Secretaria-de-Turismo-Clarissa-Quiararia-em-conversa-com-os-participantes-300x169.jpg 300w, https:\/\/piracicaba.sp.gov.br\/wp-content\/uploads\/2025\/07\/Secretaria-de-Turismo-Clarissa-Quiararia-em-conversa-com-os-participantes-768x432.jpg 768w, https:\/\/piracicaba.sp.gov.br\/wp-content\/uploads\/2025\/07\/Secretaria-de-Turismo-Clarissa-Quiararia-em-conversa-com-os-participantes.jpg 1280w\" data-sizes=\"(max-width: 1024px) 100vw, 1024px\"\/><figcaption class=\"wp-element-caption\"><strong><em><sub>Secret\u00e1ria de Turismo, Clarissa Quiararia, em conversa com os participantes<\/sub><\/em><\/strong><\/figcaption><\/figure>\n<p>Algumas das tem\u00e1ticas abordadas no curso foram os principais atrativos locais, segmenta\u00e7\u00e3o do turismo, hospitalidade, inova\u00e7\u00e3o, sustentabilidade, patrim\u00f4nio, tradi\u00e7\u00f5es e gastronomia.<\/p>\n<p>Para a guia de turismo e propriet\u00e1ria de ag\u00eancia de viagens Marcia Morato Cury, participante da segunda turma do curso, as aulas foram essenciais para intera\u00e7\u00e3o entre profissionais do trade. \u201cConheci mais guias de turismo e tamb\u00e9m os artes\u00e3os da cidade. E o trabalho de cada profissional contribui muito para a melhor presta\u00e7\u00e3o de servi\u00e7o. Pude, ainda, relembrar hist\u00f3rias sobre alguns atrativos tur\u00edsticos de Piracicaba, o que colabora para a formata\u00e7\u00e3o de roteiros conforme a necessidade de quem nos procura\u201d, disse.<\/p>\n<figure class=\"wp-block-image size-large\"><img data-recalc-dims=\"1\" loading=\"lazy\" data-lazyloaded=\"1\" data-placeholder-resp=\"1024x576\" decoding=\"async\" width=\"696\" height=\"392\" src=\"https:\/\/i0.wp.com\/piracicaba.sp.gov.br\/wp-content\/uploads\/2025\/07\/Marcia-Morato-Cury-foi-uma-das-participantes-da-segunda-turma-do-curso-1024x576.jpg?resize=696%2C392&#038;ssl=1\" alt=\"A imagem mostra uma mulher de meia-idade, de cabelo grisalho e comprido, sorrindo para a c\u00e2mera. Ela est\u00e1 vestindo uma blusa azul de manga comprida e \u00f3culos pendurados no pesco\u00e7o. A mulher parece estar sentada em uma cadeira atr\u00e1s de uma mesa de madeira escura. H\u00e1 duas outras mesas de madeira vis\u00edveis no fundo, e uma parede branca clara forma o pano de fundo. A express\u00e3o facial da mulher \u00e9 amig\u00e1vel e acolhedora, e o ambiente geral da imagem \u00e9 calmo e tranquilo. A ilumina\u00e7\u00e3o \u00e9 suave e difusa, sem sombras duras ou contrastes acentuados. A qualidade da imagem \u00e9 boa, com detalhes n\u00edtidos e cores precisas. A composi\u00e7\u00e3o da imagem \u00e9 simples, mas eficaz, com a mulher como o foco principal.\" class=\"wp-image-107590\" srcset=\"https:\/\/piracicaba.sp.gov.br\/wp-content\/uploads\/2025\/07\/Marcia-Morato-Cury-foi-uma-das-participantes-da-segunda-turma-do-curso-1024x576.jpg 1024w, https:\/\/piracicaba.sp.gov.br\/wp-content\/uploads\/2025\/07\/Marcia-Morato-Cury-foi-uma-das-participantes-da-segunda-turma-do-curso-300x169.jpg 300w, https:\/\/piracicaba.sp.gov.br\/wp-content\/uploads\/2025\/07\/Marcia-Morato-Cury-foi-uma-das-participantes-da-segunda-turma-do-curso-768x432.jpg 768w, https:\/\/piracicaba.sp.gov.br\/wp-content\/uploads\/2025\/07\/Marcia-Morato-Cury-foi-uma-das-participantes-da-segunda-turma-do-curso.jpg 1280w\" data-sizes=\"(max-width: 1024px) 100vw, 1024px\"\/><figcaption class=\"wp-element-caption\"><strong><em><sub>Marcia Morato Cury foi uma das participantes da segunda turma do curso<\/sub><\/em><\/strong><\/figcaption><\/figure>\n<p>Quem tamb\u00e9m aprovou a iniciativa do curso foi o artes\u00e3o Cleison Pagotto, que junto da esposa, Luciane Gon\u00e7alves, confecciona artesanalmente chinelos decorados. \u201cAs aulas foram muito \u00fateis, principalmente porque pude ampliar meu repert\u00f3rio para indica\u00e7\u00f5es de locais para visitar, comer e se hospedar em Piracicaba. Quando algum turista chegar ao meu espa\u00e7o, estarei melhor preparado para ajudar com estas informa\u00e7\u00f5es\u201d, afirmou.<\/p>\n<figure class=\"wp-block-image size-large\"><img data-recalc-dims=\"1\" loading=\"lazy\" data-lazyloaded=\"1\" data-placeholder-resp=\"1024x576\" decoding=\"async\" width=\"696\" height=\"392\" src=\"https:\/\/i0.wp.com\/piracicaba.sp.gov.br\/wp-content\/uploads\/2025\/07\/Casal-de-artesaos-Cleison-Pagotto-e-Luciane-Goncalves-tambem-estiveram-na-segunda-turma-do-curso-1024x576.jpg?resize=696%2C392&#038;ssl=1\" alt=\"A imagem mostra um retrato de um casal, aparentemente um homem e uma mulher, em p\u00e9 juntos contra um fundo desfocado de uma sala. A mulher est\u00e1 \u00e0 esquerda, com cabelo comprido e castanho-avermelhado com franja, usando \u00f3culos e um casaco escuro. Ela parece estar na faixa dos 30 ou 40 anos e tem uma express\u00e3o suave e amig\u00e1vel. O homem est\u00e1 \u00e0 direita, com cabelo curto e escuro, tamb\u00e9m usando \u00f3culos e um casaco com capuz escuro. Ele tem uma barba bem aparada e parece estar na faixa dos 30 ou 40 anos. Ele tem uma express\u00e3o mais s\u00e9ria, mas ainda amig\u00e1vel. O fundo \u00e9 desfocado, mas parece ser uma sala com janelas e algumas cadeiras e mesas, sugerindo um ambiente interno, possivelmente um escrit\u00f3rio ou sala de aula. A ilumina\u00e7\u00e3o \u00e9 suave e difusa, sem sombras duras. A composi\u00e7\u00e3o da imagem \u00e9 simples e direta, com o foco principal no casal. A proximidade deles sugere um relacionamento pr\u00f3ximo, seja pessoal ou profissional. A imagem como um todo transmite uma sensa\u00e7\u00e3o de calma e profissionalismo.\" class=\"wp-image-107589\" srcset=\"https:\/\/piracicaba.sp.gov.br\/wp-content\/uploads\/2025\/07\/Casal-de-artesaos-Cleison-Pagotto-e-Luciane-Goncalves-tambem-estiveram-na-segunda-turma-do-curso-1024x576.jpg 1024w, https:\/\/piracicaba.sp.gov.br\/wp-content\/uploads\/2025\/07\/Casal-de-artesaos-Cleison-Pagotto-e-Luciane-Goncalves-tambem-estiveram-na-segunda-turma-do-curso-300x169.jpg 300w, https:\/\/piracicaba.sp.gov.br\/wp-content\/uploads\/2025\/07\/Casal-de-artesaos-Cleison-Pagotto-e-Luciane-Goncalves-tambem-estiveram-na-segunda-turma-do-curso-768x432.jpg 768w, https:\/\/piracicaba.sp.gov.br\/wp-content\/uploads\/2025\/07\/Casal-de-artesaos-Cleison-Pagotto-e-Luciane-Goncalves-tambem-estiveram-na-segunda-turma-do-curso.jpg 1280w\" data-sizes=\"(max-width: 1024px) 100vw, 1024px\"\/><figcaption class=\"wp-element-caption\"><strong><em><sub>Casal de artes\u00e3os Cleison Pagotto e Luciane Gon\u00e7alves tamb\u00e9m estiveram na segunda turma do curso<\/sub><\/em><\/strong><\/figcaption><\/figure>\n<p>As aulas no per\u00edodo matutino foram ministradas pelo guia de turismo e docente do Senac Fabr\u00edcio Medeiros. No per\u00edodo vespertino, elas aconteceram com a professora e guia de turismo Sandra Zotelli. As tratativas para execu\u00e7\u00e3o do curso foram feitas com Renata Prates e Mariana Cancilieri, que s\u00e3o, respectivamente, executiva de contas e coordenadora de \u00e1rea do Senac.<\/p>\n<\/div>\n<p><br \/>\n<br \/><a href=\"https:\/\/piracicaba.sp.gov.br\/noticias\/turismo-segunda-turma-de-capacitacao-gratuita-conclui-atividades\/\" rel=\"noopener\">Informa\u00e7\u00f5es PMP <\/a><\/p>\n","protected":false},"excerpt":{"rendered":"<p>Segunda turma de capacita\u00e7\u00e3o gratuita conclui atividades nesta semana A segunda turma do curso gratuito sobre os atrativos tur\u00edsticos de Piracicaba concluiu as atividades ontem, quinta-feira, 3\/07. Foram ao todo quatro encontros, no per\u00edodo vespertino, na sede da Secretaria Municipal de Turismo, no Engenho Central. O curso foi oferecido pela Pasta, em parceria com o [&hellip;]<\/p>\n","protected":false},"author":1,"featured_media":38225,"comment_status":"open","ping_status":"open","sticky":false,"template":"","format":"standard","meta":{"_jetpack_newsletter_access":"","_jetpack_dont_email_post_to_subs":false,"_jetpack_newsletter_tier_id":0,"_jetpack_memberships_contains_paywalled_content":false,"_mbp_banners":[],"_jetpack_feature_clip_id":0,"_jetpack_memberships_contains_paid_content":false,"footnotes":"","jetpack_publicize_message":"","jetpack_publicize_feature_enabled":true,"jetpack_social_post_already_shared":true,"jetpack_social_options":{"image_generator_settings":{"template":"highway","default_image_id":0,"font":"","enabled":false},"version":2},"jetpack_post_was_ever_published":false},"categories":[20],"tags":[],"class_list":["post-38224","post","type-post","status-publish","format-standard","has-post-thumbnail","category-regiao"],"jetpack_publicize_connections":[],"jetpack-related-posts":[],"jetpack_shortlink":"https:\/\/wp.me\/p7Eq1F-9Ww","jetpack_sharing_enabled":true,"jetpack_featured_media_url":"https:\/\/i0.wp.com\/guialimeira.com.br\/news\/wp-content\/uploads\/2025\/07\/Segunda-turma-de-capacitacao-gratuita-conclui-atividades-nesta-semana-1024x576.jpg?fit=1024%2C576&ssl=1","_links":{"self":[{"href":"https:\/\/guialimeira.com.br\/news\/wp-json\/wp\/v2\/posts\/38224","targetHints":{"allow":["GET"]}}],"collection":[{"href":"https:\/\/guialimeira.com.br\/news\/wp-json\/wp\/v2\/posts"}],"about":[{"href":"https:\/\/guialimeira.com.br\/news\/wp-json\/wp\/v2\/types\/post"}],"author":[{"embeddable":true,"href":"https:\/\/guialimeira.com.br\/news\/wp-json\/wp\/v2\/users\/1"}],"replies":[{"embeddable":true,"href":"https:\/\/guialimeira.com.br\/news\/wp-json\/wp\/v2\/comments?post=38224"}],"version-history":[{"count":0,"href":"https:\/\/guialimeira.com.br\/news\/wp-json\/wp\/v2\/posts\/38224\/revisions"}],"wp:featuredmedia":[{"embeddable":true,"href":"https:\/\/guialimeira.com.br\/news\/wp-json\/wp\/v2\/media\/38225"}],"wp:attachment":[{"href":"https:\/\/guialimeira.com.br\/news\/wp-json\/wp\/v2\/media?parent=38224"}],"wp:term":[{"taxonomy":"category","embeddable":true,"href":"https:\/\/guialimeira.com.br\/news\/wp-json\/wp\/v2\/categories?post=38224"},{"taxonomy":"post_tag","embeddable":true,"href":"https:\/\/guialimeira.com.br\/news\/wp-json\/wp\/v2\/tags?post=38224"}],"curies":[{"name":"wp","href":"https:\/\/api.w.org\/{rel}","templated":true}]}}