{"id":38222,"date":"2025-07-05T04:04:39","date_gmt":"2025-07-05T07:04:39","guid":{"rendered":"https:\/\/guialimeira.com.br\/2025\/07\/05\/livro-sobre-a-revolucao-constitucionalista-e-lancado-no-museu-prudente-de-moraes-portal-do-municipio-de-piracicaba\/"},"modified":"2025-07-05T04:04:39","modified_gmt":"2025-07-05T07:04:39","slug":"livro-sobre-a-revolucao-constitucionalista-e-lancado-no-museu-prudente-de-moraes-portal-do-municipio-de-piracicaba","status":"publish","type":"post","link":"https:\/\/guialimeira.com.br\/news\/livro-sobre-a-revolucao-constitucionalista-e-lancado-no-museu-prudente-de-moraes-portal-do-municipio-de-piracicaba\/","title":{"rendered":"Livro sobre a Revolu\u00e7\u00e3o Constitucionalista\u00a0\u00e9 lan\u00e7ado no\u00a0Museu Prudente de Moraes \u2013 Portal do Munic\u00edpio de Piracicaba"},"content":{"rendered":"<p> <br \/>\n<\/p>\n<div>\n<figure class=\"wp-block-image size-large is-resized\"><img data-recalc-dims=\"1\" data-lazyloaded=\"1\" data-placeholder-resp=\"576x1024\" fetchpriority=\"high\" decoding=\"async\" width=\"576\" height=\"1024\" src=\"https:\/\/i0.wp.com\/piracicaba.sp.gov.br\/wp-content\/uploads\/2025\/07\/Lancamento-do-livro-Cartas-a-Piracicaba-do-jornalista-Edson-Rontani-Junior-576x1024.jpg?resize=576%2C1024&#038;ssl=1\" alt=\"A imagem mostra um homem de meia-idade sentado em frente a um monumento de bronze que retrata soldados. Ele est\u00e1 segurando um livro intitulado &quot;Cartas a Piracicaba&quot; de Edson Montani Junior. O homem veste uma jaqueta cinza e uma camisa azul, e parece estar orgulhoso de exibir o livro. O fundo \u00e9 um dia ensolarado, com \u00e1rvores e um pr\u00e9dio vis\u00edvel ao fundo. O monumento \u00e9 detalhado e mostra soldados em poses emocionais, sugerindo um memorial de guerra. A cena transmite um sentimento de respeito e lembran\u00e7a hist\u00f3rica.\" class=\"wp-image-107596\" style=\"width:840px;height:auto\" srcset=\"https:\/\/piracicaba.sp.gov.br\/wp-content\/uploads\/2025\/07\/Lancamento-do-livro-Cartas-a-Piracicaba-do-jornalista-Edson-Rontani-Junior-576x1024.jpg 576w, https:\/\/piracicaba.sp.gov.br\/wp-content\/uploads\/2025\/07\/Lancamento-do-livro-Cartas-a-Piracicaba-do-jornalista-Edson-Rontani-Junior-169x300.jpg 169w, https:\/\/piracicaba.sp.gov.br\/wp-content\/uploads\/2025\/07\/Lancamento-do-livro-Cartas-a-Piracicaba-do-jornalista-Edson-Rontani-Junior-768x1365.jpg 768w, https:\/\/piracicaba.sp.gov.br\/wp-content\/uploads\/2025\/07\/Lancamento-do-livro-Cartas-a-Piracicaba-do-jornalista-Edson-Rontani-Junior-864x1536.jpg 864w, https:\/\/piracicaba.sp.gov.br\/wp-content\/uploads\/2025\/07\/Lancamento-do-livro-Cartas-a-Piracicaba-do-jornalista-Edson-Rontani-Junior.jpg 900w\" data-sizes=\"(max-width: 576px) 100vw, 576px\"\/><figcaption class=\"wp-element-caption\"><strong><em><sub>Lan\u00e7amento do livro Cartas a Piracicaba, do jornalista Edson Rontani J\u00fanior.<\/sub><\/em><\/strong><\/figcaption><\/figure>\n<p>O Museu Prudente de Moraes sedia na pr\u00f3xima ter\u00e7a-feira, 08\/07, \u00e0s 19h30, o lan\u00e7amento do livro\u00a0<em>Cartas a Piracicaba<\/em>, do jornalista Edson Rontani J\u00fanior. A obra resgata relatos e documentos que revelam como a sociedade piracicabana viveu os tr\u00eas meses da Revolu\u00e7\u00e3o Constitucionalista de 1932. A iniciativa \u00e9 do Instituto Hist\u00f3rico e Geogr\u00e1fico de Piracicaba, com apoio da Prefeitura de Piracicaba, por meio da Secretaria de Cultura, e do pr\u00f3prio museu.<\/p>\n<p>Fruto de uma d\u00e9cada de pesquisa, o livro re\u00fane cartas publicadas em jornais da \u00e9poca, depoimentos, fotografias e registros pessoais sobre o cotidiano da cidade durante o conflito. Toque de recolher, racionamento de mantimentos e o temor de ataques por terra, ar ou rios s\u00e3o alguns dos temas abordados. A consulta a edi\u00e7\u00f5es do\u00a0<em>Jornal de Piracicaba<\/em>,\u00a0<em>Gazeta de Piracicaba<\/em>\u00a0e\u00a0<em>O Momento<\/em>\u00a0foi fundamental para a constru\u00e7\u00e3o da narrativa.<\/p>\n<p>\u201cA obra busca compreender como a popula\u00e7\u00e3o local se organizou e resistiu ao contexto da guerra, vivida intensamente no interior paulista. As cartas foram uma forma de express\u00e3o diante da tens\u00e3o e da esperan\u00e7a por uma Constitui\u00e7\u00e3o mais democr\u00e1tica\u201d, explica Edson Rontani J\u00fanior.<\/p>\n<p>O evento ter\u00e1 distribui\u00e7\u00e3o gratuita de 150 exemplares, limitada a um por pessoa, mediante retirada de senha antes do lan\u00e7amento. O projeto contou com apoio de empresas e institui\u00e7\u00f5es locais, como Abil-Grupo Unidas, Acipi, Atlante, Coop, Embraplan, Instituto Beatriz Algodoal, Unimed Piracicaba e Uniodonto Piracicaba.<\/p>\n<p><strong>SERVI\u00c7O \u2013\u00a0<\/strong><strong>Lan\u00e7amento do livro Cartas a Piracicaba, de Edson Rontani J\u00fanior.<\/strong>\u00a0No Museu Prudente de Moraes (rua Santo Ant\u00f4nio, 641 \u2013 Centro). Ter\u00e7a-feira, 08\/07, \u00e0s 19h30. Entrada gratuita. Distribui\u00e7\u00e3o de 150 exemplares mediante senha. Informa\u00e7\u00f5es pelo telefone (19) 3433-4930.<\/p>\n<\/div>\n<p><br \/>\n<br \/><a href=\"https:\/\/piracicaba.sp.gov.br\/noticias\/livro-sobre-a-revolucao-constitucionalista-e-lancado-no-museu-prudente-de-moraes\/\" rel=\"noopener\">Informa\u00e7\u00f5es PMP <\/a><\/p>\n","protected":false},"excerpt":{"rendered":"<p>Lan\u00e7amento do livro Cartas a Piracicaba, do jornalista Edson Rontani J\u00fanior. O Museu Prudente de Moraes sedia na pr\u00f3xima ter\u00e7a-feira, 08\/07, \u00e0s 19h30, o lan\u00e7amento do livro\u00a0Cartas a Piracicaba, do jornalista Edson Rontani J\u00fanior. A obra resgata relatos e documentos que revelam como a sociedade piracicabana viveu os tr\u00eas meses da Revolu\u00e7\u00e3o Constitucionalista de 1932. [&hellip;]<\/p>\n","protected":false},"author":1,"featured_media":38223,"comment_status":"open","ping_status":"open","sticky":false,"template":"","format":"standard","meta":{"_jetpack_newsletter_access":"","_jetpack_dont_email_post_to_subs":false,"_jetpack_newsletter_tier_id":0,"_jetpack_memberships_contains_paywalled_content":false,"_mbp_banners":[],"_jetpack_feature_clip_id":0,"_jetpack_memberships_contains_paid_content":false,"footnotes":"","jetpack_publicize_message":"","jetpack_publicize_feature_enabled":true,"jetpack_social_post_already_shared":true,"jetpack_social_options":{"image_generator_settings":{"template":"highway","default_image_id":0,"font":"","enabled":false},"version":2},"jetpack_post_was_ever_published":false},"categories":[20],"tags":[],"class_list":["post-38222","post","type-post","status-publish","format-standard","has-post-thumbnail","category-regiao"],"jetpack_publicize_connections":[],"jetpack-related-posts":[],"jetpack_shortlink":"https:\/\/wp.me\/p7Eq1F-9Wu","jetpack_sharing_enabled":true,"jetpack_featured_media_url":"https:\/\/i0.wp.com\/guialimeira.com.br\/news\/wp-content\/uploads\/2025\/07\/Lancamento-do-livro-Cartas-a-Piracicaba-do-jornalista-Edson-Rontani-Junior-576x1024.jpg?fit=576%2C1024&ssl=1","_links":{"self":[{"href":"https:\/\/guialimeira.com.br\/news\/wp-json\/wp\/v2\/posts\/38222","targetHints":{"allow":["GET"]}}],"collection":[{"href":"https:\/\/guialimeira.com.br\/news\/wp-json\/wp\/v2\/posts"}],"about":[{"href":"https:\/\/guialimeira.com.br\/news\/wp-json\/wp\/v2\/types\/post"}],"author":[{"embeddable":true,"href":"https:\/\/guialimeira.com.br\/news\/wp-json\/wp\/v2\/users\/1"}],"replies":[{"embeddable":true,"href":"https:\/\/guialimeira.com.br\/news\/wp-json\/wp\/v2\/comments?post=38222"}],"version-history":[{"count":0,"href":"https:\/\/guialimeira.com.br\/news\/wp-json\/wp\/v2\/posts\/38222\/revisions"}],"wp:featuredmedia":[{"embeddable":true,"href":"https:\/\/guialimeira.com.br\/news\/wp-json\/wp\/v2\/media\/38223"}],"wp:attachment":[{"href":"https:\/\/guialimeira.com.br\/news\/wp-json\/wp\/v2\/media?parent=38222"}],"wp:term":[{"taxonomy":"category","embeddable":true,"href":"https:\/\/guialimeira.com.br\/news\/wp-json\/wp\/v2\/categories?post=38222"},{"taxonomy":"post_tag","embeddable":true,"href":"https:\/\/guialimeira.com.br\/news\/wp-json\/wp\/v2\/tags?post=38222"}],"curies":[{"name":"wp","href":"https:\/\/api.w.org\/{rel}","templated":true}]}}