{"id":38219,"date":"2025-07-05T02:02:39","date_gmt":"2025-07-05T05:02:39","guid":{"rendered":"https:\/\/guialimeira.com.br\/2025\/07\/05\/saude-confirma-quarto-obito-em-2025-e-pede-que-populacao-redobre-os-cuidados-portal-do-municipio-de-piracicaba\/"},"modified":"2025-07-05T02:02:39","modified_gmt":"2025-07-05T05:02:39","slug":"saude-confirma-quarto-obito-em-2025-e-pede-que-populacao-redobre-os-cuidados-portal-do-municipio-de-piracicaba","status":"publish","type":"post","link":"https:\/\/guialimeira.com.br\/news\/saude-confirma-quarto-obito-em-2025-e-pede-que-populacao-redobre-os-cuidados-portal-do-municipio-de-piracicaba\/","title":{"rendered":"Sa\u00fade confirma quarto \u00f3bito em 2025 e pede que popula\u00e7\u00e3o redobre os cuidados \u2013 Portal do Munic\u00edpio de Piracicaba"},"content":{"rendered":"<p> <br \/>\n<br \/><img data-recalc-dims=\"1\" decoding=\"async\" src=\"https:\/\/i0.wp.com\/piracicaba.sp.gov.br\/wp-content\/themes\/pmp-portal\/assets\/images\/favicon.png?w=696&#038;ssl=1\" \/><\/p>\n<div>\n<p>A Vigil\u00e2ncia Epidemiol\u00f3gica, vinculada \u00e0 Secretaria Municipal de Sa\u00fade, confirmou no final da tarde de hoje, sexta-feira, 04\/07, o quarto \u00f3bito por dengue em Piracicaba em 2025. O resultado veio ap\u00f3s exames do Instituto Adolfo Lutz e conclus\u00e3o de investiga\u00e7\u00e3o epidemiol\u00f3gica realizada pela Vigil\u00e2ncia Epidemiol\u00f3gica Municipal. O caso \u00e9 de um paciente do sexo masculino, na faixa et\u00e1ria entre 60 e 69 anos, com comorbidades e residente na regi\u00e3o Sul, sendo o \u00f3bito ocorrido entre os dias 08 e 14\/06, com classifica\u00e7\u00e3o para sorotipo 3 da dengue. Os outros tr\u00eas \u00f3bitos j\u00e1 confirmados foram de pacientes do sexo feminino, sendo duas idosas e uma adulta, e residentes na regi\u00e3o Sul e Oeste.<\/p>\n<p>De acordo com a Vigil\u00e2ncia Epidemiol\u00f3gica (VE), de 01\/01 a 04\/07\/25 \u2013 em dados provis\u00f3rios \u2013 foram 21.048 notifica\u00e7\u00f5es para a dengue com 5.868 casos positivos. Em dados consolidados, no mesmo per\u00edodo de 2024, foram 54.818 notifica\u00e7\u00f5es, 27.602 casos confirmados e 16 \u00f3bitos.<\/p>\n<p>A Secretaria de Sa\u00fade segue monitorando os casos de dengue no munic\u00edpio e continua com o trabalho intenso de combate ao mosquito Aedes aegypti transmissor da dengue, zika v\u00edrus e chikungunya. Com apoio do PMCA (Programa Municipal de Combate ao Aedes), vinculado ao Centro de Controle de Zoonoses (CCZ), os agentes de sa\u00fade e zoonoses ampliaram suas atividades com a\u00e7\u00f5es orientativas e educativas casa a casa de segunda a sexta-feira.<\/p>\n<p>Os arrast\u00f5es seguem aos s\u00e1bados removendo os inserv\u00edveis em resid\u00eancia de acumuladores, entrada for\u00e7ada em locais suspeitos para criadouros, entre outras a\u00e7\u00f5es.<\/p>\n<p>Amanh\u00e3, s\u00e1bado, 05\/07, das 8h \u00e0s 14h, acontece mais uma edi\u00e7\u00e3o do Arrast\u00e3o da Dengue no M\u00e1rio Dedini e adjac\u00eancias, com ponto de encontro no Varej\u00e3o Municipal do bairro. No \u00faltimo arrast\u00e3o, em 28\/06, nos bairros Santana e Santa Ol\u00edmpia, foram recolhidos 980 quilos de inserv\u00edveis.<\/p>\n<p><strong>VACINA\u00c7\u00c3O \u2013<\/strong>\u00a0A aplica\u00e7\u00e3o da vacina contra a dengue em crian\u00e7as e adolescentes na faixa et\u00e1ria entre 10 e 14 anos segue em Piracicaba. Para receber o imunizante \u00e9 necess\u00e1rio apresentar documento de identifica\u00e7\u00e3o com foto ou Cart\u00e3o Nacional do SUS. A imuniza\u00e7\u00e3o acontece em todas as Unidades B\u00e1sicas de Sa\u00fade da cidade e Unidades de Sa\u00fade da Fam\u00edlia (USFs), de segunda a sexta-feira, das 8h \u00e0s 15h (exceto UBS Paulista, antigo Crab). A imuniza\u00e7\u00e3o \u00e9 composta por duas doses, ou seja, uma agora e outra com um intervalo de tr\u00eas meses.<\/p>\n<p><strong>DEN\u00daNCIA \u2013<\/strong>\u00a0Para denunciar im\u00f3veis abandonados ou locais que tenham poss\u00edveis criadouros da dengue bastar registrar solicita\u00e7\u00e3o no SIP 156. Para outras orienta\u00e7\u00f5es, basta ligar no PMCA pelo telefone (19) 3427-3351.<\/p>\n<\/div>\n<p><br \/>\n<br \/><a href=\"https:\/\/piracicaba.sp.gov.br\/noticias\/dengue-saude-confirma-quarto-obito-em-2025-e-pede-que-populacao-redobre-os-cuidados\/\" rel=\"noopener\">Informa\u00e7\u00f5es PMP <\/a><\/p>\n","protected":false},"excerpt":{"rendered":"<p>A Vigil\u00e2ncia Epidemiol\u00f3gica, vinculada \u00e0 Secretaria Municipal de Sa\u00fade, confirmou no final da tarde de hoje, sexta-feira, 04\/07, o quarto \u00f3bito por dengue em Piracicaba em 2025. O resultado veio ap\u00f3s exames do Instituto Adolfo Lutz e conclus\u00e3o de investiga\u00e7\u00e3o epidemiol\u00f3gica realizada pela Vigil\u00e2ncia Epidemiol\u00f3gica Municipal. O caso \u00e9 de um paciente do sexo masculino, [&hellip;]<\/p>\n","protected":false},"author":1,"featured_media":34157,"comment_status":"open","ping_status":"open","sticky":false,"template":"","format":"standard","meta":{"_jetpack_newsletter_access":"","_jetpack_dont_email_post_to_subs":false,"_jetpack_newsletter_tier_id":0,"_jetpack_memberships_contains_paywalled_content":false,"_mbp_banners":[],"_jetpack_feature_clip_id":0,"_jetpack_memberships_contains_paid_content":false,"footnotes":"","jetpack_publicize_message":"","jetpack_publicize_feature_enabled":true,"jetpack_social_post_already_shared":true,"jetpack_social_options":{"image_generator_settings":{"template":"highway","default_image_id":0,"font":"","enabled":false},"version":2},"jetpack_post_was_ever_published":false},"categories":[20],"tags":[],"class_list":["post-38219","post","type-post","status-publish","format-standard","has-post-thumbnail","category-regiao"],"jetpack_publicize_connections":[],"jetpack-related-posts":[],"jetpack_shortlink":"https:\/\/wp.me\/p7Eq1F-9Wr","jetpack_sharing_enabled":true,"jetpack_featured_media_url":"https:\/\/i0.wp.com\/guialimeira.com.br\/news\/wp-content\/uploads\/2025\/05\/favicon.png?fit=512%2C512&ssl=1","_links":{"self":[{"href":"https:\/\/guialimeira.com.br\/news\/wp-json\/wp\/v2\/posts\/38219","targetHints":{"allow":["GET"]}}],"collection":[{"href":"https:\/\/guialimeira.com.br\/news\/wp-json\/wp\/v2\/posts"}],"about":[{"href":"https:\/\/guialimeira.com.br\/news\/wp-json\/wp\/v2\/types\/post"}],"author":[{"embeddable":true,"href":"https:\/\/guialimeira.com.br\/news\/wp-json\/wp\/v2\/users\/1"}],"replies":[{"embeddable":true,"href":"https:\/\/guialimeira.com.br\/news\/wp-json\/wp\/v2\/comments?post=38219"}],"version-history":[{"count":0,"href":"https:\/\/guialimeira.com.br\/news\/wp-json\/wp\/v2\/posts\/38219\/revisions"}],"wp:featuredmedia":[{"embeddable":true,"href":"https:\/\/guialimeira.com.br\/news\/wp-json\/wp\/v2\/media\/34157"}],"wp:attachment":[{"href":"https:\/\/guialimeira.com.br\/news\/wp-json\/wp\/v2\/media?parent=38219"}],"wp:term":[{"taxonomy":"category","embeddable":true,"href":"https:\/\/guialimeira.com.br\/news\/wp-json\/wp\/v2\/categories?post=38219"},{"taxonomy":"post_tag","embeddable":true,"href":"https:\/\/guialimeira.com.br\/news\/wp-json\/wp\/v2\/tags?post=38219"}],"curies":[{"name":"wp","href":"https:\/\/api.w.org\/{rel}","templated":true}]}}