{"id":38217,"date":"2025-07-05T01:01:54","date_gmt":"2025-07-05T04:01:54","guid":{"rendered":"https:\/\/guialimeira.com.br\/2025\/07\/05\/prefeitura-reinaugura-casa-de-passagem-com-estrutura-ampliada-portal-do-municipio-de-piracicaba\/"},"modified":"2025-07-05T01:01:54","modified_gmt":"2025-07-05T04:01:54","slug":"prefeitura-reinaugura-casa-de-passagem-com-estrutura-ampliada-portal-do-municipio-de-piracicaba","status":"publish","type":"post","link":"https:\/\/guialimeira.com.br\/news\/prefeitura-reinaugura-casa-de-passagem-com-estrutura-ampliada-portal-do-municipio-de-piracicaba\/","title":{"rendered":"Prefeitura reinaugura Casa de Passagem com estrutura ampliada \u2013 Portal do Munic\u00edpio de Piracicaba"},"content":{"rendered":"<p> <br \/>\n<\/p>\n<div>\n<figure class=\"wp-block-image size-large\"><img data-recalc-dims=\"1\" data-lazyloaded=\"1\" data-placeholder-resp=\"1024x768\" fetchpriority=\"high\" decoding=\"async\" width=\"696\" height=\"522\" src=\"https:\/\/i0.wp.com\/piracicaba.sp.gov.br\/wp-content\/uploads\/2025\/07\/As-autoridades-e-convidados-presentes-acompanharam-o-descerramento-da-placa-de-reinauguracao-do-servico-1024x768.jpg?resize=696%2C522&#038;ssl=1\" alt=\"A imagem mostra um grupo de oito pessoas em p\u00e9, aparentemente em um evento ou cerim\u00f4nia. Elas est\u00e3o em uma \u00e1rea coberta, com um teto de estrutura met\u00e1lica vis\u00edvel. H\u00e1 um cavalete com uma placa que diz &quot;Casa de Passagem&quot;, sugerindo que o evento pode estar relacionado \u00e0 inaugura\u00e7\u00e3o ou apresenta\u00e7\u00e3o de um abrigo ou centro de apoio. As pessoas est\u00e3o aplaudindo, sorrindo e bem vestidas, indicando um evento formal ou semi-formal. Ao fundo, h\u00e1 bandeiras do Brasil e bal\u00f5es verdes e brancos, possivelmente indicando uma celebra\u00e7\u00e3o. O ambiente parece limpo e organizado. A ilumina\u00e7\u00e3o \u00e9 natural, com uma luz clara e uniforme sobre o grupo.\" class=\"wp-image-107655\" srcset=\"https:\/\/piracicaba.sp.gov.br\/wp-content\/uploads\/2025\/07\/As-autoridades-e-convidados-presentes-acompanharam-o-descerramento-da-placa-de-reinauguracao-do-servico-1024x768.jpg 1024w, https:\/\/piracicaba.sp.gov.br\/wp-content\/uploads\/2025\/07\/As-autoridades-e-convidados-presentes-acompanharam-o-descerramento-da-placa-de-reinauguracao-do-servico-300x225.jpg 300w, https:\/\/piracicaba.sp.gov.br\/wp-content\/uploads\/2025\/07\/As-autoridades-e-convidados-presentes-acompanharam-o-descerramento-da-placa-de-reinauguracao-do-servico-768x576.jpg 768w, https:\/\/piracicaba.sp.gov.br\/wp-content\/uploads\/2025\/07\/As-autoridades-e-convidados-presentes-acompanharam-o-descerramento-da-placa-de-reinauguracao-do-servico.jpg 1280w\" data-sizes=\"(max-width: 1024px) 100vw, 1024px\"\/><figcaption class=\"wp-element-caption\">A<strong><em><sub>s autoridades e convidados presentes acompanharam o descerramento da placa de reinaugura\u00e7\u00e3o do servi\u00e7o<\/sub><\/em><\/strong><\/figcaption><\/figure>\n<p>A Prefeitura de Piracicaba, por meio da Secretaria Municipal de Assist\u00eancia, Desenvolvimento Social e Fam\u00edlia, reinaugurou na manh\u00e3 de hoje, sexta-feira, 04\/07, a Casa de Passagem, servi\u00e7o de acolhimento para pessoas em situa\u00e7\u00e3o de rua e migrantes. Agora em novo endere\u00e7o \u2013 rua Santa Helena, 546, no bairro Pauliceia \u2013 o equipamento j\u00e1 est\u00e1 em funcionamento desde o m\u00eas passado.<\/p>\n<figure class=\"wp-block-image size-large\"><img data-recalc-dims=\"1\" loading=\"lazy\" data-lazyloaded=\"1\" data-placeholder-resp=\"1024x768\" decoding=\"async\" width=\"696\" height=\"522\" src=\"https:\/\/i0.wp.com\/piracicaba.sp.gov.br\/wp-content\/uploads\/2025\/07\/O-prefeito-Helinho-Zanatta-e-autoridades-aproveitaram-para-conhecer-a-estrutura-da-nova-Casa-de-Passagem-1024x768.jpg?resize=696%2C522&#038;ssl=1\" alt=\"A imagem mostra um grupo de pessoas reunidas em uma sala. H\u00e1 aproximadamente 20 indiv\u00edduos, a maioria adultos, em p\u00e9 em um c\u00edrculo, alguns em conversas animadas, outros aparentemente observando. O ambiente parece ser um escrit\u00f3rio ou espa\u00e7o p\u00fablico, com paredes claras e piso de cor clara. H\u00e1 uma cama vis\u00edvel em um quarto ao fundo, sugerindo talvez um espa\u00e7o multifuncional. As pessoas est\u00e3o vestidas com roupas casuais, e a atmosfera parece informal, possivelmente um encontro casual ou uma reuni\u00e3o breve. N\u00e3o h\u00e1 elementos particularmente chamativos na imagem, sendo o foco principal a intera\u00e7\u00e3o social das pessoas presentes.\" class=\"wp-image-107657\" srcset=\"https:\/\/piracicaba.sp.gov.br\/wp-content\/uploads\/2025\/07\/O-prefeito-Helinho-Zanatta-e-autoridades-aproveitaram-para-conhecer-a-estrutura-da-nova-Casa-de-Passagem-1024x768.jpg 1024w, https:\/\/piracicaba.sp.gov.br\/wp-content\/uploads\/2025\/07\/O-prefeito-Helinho-Zanatta-e-autoridades-aproveitaram-para-conhecer-a-estrutura-da-nova-Casa-de-Passagem-300x225.jpg 300w, https:\/\/piracicaba.sp.gov.br\/wp-content\/uploads\/2025\/07\/O-prefeito-Helinho-Zanatta-e-autoridades-aproveitaram-para-conhecer-a-estrutura-da-nova-Casa-de-Passagem-768x576.jpg 768w, https:\/\/piracicaba.sp.gov.br\/wp-content\/uploads\/2025\/07\/O-prefeito-Helinho-Zanatta-e-autoridades-aproveitaram-para-conhecer-a-estrutura-da-nova-Casa-de-Passagem.jpg 1280w\" data-sizes=\"(max-width: 1024px) 100vw, 1024px\"\/><figcaption class=\"wp-element-caption\"><strong><em><sub>O prefeito Helinho Zanatta e autoridades aproveitaram para conhecer a estrutura da nova Casa de Passagem<\/sub><\/em><\/strong><\/figcaption><\/figure>\n<p>A cerim\u00f4nia de reinaugura\u00e7\u00e3o contou com a presen\u00e7a do prefeito Helinho Zanatta, da primeira-dama e presidente do Fundo Social de Solidariedade, Valkiria Callovi, da secret\u00e1ria da pasta, Fernanda Varandas, do vice-prefeito e secret\u00e1rio de Sa\u00fade, S\u00e9rgio Pacheco Jr., do vereador Josef Borges, do reverendo S\u00e9rgio Paulo Martins Nascimento, presidente da Associa\u00e7\u00e3o Presbiteriana de Filantropia de Piracicaba da coordenadora do servi\u00e7o, Ane Navas, al\u00e9m de outras autoridades e representantes da sociedade civil.<\/p>\n<figure class=\"wp-block-image size-large\"><img data-recalc-dims=\"1\" loading=\"lazy\" data-lazyloaded=\"1\" data-placeholder-resp=\"1024x576\" decoding=\"async\" width=\"696\" height=\"392\" src=\"https:\/\/i0.wp.com\/piracicaba.sp.gov.br\/wp-content\/uploads\/2025\/07\/A-reinauguracao-da-Casa-de-Passagem-contou-com-a-presenca-do-prefeito-Helinho-Zanatta-e-dos-tecnicos-dos-servicos-da-assistencia-social-1024x576.jpg?resize=696%2C392&#038;ssl=1\" alt=\"A imagem mostra um grupo de pessoas em p\u00e9, sorrindo para a c\u00e2mera. Elas est\u00e3o em frente a um banner que diz &quot;Secretaria Municipal de Assist\u00eancia, Desenvolvimento Social e Fam\u00edlia&quot;. H\u00e1 bandeiras brasileiras ao fundo. As pessoas est\u00e3o vestidas com roupas casuais e parecem estar em um evento formal. H\u00e1 bal\u00f5es verdes e brancos ao lado delas. O ambiente parece ser um sal\u00e3o ou um espa\u00e7o de eventos. H\u00e1 equipamentos de som em ambos os lados da foto.\" class=\"wp-image-107656\" srcset=\"https:\/\/piracicaba.sp.gov.br\/wp-content\/uploads\/2025\/07\/A-reinauguracao-da-Casa-de-Passagem-contou-com-a-presenca-do-prefeito-Helinho-Zanatta-e-dos-tecnicos-dos-servicos-da-assistencia-social-1024x576.jpg 1024w, https:\/\/piracicaba.sp.gov.br\/wp-content\/uploads\/2025\/07\/A-reinauguracao-da-Casa-de-Passagem-contou-com-a-presenca-do-prefeito-Helinho-Zanatta-e-dos-tecnicos-dos-servicos-da-assistencia-social-300x169.jpg 300w, https:\/\/piracicaba.sp.gov.br\/wp-content\/uploads\/2025\/07\/A-reinauguracao-da-Casa-de-Passagem-contou-com-a-presenca-do-prefeito-Helinho-Zanatta-e-dos-tecnicos-dos-servicos-da-assistencia-social-768x432.jpg 768w, https:\/\/piracicaba.sp.gov.br\/wp-content\/uploads\/2025\/07\/A-reinauguracao-da-Casa-de-Passagem-contou-com-a-presenca-do-prefeito-Helinho-Zanatta-e-dos-tecnicos-dos-servicos-da-assistencia-social-1536x864.jpg 1536w, https:\/\/piracicaba.sp.gov.br\/wp-content\/uploads\/2025\/07\/A-reinauguracao-da-Casa-de-Passagem-contou-com-a-presenca-do-prefeito-Helinho-Zanatta-e-dos-tecnicos-dos-servicos-da-assistencia-social-2048x1152.jpg 2048w\" data-sizes=\"(max-width: 1024px) 100vw, 1024px\"\/><figcaption class=\"wp-element-caption\"><strong><em><sub>A reinaugura\u00e7\u00e3o da Casa de Passagem contou com a presen\u00e7a do prefeito Helinho Zanatta e dos t\u00e9cnicos dos servi\u00e7os da assist\u00eancia social<\/sub><\/em><\/strong><\/figcaption><\/figure>\n<p>Durante a cerim\u00f4nia, o prefeito Helinho Zanatta destacou que o enfrentamento \u00e0 situa\u00e7\u00e3o de rua exige um esfor\u00e7o coletivo, com a atua\u00e7\u00e3o articulada entre as secretarias municipais e o apoio da sociedade civil. \u201cO acolhimento deve ir al\u00e9m da oferta de abrigo, promovendo caminhos para a autonomia e a reconstru\u00e7\u00e3o da dignidade das pessoas atendidas. Superar a situa\u00e7\u00e3o de rua n\u00e3o \u00e9 um processo simples nem r\u00e1pido. \u00c9 preciso garantir apoio t\u00e9cnico, sensibilidade e uma rede comprometida com o cuidado. Por isso, acreditamos em um trabalho feito de forma integrada, com equipes alinhadas e engajadas nesse prop\u00f3sito\u201d, declarou.<\/p>\n<p>A secret\u00e1ria Fernanda Varandas refor\u00e7ou o compromisso da gest\u00e3o com a pol\u00edtica de assist\u00eancia social: \u201cEsse servi\u00e7o \u00e9 uma prioridade. Desde fevereiro, 21 pessoas conseguiram sair da situa\u00e7\u00e3o de rua com o apoio da Casa de Passagem. Esse \u00e9 o objetivo: oferecer caminhos e possibilidades para que elas reconstruam suas trajet\u00f3rias.\u201d<\/p>\n<p>O reverendo S\u00e9rgio Paulo Martins Nascimento, presidente da Associa\u00e7\u00e3o Presbiteriana de Filantropia de Piracicaba \u2013 entidade respons\u00e1vel pela gest\u00e3o da Casa \u2013 agradeceu o apoio da Prefeitura: \u201cEssa mudan\u00e7a consolida anos de trabalho e refor\u00e7a nosso compromisso com um acolhimento t\u00e9cnico e humanizado, dentro das diretrizes do SUAS (Sistema \u00danico de Assist\u00eancia Social).\u201d<\/p>\n<p><strong>ESTRUTURA<\/strong>\u00a0\u2013 Com capacidade para acolher at\u00e9 94 pessoas, a nova estrutura da Casa de Passagem conta com 14 quartos, incluindo espa\u00e7os exclusivos para mulheres e ambientes com acessibilidade. A unidade tamb\u00e9m conta com salas t\u00e9cnicas privativas, sala de estar, \u00e1rea externa, refeit\u00f3rio, computadores e internet wi-fi. O servi\u00e7o recebe, em m\u00e9dia, 80 pessoas para o pernoite. Na madrugada de quarta-feira, 02\/07, 93 pessoas utilizaram o servi\u00e7o.<\/p>\n<p>Al\u00e9m da estrutura f\u00edsica, os usu\u00e1rios t\u00eam acesso a cinco refei\u00e7\u00f5es di\u00e1rias, lavanderia, banheiros com chuveiros, e doa\u00e7\u00e3o de vestu\u00e1rio e itens de higiene pessoal. Tamb\u00e9m s\u00e3o realizados atendimentos t\u00e9cnicos individualizados com encaminhamentos para programas sociais, capacita\u00e7\u00e3o profissional, regulariza\u00e7\u00e3o de documentos, fortalecimento de v\u00ednculos e possibilidade de retorno \u00e0 cidade ou estado de origem.<\/p>\n<p>O acesso \u00e0 Casa de Passagem \u00e9 feito por meio do SEAS (Servi\u00e7o Especializado de Abordagem Social) e do Centro Pop. No caso de migrantes, o atendimento pode ser feito diretamente na unidade.<\/p>\n<\/div>\n<p><br \/>\n<br \/><a href=\"https:\/\/piracicaba.sp.gov.br\/noticias\/prefeitura-reinaugura-casa-de-passagem-com-estrutura-ampliada\/\" rel=\"noopener\">Informa\u00e7\u00f5es PMP <\/a><\/p>\n","protected":false},"excerpt":{"rendered":"<p>As autoridades e convidados presentes acompanharam o descerramento da placa de reinaugura\u00e7\u00e3o do servi\u00e7o A Prefeitura de Piracicaba, por meio da Secretaria Municipal de Assist\u00eancia, Desenvolvimento Social e Fam\u00edlia, reinaugurou na manh\u00e3 de hoje, sexta-feira, 04\/07, a Casa de Passagem, servi\u00e7o de acolhimento para pessoas em situa\u00e7\u00e3o de rua e migrantes. Agora em novo endere\u00e7o [&hellip;]<\/p>\n","protected":false},"author":1,"featured_media":38218,"comment_status":"open","ping_status":"open","sticky":false,"template":"","format":"standard","meta":{"_jetpack_newsletter_access":"","_jetpack_dont_email_post_to_subs":false,"_jetpack_newsletter_tier_id":0,"_jetpack_memberships_contains_paywalled_content":false,"_mbp_banners":[],"_jetpack_feature_clip_id":0,"_jetpack_memberships_contains_paid_content":false,"footnotes":"","jetpack_publicize_message":"","jetpack_publicize_feature_enabled":true,"jetpack_social_post_already_shared":true,"jetpack_social_options":{"image_generator_settings":{"template":"highway","default_image_id":0,"font":"","enabled":false},"version":2},"jetpack_post_was_ever_published":false},"categories":[20],"tags":[],"class_list":["post-38217","post","type-post","status-publish","format-standard","has-post-thumbnail","category-regiao"],"jetpack_publicize_connections":[],"jetpack-related-posts":[],"jetpack_shortlink":"https:\/\/wp.me\/p7Eq1F-9Wp","jetpack_sharing_enabled":true,"jetpack_featured_media_url":"https:\/\/i0.wp.com\/guialimeira.com.br\/news\/wp-content\/uploads\/2025\/07\/As-autoridades-e-convidados-presentes-acompanharam-o-descerramento-da-placa-de-reinauguracao-do-serv.jpeg?fit=1024%2C768&ssl=1","_links":{"self":[{"href":"https:\/\/guialimeira.com.br\/news\/wp-json\/wp\/v2\/posts\/38217","targetHints":{"allow":["GET"]}}],"collection":[{"href":"https:\/\/guialimeira.com.br\/news\/wp-json\/wp\/v2\/posts"}],"about":[{"href":"https:\/\/guialimeira.com.br\/news\/wp-json\/wp\/v2\/types\/post"}],"author":[{"embeddable":true,"href":"https:\/\/guialimeira.com.br\/news\/wp-json\/wp\/v2\/users\/1"}],"replies":[{"embeddable":true,"href":"https:\/\/guialimeira.com.br\/news\/wp-json\/wp\/v2\/comments?post=38217"}],"version-history":[{"count":0,"href":"https:\/\/guialimeira.com.br\/news\/wp-json\/wp\/v2\/posts\/38217\/revisions"}],"wp:featuredmedia":[{"embeddable":true,"href":"https:\/\/guialimeira.com.br\/news\/wp-json\/wp\/v2\/media\/38218"}],"wp:attachment":[{"href":"https:\/\/guialimeira.com.br\/news\/wp-json\/wp\/v2\/media?parent=38217"}],"wp:term":[{"taxonomy":"category","embeddable":true,"href":"https:\/\/guialimeira.com.br\/news\/wp-json\/wp\/v2\/categories?post=38217"},{"taxonomy":"post_tag","embeddable":true,"href":"https:\/\/guialimeira.com.br\/news\/wp-json\/wp\/v2\/tags?post=38217"}],"curies":[{"name":"wp","href":"https:\/\/api.w.org\/{rel}","templated":true}]}}