{"id":38215,"date":"2025-07-05T00:00:39","date_gmt":"2025-07-05T03:00:39","guid":{"rendered":"https:\/\/guialimeira.com.br\/2025\/07\/05\/linhas-de-onibus-operam-com-horarios-especiais-no-feriado-de-9-de-julho-portal-do-municipio-de-piracicaba\/"},"modified":"2025-07-05T00:00:39","modified_gmt":"2025-07-05T03:00:39","slug":"linhas-de-onibus-operam-com-horarios-especiais-no-feriado-de-9-de-julho-portal-do-municipio-de-piracicaba","status":"publish","type":"post","link":"https:\/\/guialimeira.com.br\/news\/linhas-de-onibus-operam-com-horarios-especiais-no-feriado-de-9-de-julho-portal-do-municipio-de-piracicaba\/","title":{"rendered":"Linhas de \u00f4nibus operam com hor\u00e1rios especiais no feriado de 9 de julho \u2013 Portal do Munic\u00edpio de Piracicaba"},"content":{"rendered":"<p> <br \/>\n<\/p>\n<div>\n<figure class=\"wp-block-image size-large\"><img data-recalc-dims=\"1\" data-lazyloaded=\"1\" data-placeholder-resp=\"1024x494\" fetchpriority=\"high\" decoding=\"async\" width=\"696\" height=\"336\" src=\"https:\/\/i0.wp.com\/piracicaba.sp.gov.br\/wp-content\/uploads\/2025\/07\/Linhas-de-onibus-vao-operar-com-horarios-especiais-no-feriado-de-9-de-julho-1024x494.jpg?resize=696%2C336&#038;ssl=1\" alt=\"A imagem mostra uma cena em um terminal de \u00f4nibus. Dois \u00f4nibus azuis est\u00e3o estacionados em baias, um deles com o letreiro &quot;CENTRO&quot; indicando seu destino. H\u00e1 v\u00e1rias pessoas esperando nos bancos sob uma estrutura coberta. A arquitetura do terminal \u00e9 moderna, com colunas brancas e um teto de estrutura met\u00e1lica. H\u00e1 placas de sinaliza\u00e7\u00e3o indicando os n\u00fameros das linhas de \u00f4nibus. A atmosfera geral \u00e9 de um dia comum em um terminal de transporte p\u00fablico.\" class=\"wp-image-107664\" srcset=\"https:\/\/piracicaba.sp.gov.br\/wp-content\/uploads\/2025\/07\/Linhas-de-onibus-vao-operar-com-horarios-especiais-no-feriado-de-9-de-julho-1024x494.jpg 1024w, https:\/\/piracicaba.sp.gov.br\/wp-content\/uploads\/2025\/07\/Linhas-de-onibus-vao-operar-com-horarios-especiais-no-feriado-de-9-de-julho-300x145.jpg 300w, https:\/\/piracicaba.sp.gov.br\/wp-content\/uploads\/2025\/07\/Linhas-de-onibus-vao-operar-com-horarios-especiais-no-feriado-de-9-de-julho-768x370.jpg 768w, https:\/\/piracicaba.sp.gov.br\/wp-content\/uploads\/2025\/07\/Linhas-de-onibus-vao-operar-com-horarios-especiais-no-feriado-de-9-de-julho.jpg 1248w\" data-sizes=\"(max-width: 1024px) 100vw, 1024px\"\/><figcaption class=\"wp-element-caption\"><strong><em><sub>Linhas de \u00f4nibus v\u00e3o operar com hor\u00e1rios especiais no feriado de 9 de julho<\/sub><\/em><\/strong><\/figcaption><\/figure>\n<p>A Secretaria Municipal de Seguran\u00e7a P\u00fablica, Tr\u00e2nsito e Transportes informa que, na pr\u00f3xima quarta-feira, 09\/07, feriado referente \u00e0 Revolu\u00e7\u00e3o Constitucionalista, o transporte coletivo de Piracicaba ir\u00e1 operar conforme os hor\u00e1rios de domingos e feriados.<\/p>\n<p>A exce\u00e7\u00e3o ser\u00e1 para as linhas 210 (Unileste), 416 (Uninoroeste\/Terminal do Vila S\u00f4nia), 505 (Uninorte) e 507 (Pq. Automotivo via Hyundai), que ir\u00e3o funcionar com os hor\u00e1rios habituais de dias \u00fateis, para garantir o atendimento \u00e0 demanda de trabalhadores dessas regi\u00f5es.<\/p>\n<p>A Secretaria tamb\u00e9m informa que, devido ao feriado, a loja da Pira Mobilidade permanecer\u00e1 fechada durante todo o dia.<\/p>\n<\/div>\n<p><br \/>\n<br \/><a href=\"https:\/\/piracicaba.sp.gov.br\/noticias\/linhas-de-onibus-operam-com-horarios-especiais-no-feriado-de-9-de-julho\/\" rel=\"noopener\">Informa\u00e7\u00f5es PMP <\/a><\/p>\n","protected":false},"excerpt":{"rendered":"<p>Linhas de \u00f4nibus v\u00e3o operar com hor\u00e1rios especiais no feriado de 9 de julho A Secretaria Municipal de Seguran\u00e7a P\u00fablica, Tr\u00e2nsito e Transportes informa que, na pr\u00f3xima quarta-feira, 09\/07, feriado referente \u00e0 Revolu\u00e7\u00e3o Constitucionalista, o transporte coletivo de Piracicaba ir\u00e1 operar conforme os hor\u00e1rios de domingos e feriados. A exce\u00e7\u00e3o ser\u00e1 para as linhas 210 [&hellip;]<\/p>\n","protected":false},"author":1,"featured_media":38216,"comment_status":"open","ping_status":"open","sticky":false,"template":"","format":"standard","meta":{"_jetpack_newsletter_access":"","_jetpack_dont_email_post_to_subs":false,"_jetpack_newsletter_tier_id":0,"_jetpack_memberships_contains_paywalled_content":false,"_mbp_banners":[],"_jetpack_feature_clip_id":0,"_jetpack_memberships_contains_paid_content":false,"footnotes":"","jetpack_publicize_message":"","jetpack_publicize_feature_enabled":true,"jetpack_social_post_already_shared":true,"jetpack_social_options":{"image_generator_settings":{"template":"highway","default_image_id":0,"font":"","enabled":false},"version":2},"jetpack_post_was_ever_published":false},"categories":[20],"tags":[],"class_list":["post-38215","post","type-post","status-publish","format-standard","has-post-thumbnail","category-regiao"],"jetpack_publicize_connections":[],"jetpack-related-posts":[],"jetpack_shortlink":"https:\/\/wp.me\/p7Eq1F-9Wn","jetpack_sharing_enabled":true,"jetpack_featured_media_url":"https:\/\/i0.wp.com\/guialimeira.com.br\/news\/wp-content\/uploads\/2025\/07\/Linhas-de-onibus-vao-operar-com-horarios-especiais-no-feriado-de-9-de-julho-1024x494.jpg?fit=1024%2C494&ssl=1","_links":{"self":[{"href":"https:\/\/guialimeira.com.br\/news\/wp-json\/wp\/v2\/posts\/38215","targetHints":{"allow":["GET"]}}],"collection":[{"href":"https:\/\/guialimeira.com.br\/news\/wp-json\/wp\/v2\/posts"}],"about":[{"href":"https:\/\/guialimeira.com.br\/news\/wp-json\/wp\/v2\/types\/post"}],"author":[{"embeddable":true,"href":"https:\/\/guialimeira.com.br\/news\/wp-json\/wp\/v2\/users\/1"}],"replies":[{"embeddable":true,"href":"https:\/\/guialimeira.com.br\/news\/wp-json\/wp\/v2\/comments?post=38215"}],"version-history":[{"count":0,"href":"https:\/\/guialimeira.com.br\/news\/wp-json\/wp\/v2\/posts\/38215\/revisions"}],"wp:featuredmedia":[{"embeddable":true,"href":"https:\/\/guialimeira.com.br\/news\/wp-json\/wp\/v2\/media\/38216"}],"wp:attachment":[{"href":"https:\/\/guialimeira.com.br\/news\/wp-json\/wp\/v2\/media?parent=38215"}],"wp:term":[{"taxonomy":"category","embeddable":true,"href":"https:\/\/guialimeira.com.br\/news\/wp-json\/wp\/v2\/categories?post=38215"},{"taxonomy":"post_tag","embeddable":true,"href":"https:\/\/guialimeira.com.br\/news\/wp-json\/wp\/v2\/tags?post=38215"}],"curies":[{"name":"wp","href":"https:\/\/api.w.org\/{rel}","templated":true}]}}