{"id":38213,"date":"2025-07-04T22:59:50","date_gmt":"2025-07-05T01:59:50","guid":{"rendered":"https:\/\/guialimeira.com.br\/2025\/07\/04\/prefeitura-realiza-melhorias-estruturais-em-escolas-municipais-portal-do-municipio-de-piracicaba\/"},"modified":"2025-07-04T22:59:50","modified_gmt":"2025-07-05T01:59:50","slug":"prefeitura-realiza-melhorias-estruturais-em-escolas-municipais-portal-do-municipio-de-piracicaba","status":"publish","type":"post","link":"https:\/\/guialimeira.com.br\/news\/prefeitura-realiza-melhorias-estruturais-em-escolas-municipais-portal-do-municipio-de-piracicaba\/","title":{"rendered":"Prefeitura realiza melhorias estruturais em escolas municipais \u2013 Portal do Munic\u00edpio de Piracicaba"},"content":{"rendered":"<p> <br \/>\n<\/p>\n<div>\n<p>A Prefeitura de Piracicaba, por meio da Secretaria Municipal de Educa\u00e7\u00e3o, realizou uma s\u00e9rie de servi\u00e7os estruturais em unidades da rede municipal de ensino. As a\u00e7\u00f5es contemplam desde amplia\u00e7\u00f5es em \u00e1reas de recrea\u00e7\u00e3o at\u00e9 interven\u00e7\u00f5es para resolver problemas cr\u00f4nicos, como infiltra\u00e7\u00f5es e alagamentos.<\/p>\n<p>Ao todo, 13 unidades de ensino foram contempladas. \u201cA nossa prioridade \u00e9 oferecer um ambiente escolar seguro, acolhedor e funcional para todos os alunos e profissionais da rede. As melhorias que estamos realizando refletem um olhar atento \u00e0s demandas cotidianas das unidades e um esfor\u00e7o constante de planejamento e investimento. Sabemos que infraestrutura de qualidade tamb\u00e9m contribui para o processo de aprendizagem, e seguiremos avan\u00e7ando nesse compromisso com a educa\u00e7\u00e3o p\u00fablica\u201d, destacou a titular da Pasta, Juliana Vicentin, que visitou tr\u00eas unidades na manh\u00e3 de ontem, 03\/07.<\/p>\n<figure class=\"wp-block-image size-large\"><img data-recalc-dims=\"1\" data-lazyloaded=\"1\" data-placeholder-resp=\"1024x768\" fetchpriority=\"high\" decoding=\"async\" width=\"696\" height=\"522\" src=\"https:\/\/i0.wp.com\/piracicaba.sp.gov.br\/wp-content\/uploads\/2025\/07\/A-EM-Milton-Rontani-vai-passar-por-revisao-completa-do-telhado-do-refeitorio-substituicao-de-pisos-e-reforma-da-cozinha-e-do-lactario-1024x768.jpg?resize=696%2C522&#038;ssl=1\" alt=\"A imagem mostra tr\u00eas pessoas em uma sala. Duas mulheres est\u00e3o em primeiro plano, uma de jaqueta marrom e a outra de blusa preta. Uma delas est\u00e1 gesticulando enquanto fala, aparentemente engajada em uma conversa. Um homem est\u00e1 posicionado entre as duas mulheres, com uma express\u00e3o s\u00e9ria. Todos parecem estar envolvidos em uma discuss\u00e3o ou reuni\u00e3o. Ao fundo, h\u00e1 v\u00e1rias caixas empilhadas, possivelmente contendo materiais de constru\u00e7\u00e3o ou suprimentos, e um telefone p\u00fablico na parede. O ambiente parece ser uma sala comunit\u00e1ria ou um espa\u00e7o p\u00fablico, com piso de cer\u00e2mica e paredes pintadas em tons de azul e verde-\u00e1gua. A ilumina\u00e7\u00e3o \u00e9 natural, provavelmente proveniente de janelas fora do enquadramento da imagem. A cena sugere um encontro informal, possivelmente relacionado a uma entrega de materiais ou um projeto comunit\u00e1rio.\" class=\"wp-image-107669\" srcset=\"https:\/\/piracicaba.sp.gov.br\/wp-content\/uploads\/2025\/07\/A-EM-Milton-Rontani-vai-passar-por-revisao-completa-do-telhado-do-refeitorio-substituicao-de-pisos-e-reforma-da-cozinha-e-do-lactario-1024x768.jpg 1024w, https:\/\/piracicaba.sp.gov.br\/wp-content\/uploads\/2025\/07\/A-EM-Milton-Rontani-vai-passar-por-revisao-completa-do-telhado-do-refeitorio-substituicao-de-pisos-e-reforma-da-cozinha-e-do-lactario-300x225.jpg 300w, https:\/\/piracicaba.sp.gov.br\/wp-content\/uploads\/2025\/07\/A-EM-Milton-Rontani-vai-passar-por-revisao-completa-do-telhado-do-refeitorio-substituicao-de-pisos-e-reforma-da-cozinha-e-do-lactario-768x576.jpg 768w, https:\/\/piracicaba.sp.gov.br\/wp-content\/uploads\/2025\/07\/A-EM-Milton-Rontani-vai-passar-por-revisao-completa-do-telhado-do-refeitorio-substituicao-de-pisos-e-reforma-da-cozinha-e-do-lactario-1536x1152.jpg 1536w, https:\/\/piracicaba.sp.gov.br\/wp-content\/uploads\/2025\/07\/A-EM-Milton-Rontani-vai-passar-por-revisao-completa-do-telhado-do-refeitorio-substituicao-de-pisos-e-reforma-da-cozinha-e-do-lactario.jpg 1600w\" data-sizes=\"(max-width: 1024px) 100vw, 1024px\"\/><figcaption class=\"wp-element-caption\"><strong><em><sub>A EM Milton Rontani vai passar por revis\u00e3o completa do telhado do refeit\u00f3rio, substitui\u00e7\u00e3o de pisos e reforma da cozinha e do lact\u00e1rio<\/sub><\/em><\/strong><\/figcaption><\/figure>\n<p>Um dos destaques \u00e9 a EM M\u00e1rio Boscolo, no bairro Jardim Itamarac\u00e1, que recebeu novos pain\u00e9is nas paredes, restaura\u00e7\u00e3o dos brinquedos do parque infantil e manuten\u00e7\u00e3o completa do telhado e das calhas. Tamb\u00e9m foram feitos ajustes em pontos com necessidade de reposi\u00e7\u00e3o de azulejos. Em breve, a unidade contar\u00e1 com um novo playground, ampliando a \u00e1rea de recrea\u00e7\u00e3o dispon\u00edvel para os alunos. \u201cReceber esse novo parquinho vai ser uma alegria, as crian\u00e7as j\u00e1 est\u00e3o super animadas com a novidade. A escola precisa desse olhar carinhoso, como est\u00e1 recebendo agora, precisa ganhar novos ares e ser sempre renovada\u201d, destacou a diretora Patr\u00edcia Pontes.<\/p>\n<figure class=\"wp-block-image size-large\"><img data-recalc-dims=\"1\" loading=\"lazy\" data-lazyloaded=\"1\" data-placeholder-resp=\"1024x768\" decoding=\"async\" width=\"696\" height=\"522\" src=\"https:\/\/i0.wp.com\/piracicaba.sp.gov.br\/wp-content\/uploads\/2025\/07\/Espaco-preparado-para-receber-novo-playgroung-na-EM-Mario-Boscolo-1024x768.jpg?resize=696%2C522&#038;ssl=1\" alt=\"A imagem mostra duas mulheres inspecionando uma \u00e1rea de terra vermelha preparada, aparentemente para paisagismo ou constru\u00e7\u00e3o. Uma delas aponta para um espa\u00e7o al\u00e9m de uma cerca, indicando uma poss\u00edvel extens\u00e3o do projeto. O solo \u00e9 vermelho-escuro, nivelado e com marcas de m\u00e1quinas. H\u00e1 um vaso de plantas amarelo pr\u00f3ximo a uma cal\u00e7ada de concreto. A vegeta\u00e7\u00e3o ao fundo \u00e9 composta por \u00e1rvores e arbustos, sugerindo um ambiente externo. As mulheres vestem roupas casuais. A cena transmite a ideia de planejamento ou avalia\u00e7\u00e3o de um espa\u00e7o ao ar livre.\" class=\"wp-image-107671\" srcset=\"https:\/\/piracicaba.sp.gov.br\/wp-content\/uploads\/2025\/07\/Espaco-preparado-para-receber-novo-playgroung-na-EM-Mario-Boscolo-1024x768.jpg 1024w, https:\/\/piracicaba.sp.gov.br\/wp-content\/uploads\/2025\/07\/Espaco-preparado-para-receber-novo-playgroung-na-EM-Mario-Boscolo-300x225.jpg 300w, https:\/\/piracicaba.sp.gov.br\/wp-content\/uploads\/2025\/07\/Espaco-preparado-para-receber-novo-playgroung-na-EM-Mario-Boscolo-768x576.jpg 768w, https:\/\/piracicaba.sp.gov.br\/wp-content\/uploads\/2025\/07\/Espaco-preparado-para-receber-novo-playgroung-na-EM-Mario-Boscolo-1536x1152.jpg 1536w, https:\/\/piracicaba.sp.gov.br\/wp-content\/uploads\/2025\/07\/Espaco-preparado-para-receber-novo-playgroung-na-EM-Mario-Boscolo.jpg 1600w\" data-sizes=\"(max-width: 1024px) 100vw, 1024px\"\/><figcaption class=\"wp-element-caption\"><strong><em><sub>Espa\u00e7o preparado para receber novo playgroung na EM Mario Boscolo<\/sub><\/em><\/strong><\/figcaption><\/figure>\n<p>J\u00e1 a EM Jos\u00e9 Pousa de Toledo, no Bosques do Lenheiro, teve o telhado totalmente revisado, com troca de telhas em pontos cr\u00edticos. A unidade tamb\u00e9m contar\u00e1 com um novo playground, suprindo a aus\u00eancia de espa\u00e7o recreativo. A diretora da escola, Valqu\u00edria Zilio, se emocionou ao saber da conquista. \u201cEsperamos um novo parquinho desde 2017, quando o antigo foi retirado, porque n\u00e3o estava em boas condi\u00e7\u00f5es. Desde ent\u00e3o, temos pedido um novo parquinho e agora vamos receber. Fiquei muito feliz por essa not\u00edcia. As crian\u00e7as v\u00e3o adorar\u201d, declarou.<\/p>\n<figure class=\"wp-block-image size-large\"><img data-recalc-dims=\"1\" loading=\"lazy\" data-lazyloaded=\"1\" data-placeholder-resp=\"1024x768\" decoding=\"async\" width=\"696\" height=\"522\" src=\"https:\/\/i0.wp.com\/piracicaba.sp.gov.br\/wp-content\/uploads\/2025\/07\/Secretaria-Juliana-Vicentin-a-direita-durante-visita-na-EM-Jose-Pousa-de-Toledo-no-Bosques-do-Lenheiro-1024x768.jpg?resize=696%2C522&#038;ssl=1\" alt=\"A imagem mostra quatro adultos em p\u00e9 na frente de um pr\u00e9dio. Duas mulheres e dois homens. As mulheres est\u00e3o no centro, uma usando uma blusa vermelha com um logotipo e a outra usando um poncho preto. Os homens est\u00e3o nas extremidades, um vestindo uma jaqueta preta e o outro uma jaqueta marrom com estampa de on\u00e7a. O pr\u00e9dio parece ser uma escola ou um centro comunit\u00e1rio, com um port\u00e3o de entrada e uma cerca. O c\u00e9u est\u00e1 nublado. H\u00e1 um carro branco estacionado no fundo \u00e0 esquerda. A cena \u00e9 diurna, com ilumina\u00e7\u00e3o natural. A grama na frente do pr\u00e9dio \u00e9 bem cuidada. H\u00e1 um pequeno jardim vis\u00edvel. A foto parece ter sido tirada de uma dist\u00e2ncia m\u00e9dia, capturando os indiv\u00edduos e o pr\u00e9dio com clareza.\" class=\"wp-image-107672\" srcset=\"https:\/\/piracicaba.sp.gov.br\/wp-content\/uploads\/2025\/07\/Secretaria-Juliana-Vicentin-a-direita-durante-visita-na-EM-Jose-Pousa-de-Toledo-no-Bosques-do-Lenheiro-1024x768.jpg 1024w, https:\/\/piracicaba.sp.gov.br\/wp-content\/uploads\/2025\/07\/Secretaria-Juliana-Vicentin-a-direita-durante-visita-na-EM-Jose-Pousa-de-Toledo-no-Bosques-do-Lenheiro-300x225.jpg 300w, https:\/\/piracicaba.sp.gov.br\/wp-content\/uploads\/2025\/07\/Secretaria-Juliana-Vicentin-a-direita-durante-visita-na-EM-Jose-Pousa-de-Toledo-no-Bosques-do-Lenheiro-768x576.jpg 768w, https:\/\/piracicaba.sp.gov.br\/wp-content\/uploads\/2025\/07\/Secretaria-Juliana-Vicentin-a-direita-durante-visita-na-EM-Jose-Pousa-de-Toledo-no-Bosques-do-Lenheiro-1536x1152.jpg 1536w, https:\/\/piracicaba.sp.gov.br\/wp-content\/uploads\/2025\/07\/Secretaria-Juliana-Vicentin-a-direita-durante-visita-na-EM-Jose-Pousa-de-Toledo-no-Bosques-do-Lenheiro.jpg 1600w\" data-sizes=\"(max-width: 1024px) 100vw, 1024px\"\/><figcaption class=\"wp-element-caption\"><strong><em><sub>Secret\u00e1ria Juliana Vicentin (\u00e0 direita) durante visita na EM Jos\u00e9 Pousa de Toledo, no Bosques do Lenheiro<\/sub><\/em><\/strong><\/figcaption><\/figure>\n<p>Por fim, a EM Milton Rontani, na Pauliceia, vai passar por revis\u00e3o completa do telhado do refeit\u00f3rio, substitui\u00e7\u00e3o de pisos e reforma da cozinha e do lact\u00e1rio. A escola tamb\u00e9m receber\u00e1 interven\u00e7\u00f5es para solu\u00e7\u00e3o definitiva de infiltra\u00e7\u00f5es recorrentes no refeit\u00f3rio, problema que persiste h\u00e1 muitos anos. \u201cNosso sentimento \u00e9 de esperan\u00e7a, de garantir condi\u00e7\u00f5es melhores para as crian\u00e7as\u201d, disse Francine Pupin Norder, diretora.<\/p>\n<figure class=\"wp-block-image size-large\"><img data-recalc-dims=\"1\" loading=\"lazy\" data-lazyloaded=\"1\" data-placeholder-resp=\"1024x768\" decoding=\"async\" width=\"696\" height=\"522\" src=\"https:\/\/i0.wp.com\/piracicaba.sp.gov.br\/wp-content\/uploads\/2025\/07\/Em-Mario-Boscolo-recebeu-ajustes-em-pontos-com-necessidade-de-reposicao-de-azulejos-1024x768.jpg?resize=696%2C522&#038;ssl=1\" alt=\"A imagem mostra uma \u00e1rea de servi\u00e7o, possivelmente em uma escola ou institui\u00e7\u00e3o similar. H\u00e1 uma pia de a\u00e7o inoxid\u00e1vel longa e baixa com v\u00e1rias torneiras. Ao lado, est\u00e1 um bebedouro de \u00e1gua, tamb\u00e9m de a\u00e7o inoxid\u00e1vel, com duas torneiras. A parede \u00e9 revestida com azulejos brancos e h\u00e1 um tapete de borracha antiderrapante no ch\u00e3o. Um pequeno cesto de lixo preto est\u00e1 vis\u00edvel pr\u00f3ximo \u00e0 pia. Um painel com desenho infantil est\u00e1 pendurado na parede. O ambiente parece limpo e bem conservado. A ilumina\u00e7\u00e3o \u00e9 indireta, sem fontes de luz diretamente vis\u00edveis na imagem.\" class=\"wp-image-107670\" srcset=\"https:\/\/piracicaba.sp.gov.br\/wp-content\/uploads\/2025\/07\/Em-Mario-Boscolo-recebeu-ajustes-em-pontos-com-necessidade-de-reposicao-de-azulejos-1024x768.jpg 1024w, https:\/\/piracicaba.sp.gov.br\/wp-content\/uploads\/2025\/07\/Em-Mario-Boscolo-recebeu-ajustes-em-pontos-com-necessidade-de-reposicao-de-azulejos-300x225.jpg 300w, https:\/\/piracicaba.sp.gov.br\/wp-content\/uploads\/2025\/07\/Em-Mario-Boscolo-recebeu-ajustes-em-pontos-com-necessidade-de-reposicao-de-azulejos-768x576.jpg 768w, https:\/\/piracicaba.sp.gov.br\/wp-content\/uploads\/2025\/07\/Em-Mario-Boscolo-recebeu-ajustes-em-pontos-com-necessidade-de-reposicao-de-azulejos-1536x1152.jpg 1536w, https:\/\/piracicaba.sp.gov.br\/wp-content\/uploads\/2025\/07\/Em-Mario-Boscolo-recebeu-ajustes-em-pontos-com-necessidade-de-reposicao-de-azulejos.jpg 1600w\" data-sizes=\"(max-width: 1024px) 100vw, 1024px\"\/><figcaption class=\"wp-element-caption\"><strong><em><sub>Em Mario Boscolo recebeu ajustes em pontos com necessidade de reposi\u00e7\u00e3o de azulejos<\/sub><\/em><\/strong><\/figcaption><\/figure>\n<p>Outras oito escolas receberam grandes servi\u00e7os de manuten\u00e7\u00e3o em telhados e calhas: Jos\u00e9 Ant\u00f4nio de Oliveira, Judith Moretti Accorsi, Oracy da Silva, Francisco Benedicto Libardi, Eliana Rodella, Enedina Louren\u00e7o Vieira e Rita de C\u00e1ssia Paulucci Costa.<\/p>\n<p>J\u00e1 os servi\u00e7os de substitui\u00e7\u00e3o de pisos e azulejos foram realizados em quatro escolas: Maximiano Firmino Gil, Nair Libardi, Danilo Sancinetti e Rita de C\u00e1ssia Paulucci Costa. Entre os destaques est\u00e3o a instala\u00e7\u00e3o de rampa de acessibilidade no refeit\u00f3rio da EM Danilo Sancinetti e a regulariza\u00e7\u00e3o de \u00e1rea externa com recorr\u00eancia de alagamentos na unidade Rita de C\u00e1ssia.<\/p>\n<\/div>\n<p><br \/>\n<br \/><a href=\"https:\/\/piracicaba.sp.gov.br\/noticias\/prefeitura-realiza-melhorias-estruturais-em-escolas-municipais\/\" rel=\"noopener\">Informa\u00e7\u00f5es PMP <\/a><\/p>\n","protected":false},"excerpt":{"rendered":"<p>A Prefeitura de Piracicaba, por meio da Secretaria Municipal de Educa\u00e7\u00e3o, realizou uma s\u00e9rie de servi\u00e7os estruturais em unidades da rede municipal de ensino. As a\u00e7\u00f5es contemplam desde amplia\u00e7\u00f5es em \u00e1reas de recrea\u00e7\u00e3o at\u00e9 interven\u00e7\u00f5es para resolver problemas cr\u00f4nicos, como infiltra\u00e7\u00f5es e alagamentos. Ao todo, 13 unidades de ensino foram contempladas. \u201cA nossa prioridade \u00e9 [&hellip;]<\/p>\n","protected":false},"author":1,"featured_media":38214,"comment_status":"open","ping_status":"open","sticky":false,"template":"","format":"standard","meta":{"_jetpack_newsletter_access":"","_jetpack_dont_email_post_to_subs":false,"_jetpack_newsletter_tier_id":0,"_jetpack_memberships_contains_paywalled_content":false,"_mbp_banners":[],"_jetpack_feature_clip_id":0,"_jetpack_memberships_contains_paid_content":false,"footnotes":"","jetpack_publicize_message":"","jetpack_publicize_feature_enabled":true,"jetpack_social_post_already_shared":true,"jetpack_social_options":{"image_generator_settings":{"template":"highway","default_image_id":0,"font":"","enabled":false},"version":2},"jetpack_post_was_ever_published":false},"categories":[20],"tags":[],"class_list":["post-38213","post","type-post","status-publish","format-standard","has-post-thumbnail","category-regiao"],"jetpack_publicize_connections":[],"jetpack-related-posts":[],"jetpack_shortlink":"https:\/\/wp.me\/p7Eq1F-9Wl","jetpack_sharing_enabled":true,"jetpack_featured_media_url":"https:\/\/i0.wp.com\/guialimeira.com.br\/news\/wp-content\/uploads\/2025\/07\/A-EM-Milton-Rontani-vai-passar-por-revisao-completa-do-telhado-do-refeitorio-substituicao-de-pisos-e.jpeg?fit=1024%2C768&ssl=1","_links":{"self":[{"href":"https:\/\/guialimeira.com.br\/news\/wp-json\/wp\/v2\/posts\/38213","targetHints":{"allow":["GET"]}}],"collection":[{"href":"https:\/\/guialimeira.com.br\/news\/wp-json\/wp\/v2\/posts"}],"about":[{"href":"https:\/\/guialimeira.com.br\/news\/wp-json\/wp\/v2\/types\/post"}],"author":[{"embeddable":true,"href":"https:\/\/guialimeira.com.br\/news\/wp-json\/wp\/v2\/users\/1"}],"replies":[{"embeddable":true,"href":"https:\/\/guialimeira.com.br\/news\/wp-json\/wp\/v2\/comments?post=38213"}],"version-history":[{"count":0,"href":"https:\/\/guialimeira.com.br\/news\/wp-json\/wp\/v2\/posts\/38213\/revisions"}],"wp:featuredmedia":[{"embeddable":true,"href":"https:\/\/guialimeira.com.br\/news\/wp-json\/wp\/v2\/media\/38214"}],"wp:attachment":[{"href":"https:\/\/guialimeira.com.br\/news\/wp-json\/wp\/v2\/media?parent=38213"}],"wp:term":[{"taxonomy":"category","embeddable":true,"href":"https:\/\/guialimeira.com.br\/news\/wp-json\/wp\/v2\/categories?post=38213"},{"taxonomy":"post_tag","embeddable":true,"href":"https:\/\/guialimeira.com.br\/news\/wp-json\/wp\/v2\/tags?post=38213"}],"curies":[{"name":"wp","href":"https:\/\/api.w.org\/{rel}","templated":true}]}}