{"id":38211,"date":"2025-07-04T21:58:43","date_gmt":"2025-07-05T00:58:43","guid":{"rendered":"https:\/\/guialimeira.com.br\/2025\/07\/04\/prefeitura-realiza-palestra-sobre-prevencao-ao-trabalho-escravo-e-infantil-no-campo-portal-do-municipio-de-piracicaba\/"},"modified":"2025-07-04T21:58:43","modified_gmt":"2025-07-05T00:58:43","slug":"prefeitura-realiza-palestra-sobre-prevencao-ao-trabalho-escravo-e-infantil-no-campo-portal-do-municipio-de-piracicaba","status":"publish","type":"post","link":"https:\/\/guialimeira.com.br\/news\/prefeitura-realiza-palestra-sobre-prevencao-ao-trabalho-escravo-e-infantil-no-campo-portal-do-municipio-de-piracicaba\/","title":{"rendered":"Prefeitura realiza palestra sobre preven\u00e7\u00e3o ao trabalho escravo e infantil no campo \u2013 Portal do Munic\u00edpio de Piracicaba"},"content":{"rendered":"<p> <br \/>\n<\/p>\n<div>\n<figure class=\"wp-block-image size-large\"><img data-recalc-dims=\"1\" data-lazyloaded=\"1\" data-placeholder-resp=\"1024x682\" fetchpriority=\"high\" decoding=\"async\" width=\"696\" height=\"464\" src=\"https:\/\/i0.wp.com\/piracicaba.sp.gov.br\/wp-content\/uploads\/2025\/07\/Prefeitura-realiza-palestra-sobre-prevencao-ao-trabalho-escravo-e-infantil-no-campo-1024x682.jpg?resize=696%2C464&#038;ssl=1\" alt=\"A imagem mostra uma pessoa com pele escura colhendo cenouras de um campo. As m\u00e3os da pessoa est\u00e3o segurando um punhado de cenouras rec\u00e9m-colhidas com suas ra\u00edzes e folhas ainda presas. As cenouras s\u00e3o de cor laranja vibrante e parecem frescas e limpas. O solo ao redor \u00e9 marrom escuro e parece ser rico em nutrientes. No fundo, h\u00e1 mais cenouras espalhadas pelo ch\u00e3o, indicando uma colheita abundante. A foto \u00e9 tirada de um \u00e2ngulo que mostra a pessoa de costas, focando nas m\u00e3os e nas cenouras. A ilumina\u00e7\u00e3o \u00e9 natural e suave, criando uma atmosfera calma e serena. A imagem transmite uma sensa\u00e7\u00e3o de trabalho \u00e1rduo, colheita e abund\u00e2ncia na natureza.\" class=\"wp-image-107681\" srcset=\"https:\/\/piracicaba.sp.gov.br\/wp-content\/uploads\/2025\/07\/Prefeitura-realiza-palestra-sobre-prevencao-ao-trabalho-escravo-e-infantil-no-campo-1024x682.jpg 1024w, https:\/\/piracicaba.sp.gov.br\/wp-content\/uploads\/2025\/07\/Prefeitura-realiza-palestra-sobre-prevencao-ao-trabalho-escravo-e-infantil-no-campo-300x200.jpg 300w, https:\/\/piracicaba.sp.gov.br\/wp-content\/uploads\/2025\/07\/Prefeitura-realiza-palestra-sobre-prevencao-ao-trabalho-escravo-e-infantil-no-campo-768x512.jpg 768w, https:\/\/piracicaba.sp.gov.br\/wp-content\/uploads\/2025\/07\/Prefeitura-realiza-palestra-sobre-prevencao-ao-trabalho-escravo-e-infantil-no-campo-1536x1024.jpg 1536w, https:\/\/piracicaba.sp.gov.br\/wp-content\/uploads\/2025\/07\/Prefeitura-realiza-palestra-sobre-prevencao-ao-trabalho-escravo-e-infantil-no-campo.jpg 2000w\" data-sizes=\"(max-width: 1024px) 100vw, 1024px\"\/><figcaption class=\"wp-element-caption\"><strong><em><sub>Prefeitura realiza palestra sobre preven\u00e7\u00e3o ao trabalho escravo e infantil no campo<\/sub><\/em><\/strong><\/figcaption><\/figure>\n<p>A Prefeitura de Piracicaba, por meio das secretarias de Agricultura, Abastecimento e Meio Ambiente e de Sa\u00fade, promove na segunda-feira, 07\/07, a palestra Preven\u00e7\u00e3o ao Trabalho Escravo e Infantil no Campo. O evento ser\u00e1 ministrado \u00e0s 9h, na sede da Secretaria de Agricultura (avenida Dr. Paulo de Moraes, 2113), pelo t\u00e9cnico de seguran\u00e7a Daniel Sanches, do Centro de Refer\u00eancia em Sa\u00fade do Trabalhador (Cerest).<\/p>\n<p>A palestra abordar\u00e1 temas como legisla\u00e7\u00e3o trabalhista, orienta\u00e7\u00f5es sobre carga hor\u00e1ria dos trabalhadores rurais e outros cuidados fundamentais para garantir condi\u00e7\u00f5es adequadas de trabalho no campo. A presen\u00e7a de produtores e propriet\u00e1rios rurais \u00e9 considerada essencial para o esclarecimento de d\u00favidas, contribuindo para a preven\u00e7\u00e3o de pr\u00e1ticas irregulares, den\u00fancias e san\u00e7\u00f5es.<\/p>\n<p>O evento \u00e9 gratuito, sem necessidade de inscri\u00e7\u00f5es, e voltado para propriet\u00e1rios de \u00e1reas de produ\u00e7\u00e3o agr\u00edcola.<\/p>\n<\/div>\n<p><br \/>\n<br \/><a href=\"https:\/\/piracicaba.sp.gov.br\/noticias\/prefeitura-realiza-palestra-sobre-prevencao-ao-trabalho-escravo-e-infantil-no-campo\/\" rel=\"noopener\">Informa\u00e7\u00f5es PMP <\/a><\/p>\n","protected":false},"excerpt":{"rendered":"<p>Prefeitura realiza palestra sobre preven\u00e7\u00e3o ao trabalho escravo e infantil no campo A Prefeitura de Piracicaba, por meio das secretarias de Agricultura, Abastecimento e Meio Ambiente e de Sa\u00fade, promove na segunda-feira, 07\/07, a palestra Preven\u00e7\u00e3o ao Trabalho Escravo e Infantil no Campo. O evento ser\u00e1 ministrado \u00e0s 9h, na sede da Secretaria de Agricultura [&hellip;]<\/p>\n","protected":false},"author":1,"featured_media":38212,"comment_status":"open","ping_status":"open","sticky":false,"template":"","format":"standard","meta":{"_jetpack_newsletter_access":"","_jetpack_dont_email_post_to_subs":false,"_jetpack_newsletter_tier_id":0,"_jetpack_memberships_contains_paywalled_content":false,"_mbp_banners":[],"_jetpack_feature_clip_id":0,"_jetpack_memberships_contains_paid_content":false,"footnotes":"","jetpack_publicize_message":"","jetpack_publicize_feature_enabled":true,"jetpack_social_post_already_shared":true,"jetpack_social_options":{"image_generator_settings":{"template":"highway","default_image_id":0,"font":"","enabled":false},"version":2},"jetpack_post_was_ever_published":false},"categories":[20],"tags":[],"class_list":["post-38211","post","type-post","status-publish","format-standard","has-post-thumbnail","category-regiao"],"jetpack_publicize_connections":[],"jetpack-related-posts":[],"jetpack_shortlink":"https:\/\/wp.me\/p7Eq1F-9Wj","jetpack_sharing_enabled":true,"jetpack_featured_media_url":"https:\/\/i0.wp.com\/guialimeira.com.br\/news\/wp-content\/uploads\/2025\/07\/Prefeitura-realiza-palestra-sobre-prevencao-ao-trabalho-escravo-e-infantil-no-campo-1024x682.jpg?fit=1024%2C682&ssl=1","_links":{"self":[{"href":"https:\/\/guialimeira.com.br\/news\/wp-json\/wp\/v2\/posts\/38211","targetHints":{"allow":["GET"]}}],"collection":[{"href":"https:\/\/guialimeira.com.br\/news\/wp-json\/wp\/v2\/posts"}],"about":[{"href":"https:\/\/guialimeira.com.br\/news\/wp-json\/wp\/v2\/types\/post"}],"author":[{"embeddable":true,"href":"https:\/\/guialimeira.com.br\/news\/wp-json\/wp\/v2\/users\/1"}],"replies":[{"embeddable":true,"href":"https:\/\/guialimeira.com.br\/news\/wp-json\/wp\/v2\/comments?post=38211"}],"version-history":[{"count":0,"href":"https:\/\/guialimeira.com.br\/news\/wp-json\/wp\/v2\/posts\/38211\/revisions"}],"wp:featuredmedia":[{"embeddable":true,"href":"https:\/\/guialimeira.com.br\/news\/wp-json\/wp\/v2\/media\/38212"}],"wp:attachment":[{"href":"https:\/\/guialimeira.com.br\/news\/wp-json\/wp\/v2\/media?parent=38211"}],"wp:term":[{"taxonomy":"category","embeddable":true,"href":"https:\/\/guialimeira.com.br\/news\/wp-json\/wp\/v2\/categories?post=38211"},{"taxonomy":"post_tag","embeddable":true,"href":"https:\/\/guialimeira.com.br\/news\/wp-json\/wp\/v2\/tags?post=38211"}],"curies":[{"name":"wp","href":"https:\/\/api.w.org\/{rel}","templated":true}]}}