{"id":38189,"date":"2025-07-04T17:54:37","date_gmt":"2025-07-04T20:54:37","guid":{"rendered":"https:\/\/guialimeira.com.br\/2025\/07\/04\/199a-festa-do-divino-espirito-santo-comeca-no-domingo-6-07-portal-do-municipio-de-piracicaba\/"},"modified":"2025-07-04T17:54:37","modified_gmt":"2025-07-04T20:54:37","slug":"199a-festa-do-divino-espirito-santo-comeca-no-domingo-6-07-portal-do-municipio-de-piracicaba","status":"publish","type":"post","link":"https:\/\/guialimeira.com.br\/news\/199a-festa-do-divino-espirito-santo-comeca-no-domingo-6-07-portal-do-municipio-de-piracicaba\/","title":{"rendered":"199\u00aa Festa do Divino Esp\u00edrito Santo come\u00e7a no domingo, 6\/07 \u2013 Portal do Munic\u00edpio de Piracicaba"},"content":{"rendered":"<p> <br \/>\n<\/p>\n<div>\n<figure class=\"wp-block-image size-large\"><img data-recalc-dims=\"1\" fetchpriority=\"high\" decoding=\"async\" width=\"696\" height=\"464\" src=\"https:\/\/i0.wp.com\/piracicaba.sp.gov.br\/wp-content\/uploads\/2025\/07\/Evento-ocorre-as-margens-do-rio-Piracicaba-1024x683.jpg?resize=696%2C464&#038;ssl=1\" alt=\"A imagem mostra dois homens vestidos de branco, com bon\u00e9s brancos, em um barco vermelho e cinza no rio Piracicaba. O barco est\u00e1 decorado com fitas vermelhas e brancas, e h\u00e1 uma pomba branca no topo de um mastro. Os homens est\u00e3o usando longas varas de bambu para impulsionar o barco pela \u00e1gua. O rio parece calmo, com uma vegeta\u00e7\u00e3o verdejante vis\u00edvel na margem. O barco tem o nome &quot;DOM DIVINO&quot; escrito em seu lado. A cena parece ser uma prociss\u00e3o religiosa ou um evento cerimonial, dada a decora\u00e7\u00e3o e os trajes dos homens. O c\u00e9u est\u00e1 parcialmente nublado.\" class=\"wp-image-107603\" srcset=\"https:\/\/piracicaba.sp.gov.br\/wp-content\/uploads\/2025\/07\/Evento-ocorre-as-margens-do-rio-Piracicaba-1024x683.jpg 1024w, https:\/\/piracicaba.sp.gov.br\/wp-content\/uploads\/2025\/07\/Evento-ocorre-as-margens-do-rio-Piracicaba-300x200.jpg 300w, https:\/\/piracicaba.sp.gov.br\/wp-content\/uploads\/2025\/07\/Evento-ocorre-as-margens-do-rio-Piracicaba-768x512.jpg 768w, https:\/\/piracicaba.sp.gov.br\/wp-content\/uploads\/2025\/07\/Evento-ocorre-as-margens-do-rio-Piracicaba.jpg 1380w\" sizes=\"(max-width: 1024px) 100vw, 1024px\"\/><figcaption class=\"wp-element-caption\"><strong><em><sub>Evento ocorre \u00e0s margens do rio Piracicaba<\/sub><\/em><\/strong><\/figcaption><\/figure>\n<p>A 199\u00aa Festa do Divino Esp\u00edrito Santo de Piracicaba come\u00e7a no domingo, 6\/07, com apoio da Prefeitura de Piracicaba, por meio das secretarias municipais de Cultura e de Turismo. \u00c0s 9h tem in\u00edcio a missa da derrubada e b\u00ean\u00e7\u00e3o dos barcos, com o padre Henrique, no sal\u00e3o da Irmandade do Divino, situado na rua Moraes Barros, 58. Na ocasi\u00e3o haver\u00e1, ainda, apresenta\u00e7\u00f5es da banda Uni\u00e3o Oper\u00e1ria e da Folia do Divino (congada). \u00c0s 12h, tem feijoada, com show de Sandra Rodrigues. O evento \u00e9 organizado pela Irmandade do Divino Esp\u00edrito Santo, e segue at\u00e9 dia 13\/07, com atividades religiosas e art\u00edsticas no largo dos Pescadores.<\/p>\n<figure class=\"wp-block-image size-full\"><img data-recalc-dims=\"1\" loading=\"lazy\" decoding=\"async\" width=\"696\" height=\"462\" src=\"https:\/\/i0.wp.com\/piracicaba.sp.gov.br\/wp-content\/uploads\/2025\/07\/Festa-do-Divino-chega-a-199a-edicao-em-2025.jpg?resize=696%2C462&#038;ssl=1\" alt=\"A imagem mostra uma prociss\u00e3o religiosa (Festa do Divino), em Piracicaba, com foco em uma senhora vestida com uniforme branco e vermelho, que parece estar participando ativamente da celebra\u00e7\u00e3o. Ela est\u00e1 de bra\u00e7os levantados e sorridente, mostrando entusiasmo. Ao seu redor, h\u00e1 outras pessoas, algumas vestindo roupas semelhantes, carregando bandeiras e andores. As bandeiras s\u00e3o predominantemente vermelhas, com s\u00edmbolos religiosos, possivelmente representando uma irmandade ou grupo espec\u00edfico. H\u00e1 tamb\u00e9m pessoas observando e fotografando a prociss\u00e3o. O ambiente sugere uma \u00e1rea externa coberta, provavelmente um espa\u00e7o preparado para eventos. No fundo, h\u00e1 um letreiro com a palavra &quot;Turismo&quot;, indicando que o local pode ser uma \u00e1rea tur\u00edstica ou que o evento tem algum tipo de atra\u00e7\u00e3o tur\u00edstica. A atmosfera geral da imagem \u00e9 festiva e religiosa, transmitindo a devo\u00e7\u00e3o e a participa\u00e7\u00e3o comunit\u00e1ria no evento.\" class=\"wp-image-107602\" srcset=\"https:\/\/piracicaba.sp.gov.br\/wp-content\/uploads\/2025\/07\/Festa-do-Divino-chega-a-199a-edicao-em-2025.jpg 1022w, https:\/\/piracicaba.sp.gov.br\/wp-content\/uploads\/2025\/07\/Festa-do-Divino-chega-a-199a-edicao-em-2025-300x199.jpg 300w, https:\/\/piracicaba.sp.gov.br\/wp-content\/uploads\/2025\/07\/Festa-do-Divino-chega-a-199a-edicao-em-2025-768x510.jpg 768w\" sizes=\"auto, (max-width: 1022px) 100vw, 1022px\"\/><figcaption class=\"wp-element-caption\"><strong><em><sub>Festa do Divino chega \u00e0 199\u00aa edi\u00e7\u00e3o em 2025<\/sub><\/em><\/strong><\/figcaption><\/figure>\n<p>\u201cCom muita felicidade, apoiamos este evento, fornecendo estruturas necess\u00e1rias para que ele aconte\u00e7a, e \u00e9 lindo ver o quanto a Festa do Divino une gera\u00e7\u00f5es, perpetuando a cultura da cidade\u201d, disse o titular da Secretaria de Cultura, Carlos Beltrame.<\/p>\n<p>\u201cS\u00e3o quase 200 edi\u00e7\u00f5es da festa e isso evidencia o quanto este evento \u00e9 importante para a cidade, recebendo, inclusive, turistas movidos pela f\u00e9. Ela faz parte da cultura piracicabana, unindo f\u00e9, rituais emocionantes, como a derrubada dos barcos, e muita alegria\u201d, falou a secret\u00e1ria de Turismo de Piracicaba, Clarissa Quiararia.<\/p>\n<figure class=\"wp-block-image size-full\"><img data-recalc-dims=\"1\" loading=\"lazy\" decoding=\"async\" width=\"696\" height=\"464\" src=\"https:\/\/i0.wp.com\/piracicaba.sp.gov.br\/wp-content\/uploads\/2025\/07\/Derrubada-e-bencao-dos-barcos-acontece-neste-domingo.jpg?resize=696%2C464&#038;ssl=1\" alt=\"A imagem mostra um grupo de homens em um dia chuvoso, no Rio Piracicaba. Alguns est\u00e3o em um barco pequeno, ajudando a empurr\u00e1-lo para a \u00e1gua. Um homem, vestido de branco, est\u00e1 de costas para a c\u00e2mera, aparentemente observando a cena. Os homens parecem estar usando roupas de cores claras, principalmente branco e vermelho. O fundo mostra uma paisagem com \u00e1rvores e pr\u00e9dios ao longe. O clima parece ser \u00famido e nublado. A cena sugere um evento ou ritual, possivelmente religioso, devido \u00e0s roupas e ao ambiente. A \u00e1gua parece calma, e o barco \u00e9 simples, indicando um contexto mais informal e comunit\u00e1rio.\" class=\"wp-image-107604\" srcset=\"https:\/\/piracicaba.sp.gov.br\/wp-content\/uploads\/2025\/07\/Derrubada-e-bencao-dos-barcos-acontece-neste-domingo.jpg 1024w, https:\/\/piracicaba.sp.gov.br\/wp-content\/uploads\/2025\/07\/Derrubada-e-bencao-dos-barcos-acontece-neste-domingo-300x200.jpg 300w, https:\/\/piracicaba.sp.gov.br\/wp-content\/uploads\/2025\/07\/Derrubada-e-bencao-dos-barcos-acontece-neste-domingo-768x512.jpg 768w\" sizes=\"auto, (max-width: 1024px) 100vw, 1024px\"\/><figcaption class=\"wp-element-caption\"><strong><em><sub>Derrubada e b\u00ean\u00e7\u00e3o dos barcos acontece neste domingo<\/sub><\/em><\/strong><\/figcaption><\/figure>\n<p><strong>PATRIM\u00d4NIO \u2013\u00a0<\/strong>Reconhecida como Patrim\u00f4nio Imaterial de Piracicaba, a Festa do Divino \u00e9 a mais antiga manifesta\u00e7\u00e3o festiva e religiosa da cidade. \u00c9 realizada desde 1826 \u00e0s margens do rio Piracicaba.<\/p>\n<p><strong>PROGRAMA\u00c7\u00c3O \u2013\u00a0<\/strong>Nos dias 7, 8 e 9\/07, segunda, ter\u00e7a e quarta-feira, ocorre o Tr\u00edduo Solene, sempre \u00e0s 20h, com os padres Luis Carlos de Siqueira Martins, Gilson Garcia e Jos\u00e9 Maria, respectivamente.<\/p>\n<p>J\u00e1 no dia 10\/07, quinta-feira, \u00e0s 19h30, o jantar ser\u00e1 com m\u00fasica ao vivo da banda Acr\u00f3polis.<\/p>\n<p>No dia 11\/07, sexta-feira, tamb\u00e9m \u00e0s 19h30, haver\u00e1 jantar, com leil\u00e3o de prendas, queima de fogos de artif\u00edcio e show da banda Uni\u00e3o Oper\u00e1ria.<\/p>\n<p>No s\u00e1bado, dia 12\/07, a programa\u00e7\u00e3o tem in\u00edcio \u00e0s 13h, com a Congada de S\u00e3o Benedito, seguida da Congada do Divino Esp\u00edrito Santo, \u00e0s 14h; Prociss\u00e3o do Divino Esp\u00edrito Santo, \u00e0s 15h; Encontro das Bandeiras e Queima de Fogos, \u00e0s 16h; Missa do Encontro, com dom Devair e padre Henrique, \u00e0s 17h, e jantar com show de Luiz Moreira e Perla, a partir das 18h30.<\/p>\n<p>No \u00faltimo dia de festa, domingo, 13\/07, as atividades iniciam \u00e0s 9h, com prociss\u00e3o \u00e0 capela Nossa Senhora Aparecida. Depois, \u00e0s 10h, tem a missa de encerramento, com o padre Henrique e apresenta\u00e7\u00e3o da congada. \u00c0s 12h, o almo\u00e7o ser\u00e1 ao som de Matheus &amp; Denilson, e o encerramento \u00e0s 16h. Este ano, os festeiros s\u00e3o Gilmar e Jaqueline Rotta. Mais informa\u00e7\u00f5es sobre a festa podem ser obtidas com a Irmandade do Divino Esp\u00edrito Santo (rua Moraes Barros, 58, Centro). Telefone: (19) 3434-9701.<\/p>\n<\/p><\/div>\n<p><br \/>\n<br \/><a href=\"https:\/\/piracicaba.sp.gov.br\/noticias\/199a-festa-do-divino-espirito-santo-comeca-no-domingo-6-07\/\" rel=\"noopener\">Informa\u00e7\u00f5es PMP <\/a><\/p>\n","protected":false},"excerpt":{"rendered":"<p>Evento ocorre \u00e0s margens do rio Piracicaba A 199\u00aa Festa do Divino Esp\u00edrito Santo de Piracicaba come\u00e7a no domingo, 6\/07, com apoio da Prefeitura de Piracicaba, por meio das secretarias municipais de Cultura e de Turismo. \u00c0s 9h tem in\u00edcio a missa da derrubada e b\u00ean\u00e7\u00e3o dos barcos, com o padre Henrique, no sal\u00e3o da [&hellip;]<\/p>\n","protected":false},"author":1,"featured_media":38190,"comment_status":"open","ping_status":"open","sticky":false,"template":"","format":"standard","meta":{"_jetpack_newsletter_access":"","_jetpack_dont_email_post_to_subs":false,"_jetpack_newsletter_tier_id":0,"_jetpack_memberships_contains_paywalled_content":false,"_mbp_banners":[],"_jetpack_feature_clip_id":0,"_jetpack_memberships_contains_paid_content":false,"footnotes":"","jetpack_publicize_message":"","jetpack_publicize_feature_enabled":true,"jetpack_social_post_already_shared":true,"jetpack_social_options":{"image_generator_settings":{"template":"highway","default_image_id":0,"font":"","enabled":false},"version":2},"jetpack_post_was_ever_published":false},"categories":[20],"tags":[],"class_list":["post-38189","post","type-post","status-publish","format-standard","has-post-thumbnail","category-regiao"],"jetpack_publicize_connections":[],"jetpack-related-posts":[],"jetpack_shortlink":"https:\/\/wp.me\/p7Eq1F-9VX","jetpack_sharing_enabled":true,"jetpack_featured_media_url":"https:\/\/i0.wp.com\/guialimeira.com.br\/news\/wp-content\/uploads\/2025\/07\/Evento-ocorre-as-margens-do-rio-Piracicaba-1024x683.jpg?fit=1024%2C683&ssl=1","_links":{"self":[{"href":"https:\/\/guialimeira.com.br\/news\/wp-json\/wp\/v2\/posts\/38189","targetHints":{"allow":["GET"]}}],"collection":[{"href":"https:\/\/guialimeira.com.br\/news\/wp-json\/wp\/v2\/posts"}],"about":[{"href":"https:\/\/guialimeira.com.br\/news\/wp-json\/wp\/v2\/types\/post"}],"author":[{"embeddable":true,"href":"https:\/\/guialimeira.com.br\/news\/wp-json\/wp\/v2\/users\/1"}],"replies":[{"embeddable":true,"href":"https:\/\/guialimeira.com.br\/news\/wp-json\/wp\/v2\/comments?post=38189"}],"version-history":[{"count":0,"href":"https:\/\/guialimeira.com.br\/news\/wp-json\/wp\/v2\/posts\/38189\/revisions"}],"wp:featuredmedia":[{"embeddable":true,"href":"https:\/\/guialimeira.com.br\/news\/wp-json\/wp\/v2\/media\/38190"}],"wp:attachment":[{"href":"https:\/\/guialimeira.com.br\/news\/wp-json\/wp\/v2\/media?parent=38189"}],"wp:term":[{"taxonomy":"category","embeddable":true,"href":"https:\/\/guialimeira.com.br\/news\/wp-json\/wp\/v2\/categories?post=38189"},{"taxonomy":"post_tag","embeddable":true,"href":"https:\/\/guialimeira.com.br\/news\/wp-json\/wp\/v2\/tags?post=38189"}],"curies":[{"name":"wp","href":"https:\/\/api.w.org\/{rel}","templated":true}]}}