{"id":38179,"date":"2025-07-04T16:53:37","date_gmt":"2025-07-04T19:53:37","guid":{"rendered":"https:\/\/guialimeira.com.br\/2025\/07\/04\/saude-firma-parceria-com-o-creci-sp-para-acao-de-combate-a-dengue-portal-do-municipio-de-piracicaba\/"},"modified":"2025-07-04T16:53:37","modified_gmt":"2025-07-04T19:53:37","slug":"saude-firma-parceria-com-o-creci-sp-para-acao-de-combate-a-dengue-portal-do-municipio-de-piracicaba","status":"publish","type":"post","link":"https:\/\/guialimeira.com.br\/news\/saude-firma-parceria-com-o-creci-sp-para-acao-de-combate-a-dengue-portal-do-municipio-de-piracicaba\/","title":{"rendered":"Sa\u00fade firma parceria com o Creci-SP para a\u00e7\u00e3o de combate \u00e0 dengue \u2013 Portal do Munic\u00edpio de Piracicaba"},"content":{"rendered":"<p> <br \/>\n<\/p>\n<div>\n<figure class=\"wp-block-image size-large\"><img data-recalc-dims=\"1\" data-lazyloaded=\"1\" data-placeholder-resp=\"1024x768\" fetchpriority=\"high\" decoding=\"async\" width=\"696\" height=\"522\" src=\"https:\/\/i0.wp.com\/piracicaba.sp.gov.br\/wp-content\/uploads\/2025\/07\/Representantes-do-empresas-corretores-e-membros-do-Creci-SP-participaram-da-palestra-promovida-pela-equipe-do-PMCA-e-CCZ-da-Secretaria-de-Saude-1024x768.jpg?resize=696%2C522&#038;ssl=1\" alt=\"A imagem mostra um grupo de pessoas em p\u00e9 em frente a um painel eletr\u00f4nico que exibe o nome &quot;Prefeitura Piracicaba&quot; e a data &quot;03\/07\/2025 - 20:06&quot;. H\u00e1 bandeiras brasileiras e estaduais ao fundo. O grupo \u00e9 composto por homens e mulheres, a maioria vestindo roupas formais. As pessoas est\u00e3o sorrindo e parecem estar em um evento ou reuni\u00e3o oficial. A ilumina\u00e7\u00e3o \u00e9 clara e o ambiente parece ser uma sala de reuni\u00f5es ou um espa\u00e7o p\u00fablico. A fotografia \u00e9 n\u00edtida e bem iluminada.\" class=\"wp-image-107607\" srcset=\"https:\/\/piracicaba.sp.gov.br\/wp-content\/uploads\/2025\/07\/Representantes-do-empresas-corretores-e-membros-do-Creci-SP-participaram-da-palestra-promovida-pela-equipe-do-PMCA-e-CCZ-da-Secretaria-de-Saude-1024x768.jpg 1024w, https:\/\/piracicaba.sp.gov.br\/wp-content\/uploads\/2025\/07\/Representantes-do-empresas-corretores-e-membros-do-Creci-SP-participaram-da-palestra-promovida-pela-equipe-do-PMCA-e-CCZ-da-Secretaria-de-Saude-300x225.jpg 300w, https:\/\/piracicaba.sp.gov.br\/wp-content\/uploads\/2025\/07\/Representantes-do-empresas-corretores-e-membros-do-Creci-SP-participaram-da-palestra-promovida-pela-equipe-do-PMCA-e-CCZ-da-Secretaria-de-Saude-768x576.jpg 768w, https:\/\/piracicaba.sp.gov.br\/wp-content\/uploads\/2025\/07\/Representantes-do-empresas-corretores-e-membros-do-Creci-SP-participaram-da-palestra-promovida-pela-equipe-do-PMCA-e-CCZ-da-Secretaria-de-Saude-1536x1152.jpg 1536w, https:\/\/piracicaba.sp.gov.br\/wp-content\/uploads\/2025\/07\/Representantes-do-empresas-corretores-e-membros-do-Creci-SP-participaram-da-palestra-promovida-pela-equipe-do-PMCA-e-CCZ-da-Secretaria-de-Saude.jpg 1600w\" data-sizes=\"(max-width: 1024px) 100vw, 1024px\"\/><figcaption class=\"wp-element-caption\"><strong><em><sub>Representantes do empresas, corretores e membros do Creci-SP participaram da palestra promovida pela equipe do PMCA e CCZ da Secretaria de Sa\u00fade<\/sub><\/em><\/strong><\/figcaption><\/figure>\n<p>A Secretaria Municipal de Sa\u00fade, por meio do Plano Municipal de Combate ao Aedes (PMCA) \u2013 vinculado ao Centro de Controle de Zoonoeses (CCZ) \u2013, com apoio do Conselho Regional de Corretores de Im\u00f3veis de S\u00e3o Paulo (Creci-SP) iniciou a prepara\u00e7\u00e3o para uma for\u00e7a-tarefa com visitas para vistoria de im\u00f3veis fechados na cidade, com a inten\u00e7\u00e3o de identificar e eliminar poss\u00edveis focos do mosquito Aedes aegypti, transmissor da dengue, chikungunya e zika v\u00edrus. Ontem, 03\/07, \u00e0 noite, equipe do CCZ e PMCA realizou um encontro de capacita\u00e7\u00e3o com corretores de im\u00f3veis e representantes de construtoras e imobili\u00e1rias da cidade.<\/p>\n<p>Conforme explicou Carina Baron, gerente da Cevisa (Centro de Vigil\u00e2ncia em Sa\u00fade), a inten\u00e7\u00e3o \u00e9 retomar parceria com o Creci-SP no combate \u00e0 dengue e outras doen\u00e7as transmitidas pelo mosquito Aedes. \u201cNeste encontro, mostramos alguns dados importantes sobre a evolu\u00e7\u00e3o da doen\u00e7a, da epidemia que vivemos no ano de 2024 quando registramos o maior indicador hist\u00f3rico de mortes por dengue na cidade, os n\u00fameros da dengue em 2025, bem como os caminhos que utilizamos para combater o mosquito e a import\u00e2ncia do apoio de toda a comunidade\u201d.<\/p>\n<figure class=\"wp-block-image size-large\"><img data-recalc-dims=\"1\" loading=\"lazy\" data-lazyloaded=\"1\" data-placeholder-resp=\"1024x768\" decoding=\"async\" width=\"696\" height=\"522\" src=\"https:\/\/i0.wp.com\/piracicaba.sp.gov.br\/wp-content\/uploads\/2025\/07\/Carina-Baron-da-Cevisa-destacou-a-importancia-da-parceria-1024x768.jpg?resize=696%2C522&#038;ssl=1\" alt=\"A imagem mostra uma palestra em um audit\u00f3rio. Uma mulher de terno claro e cal\u00e7a vermelha est\u00e1 no palco, apresentando uma apresenta\u00e7\u00e3o sobre o Aedes aegypti. A tela exibe imagens do mosquito e a data 03-07-2025, 18:46. O audit\u00f3rio est\u00e1 parcialmente cheio, com pessoas sentadas em cadeiras individuais. O logotipo da Prefeitura de Pira aparece na tela. A atmosfera parece formal e profissional. H\u00e1 bandeiras na parede ao fundo. Algumas pessoas na audi\u00eancia est\u00e3o usando seus celulares.\" class=\"wp-image-107611\" srcset=\"https:\/\/piracicaba.sp.gov.br\/wp-content\/uploads\/2025\/07\/Carina-Baron-da-Cevisa-destacou-a-importancia-da-parceria-1024x768.jpg 1024w, https:\/\/piracicaba.sp.gov.br\/wp-content\/uploads\/2025\/07\/Carina-Baron-da-Cevisa-destacou-a-importancia-da-parceria-300x225.jpg 300w, https:\/\/piracicaba.sp.gov.br\/wp-content\/uploads\/2025\/07\/Carina-Baron-da-Cevisa-destacou-a-importancia-da-parceria-768x576.jpg 768w, https:\/\/piracicaba.sp.gov.br\/wp-content\/uploads\/2025\/07\/Carina-Baron-da-Cevisa-destacou-a-importancia-da-parceria-1536x1152.jpg 1536w, https:\/\/piracicaba.sp.gov.br\/wp-content\/uploads\/2025\/07\/Carina-Baron-da-Cevisa-destacou-a-importancia-da-parceria.jpg 1600w\" data-sizes=\"(max-width: 1024px) 100vw, 1024px\"\/><figcaption class=\"wp-element-caption\"><strong><em><sub>Carina Baron, da Cevisa, destacou a import\u00e2ncia da parceria<\/sub><\/em><\/strong><\/figcaption><\/figure>\n<p>Ap\u00f3s o encontro de ontem, os participantes se comprometeram a ser multiplicadores do combate \u00e0 dengue e fomentarem com outros profissionais da \u00e1rea sobre a parceria. A previs\u00e3o \u00e9 que at\u00e9 o final deste m\u00eas seja realizada uma for\u00e7a-tarefa onde os agentes de combate \u00e0s endemias e fiscais sanit\u00e1rios da Prefeitura far\u00e3o vistorias nos im\u00f3veis dispon\u00edveis para venda ou loca\u00e7\u00e3o, acompanhados de representantes das imobili\u00e1rias da cidade e fiscais do Creci de Piracicaba e de S\u00e3o Paulo.<\/p>\n<p>J\u00falio Rios, delegado do Creci-SP, destacou a import\u00e2ncia da parceria. \u201cOs corretores de im\u00f3veis s\u00e3o pe\u00e7a chave para ajudar no combate \u00e0 dengue. Eles podem ajudar os agentes do PMCA da Prefeitura a entrarem em im\u00f3veis que est\u00e3o fechados e que podem ser focos de criadouros. Durante estas visitas vamos colocar selos nestas casas que foram vistoriadas, o que pode ajudar a valorizar o im\u00f3vel j\u00e1 que ele foi devidamente vistoriado pelos \u00f3rg\u00e3os oficiais. Cabe lembrar que a a\u00e7\u00e3o n\u00e3o \u00e9 punitiva e sim educativa e orientativa\u201d, ressaltou.<\/p>\n<figure class=\"wp-block-image size-large\"><img data-recalc-dims=\"1\" loading=\"lazy\" data-lazyloaded=\"1\" data-placeholder-resp=\"1024x768\" decoding=\"async\" width=\"696\" height=\"522\" src=\"https:\/\/i0.wp.com\/piracicaba.sp.gov.br\/wp-content\/uploads\/2025\/07\/Julio-Rios-do-Creci-SP-afirmou-que-o-conselho-dara-todo-suporte-para-os-interessados-em-participar-da-forca-tarefa-em-parceria-com-a-prefeitura-1024x768.jpg?resize=696%2C522&#038;ssl=1\" alt=\"A imagem mostra uma apresenta\u00e7\u00e3o em um audit\u00f3rio. Um homem de terno est\u00e1 no palco dando uma apresenta\u00e7\u00e3o sobre Aedes aegypti. A tela atr\u00e1s dele mostra imagens do mosquito e a data e hora da apresenta\u00e7\u00e3o. A plateia est\u00e1 composta por v\u00e1rias pessoas sentadas em cadeiras individuais. As bandeiras do Brasil e do estado de S\u00e3o Paulo est\u00e3o vis\u00edveis ao fundo. O ambiente \u00e9 formal e profissional. O ch\u00e3o \u00e9 de um material claro e liso, provavelmente m\u00e1rmore ou granito. A ilumina\u00e7\u00e3o \u00e9 artificial, provavelmente fluorescente. A imagem \u00e9 clara e bem definida.\" class=\"wp-image-107610\" srcset=\"https:\/\/piracicaba.sp.gov.br\/wp-content\/uploads\/2025\/07\/Julio-Rios-do-Creci-SP-afirmou-que-o-conselho-dara-todo-suporte-para-os-interessados-em-participar-da-forca-tarefa-em-parceria-com-a-prefeitura-1024x768.jpg 1024w, https:\/\/piracicaba.sp.gov.br\/wp-content\/uploads\/2025\/07\/Julio-Rios-do-Creci-SP-afirmou-que-o-conselho-dara-todo-suporte-para-os-interessados-em-participar-da-forca-tarefa-em-parceria-com-a-prefeitura-300x225.jpg 300w, https:\/\/piracicaba.sp.gov.br\/wp-content\/uploads\/2025\/07\/Julio-Rios-do-Creci-SP-afirmou-que-o-conselho-dara-todo-suporte-para-os-interessados-em-participar-da-forca-tarefa-em-parceria-com-a-prefeitura-768x576.jpg 768w, https:\/\/piracicaba.sp.gov.br\/wp-content\/uploads\/2025\/07\/Julio-Rios-do-Creci-SP-afirmou-que-o-conselho-dara-todo-suporte-para-os-interessados-em-participar-da-forca-tarefa-em-parceria-com-a-prefeitura-1536x1152.jpg 1536w, https:\/\/piracicaba.sp.gov.br\/wp-content\/uploads\/2025\/07\/Julio-Rios-do-Creci-SP-afirmou-que-o-conselho-dara-todo-suporte-para-os-interessados-em-participar-da-forca-tarefa-em-parceria-com-a-prefeitura.jpg 1600w\" data-sizes=\"(max-width: 1024px) 100vw, 1024px\"\/><figcaption class=\"wp-element-caption\"><strong><em><sub>Julio Rios, do Creci-SP, afirmou que o conselho dar\u00e1 todo suporte para os interessados em participar da for\u00e7a-tarefa em parceria com a prefeitura<\/sub><\/em><\/strong><\/figcaption><\/figure>\n<p>Sebasti\u00e3o Amaral Campos, o Tom, coordenador do PMCA, refor\u00e7ou a import\u00e2ncia da parceria. \u201cPiracicaba j\u00e1 realizou este tipo de a\u00e7\u00e3o antigamente e, agora, \u00e9 muito relevante que ela volte a acontecer. Nossa cidade tem cerca de 200 mil im\u00f3veis e nossas equipes precisam visitar todos eles durante o ano a cada tr\u00eas ou quatro meses, mas nem sempre \u00e9 poss\u00edvel, pois a maioria est\u00e1 fechado. N\u00e3o \u00e9 um trabalho f\u00e1cil e toda a ajuda sempre ser\u00e1 bem-vinda no combate ao Aedes\u201d, completou.<\/p>\n<figure class=\"wp-block-image size-large\"><img data-recalc-dims=\"1\" loading=\"lazy\" data-lazyloaded=\"1\" data-placeholder-resp=\"1024x768\" decoding=\"async\" width=\"696\" height=\"522\" src=\"https:\/\/i0.wp.com\/piracicaba.sp.gov.br\/wp-content\/uploads\/2025\/07\/Sebastiao-Amaral-Campos-o-Tom-e-coordenador-do-PMCA-1024x768.jpg?resize=696%2C522&#038;ssl=1\" alt=\"A imagem mostra uma apresenta\u00e7\u00e3o sobre o Aedes aegypti, com um palestrante em p\u00e9 no palco, falando para uma plateia sentada em cadeiras de audit\u00f3rio. No palco, h\u00e1 uma tela grande exibindo um slide com o t\u00edtulo &quot;Aedes aegypti - Vamos Venc\u00ea-lo?&quot; e duas imagens de mosquitos, uma caricatural e outra realista. Tamb\u00e9m h\u00e1 um rel\u00f3gio digital mostrando a data e hora: 03-07-2025 18:50. H\u00e1 bandeiras brasileiras ao fundo. A plateia \u00e9 composta por v\u00e1rias pessoas, a maioria vestida casualmente. O palestrante usa uma camisa escura com a logo da Champion. O ambiente parece ser uma sala de confer\u00eancias ou audit\u00f3rio de uma institui\u00e7\u00e3o p\u00fablica, sugerido pelas bandeiras e pelo tom formal da apresenta\u00e7\u00e3o. A ilumina\u00e7\u00e3o \u00e9 artificial, t\u00edpica de ambientes internos.\" class=\"wp-image-107608\" srcset=\"https:\/\/piracicaba.sp.gov.br\/wp-content\/uploads\/2025\/07\/Sebastiao-Amaral-Campos-o-Tom-e-coordenador-do-PMCA-1024x768.jpg 1024w, https:\/\/piracicaba.sp.gov.br\/wp-content\/uploads\/2025\/07\/Sebastiao-Amaral-Campos-o-Tom-e-coordenador-do-PMCA-300x225.jpg 300w, https:\/\/piracicaba.sp.gov.br\/wp-content\/uploads\/2025\/07\/Sebastiao-Amaral-Campos-o-Tom-e-coordenador-do-PMCA-768x576.jpg 768w, https:\/\/piracicaba.sp.gov.br\/wp-content\/uploads\/2025\/07\/Sebastiao-Amaral-Campos-o-Tom-e-coordenador-do-PMCA-1536x1152.jpg 1536w, https:\/\/piracicaba.sp.gov.br\/wp-content\/uploads\/2025\/07\/Sebastiao-Amaral-Campos-o-Tom-e-coordenador-do-PMCA.jpg 1600w\" data-sizes=\"(max-width: 1024px) 100vw, 1024px\"\/><figcaption class=\"wp-element-caption\"><strong><em><sub>Sebasti\u00e3o Amaral Campos, o Tom, \u00e9 coordenador do PMCA<\/sub><\/em><\/strong><\/figcaption><\/figure>\n<p><strong>ORIENTA\u00c7\u00d5ES\u00a0<\/strong>\u2013 O orientador pedag\u00f3gico do CCZ, M\u00e1rcio Jos\u00e9 S\u00e9rgio Ermida, fez uma capacita\u00e7\u00e3o aos que estavam na reuni\u00e3o desta quinta-feira. \u201cMostramos um pouco sobre a vida do mosquito Aedes como alimenta\u00e7\u00e3o, reprodu\u00e7\u00e3o e transmiss\u00e3o de doen\u00e7as, das a\u00e7\u00f5es de bloqueio e m\u00e9todos de controle da popula\u00e7\u00e3o destes insetos, e as ferramentas que usamos no combate a dengue, entre elas os nossos mutir\u00f5es e arrast\u00f5es. Essas informa\u00e7\u00f5es s\u00e3o importantes para que estes corretores possam ser multiplicadores das informa\u00e7\u00f5es e nos ajudem na rotina do combate a dengue\u201d, declarou.<\/p>\n<figure class=\"wp-block-image size-large\"><img data-recalc-dims=\"1\" loading=\"lazy\" data-lazyloaded=\"1\" data-placeholder-resp=\"1024x768\" decoding=\"async\" width=\"696\" height=\"522\" src=\"https:\/\/i0.wp.com\/piracicaba.sp.gov.br\/wp-content\/uploads\/2025\/07\/Marcio-Ermida-ministrou-palestra-de-capacitacao-aos-corretores-de-imoveis-1024x768.jpg?resize=696%2C522&#038;ssl=1\" alt=\"A imagem mostra um homem de meia-idade, vestindo um terno escuro, dando uma apresenta\u00e7\u00e3o em um audit\u00f3rio. Ele est\u00e1 de p\u00e9 em uma rampa com corrim\u00e3o, gesticulando com a m\u00e3o direita. Ao fundo, h\u00e1 uma grande tela exibindo gr\u00e1ficos e dados, com o nome &quot;PIRACICABA&quot; vis\u00edvel no topo. A tela mostra informa\u00e7\u00f5es que parecem ser estat\u00edsticas ou dados demogr\u00e1ficos, provavelmente de Piracicaba. \u00c0 esquerda da tela principal, h\u00e1 outra tela menor com o logo da &quot;PREFEITURA PIRA&quot;. O ambiente parece ser uma sala de apresenta\u00e7\u00f5es ou audit\u00f3rio p\u00fablico, com piso claro e paredes de cor neutra. A ilumina\u00e7\u00e3o \u00e9 artificial, caracter\u00edstica de um espa\u00e7o interno. A imagem sugere uma apresenta\u00e7\u00e3o formal, possivelmente um relat\u00f3rio ou apresenta\u00e7\u00e3o de dados para um p\u00fablico.\" class=\"wp-image-107609\" srcset=\"https:\/\/piracicaba.sp.gov.br\/wp-content\/uploads\/2025\/07\/Marcio-Ermida-ministrou-palestra-de-capacitacao-aos-corretores-de-imoveis-1024x768.jpg 1024w, https:\/\/piracicaba.sp.gov.br\/wp-content\/uploads\/2025\/07\/Marcio-Ermida-ministrou-palestra-de-capacitacao-aos-corretores-de-imoveis-300x225.jpg 300w, https:\/\/piracicaba.sp.gov.br\/wp-content\/uploads\/2025\/07\/Marcio-Ermida-ministrou-palestra-de-capacitacao-aos-corretores-de-imoveis-768x576.jpg 768w, https:\/\/piracicaba.sp.gov.br\/wp-content\/uploads\/2025\/07\/Marcio-Ermida-ministrou-palestra-de-capacitacao-aos-corretores-de-imoveis-1536x1152.jpg 1536w, https:\/\/piracicaba.sp.gov.br\/wp-content\/uploads\/2025\/07\/Marcio-Ermida-ministrou-palestra-de-capacitacao-aos-corretores-de-imoveis.jpg 1600w\" data-sizes=\"(max-width: 1024px) 100vw, 1024px\"\/><figcaption class=\"wp-element-caption\"><strong><em><sub>M\u00e1rcio Ermida ministrou palestra de capacita\u00e7\u00e3o aos corretores de im\u00f3veis<\/sub><\/em><\/strong><\/figcaption><\/figure>\n<p><strong>PREVEN\u00c7\u00c3O<\/strong>\u00a0\u2013 Amanh\u00e3, s\u00e1bado, 05\/07, das 8h \u00e0s 14h, acontece mais uma edi\u00e7\u00e3o do Arrast\u00e3o da Dengue no M\u00e1rio Dedini e adjac\u00eancias, com ponto de encontro no Varej\u00e3o Municipal do bairro. No \u00faltimo arrast\u00e3o, nos bairros Santana e Santa Ol\u00edmpia, foram recolhidos 980 quilos de inserv\u00edveis.<\/p>\n<p>Para denunciar im\u00f3veis abandonados ou locais que tenham poss\u00edveis criadouros da dengue bastar registrar solicita\u00e7\u00e3o no SIP 156 e outras orienta\u00e7\u00f5es no PMCA pelo telefone (19) 3427-3351.<\/p>\n<p><strong>CASOS \u2013<\/strong>\u00a0De acordo com a Vigil\u00e2ncia Epidemiol\u00f3gica (VE), de 01\/01 a 04\/07\/25 \u2013 em dados provis\u00f3rios \u2013 foram 21.048 notifica\u00e7\u00f5es para a dengue com 5.868 casos positivos e tr\u00eas \u00f3bitos. Em dados consolidados, no mesmo per\u00edodo de 2024, foram 54.818 notifica\u00e7\u00f5es, 27.602 casos confirmados e 16 \u00f3bitos. Em 2023, foram 12.060 notifica\u00e7\u00f5es, 2.862 confirma\u00e7\u00f5es e tr\u00eas \u00f3bitos.<\/p>\n<\/div>\n<p><br \/>\n<br \/><a href=\"https:\/\/piracicaba.sp.gov.br\/noticias\/saude-firma-parceria-com-o-creci-sp-para-acao-de-combate-a-dengue\/\" rel=\"noopener\">Informa\u00e7\u00f5es PMP <\/a><\/p>\n","protected":false},"excerpt":{"rendered":"<p>Representantes do empresas, corretores e membros do Creci-SP participaram da palestra promovida pela equipe do PMCA e CCZ da Secretaria de Sa\u00fade A Secretaria Municipal de Sa\u00fade, por meio do Plano Municipal de Combate ao Aedes (PMCA) \u2013 vinculado ao Centro de Controle de Zoonoeses (CCZ) \u2013, com apoio do Conselho Regional de Corretores de [&hellip;]<\/p>\n","protected":false},"author":1,"featured_media":38180,"comment_status":"open","ping_status":"open","sticky":false,"template":"","format":"standard","meta":{"_jetpack_newsletter_access":"","_jetpack_dont_email_post_to_subs":false,"_jetpack_newsletter_tier_id":0,"_jetpack_memberships_contains_paywalled_content":false,"_mbp_banners":[],"_jetpack_feature_clip_id":0,"_jetpack_memberships_contains_paid_content":false,"footnotes":"","jetpack_publicize_message":"","jetpack_publicize_feature_enabled":true,"jetpack_social_post_already_shared":true,"jetpack_social_options":{"image_generator_settings":{"template":"highway","default_image_id":0,"font":"","enabled":false},"version":2},"jetpack_post_was_ever_published":false},"categories":[20],"tags":[],"class_list":["post-38179","post","type-post","status-publish","format-standard","has-post-thumbnail","category-regiao"],"jetpack_publicize_connections":[],"jetpack-related-posts":[],"jetpack_shortlink":"https:\/\/wp.me\/p7Eq1F-9VN","jetpack_sharing_enabled":true,"jetpack_featured_media_url":"https:\/\/i0.wp.com\/guialimeira.com.br\/news\/wp-content\/uploads\/2025\/07\/Representantes-do-empresas-corretores-e-membros-do-Creci-SP-participaram-da-palestra-promovida-pela.jpeg?fit=1024%2C768&ssl=1","_links":{"self":[{"href":"https:\/\/guialimeira.com.br\/news\/wp-json\/wp\/v2\/posts\/38179","targetHints":{"allow":["GET"]}}],"collection":[{"href":"https:\/\/guialimeira.com.br\/news\/wp-json\/wp\/v2\/posts"}],"about":[{"href":"https:\/\/guialimeira.com.br\/news\/wp-json\/wp\/v2\/types\/post"}],"author":[{"embeddable":true,"href":"https:\/\/guialimeira.com.br\/news\/wp-json\/wp\/v2\/users\/1"}],"replies":[{"embeddable":true,"href":"https:\/\/guialimeira.com.br\/news\/wp-json\/wp\/v2\/comments?post=38179"}],"version-history":[{"count":0,"href":"https:\/\/guialimeira.com.br\/news\/wp-json\/wp\/v2\/posts\/38179\/revisions"}],"wp:featuredmedia":[{"embeddable":true,"href":"https:\/\/guialimeira.com.br\/news\/wp-json\/wp\/v2\/media\/38180"}],"wp:attachment":[{"href":"https:\/\/guialimeira.com.br\/news\/wp-json\/wp\/v2\/media?parent=38179"}],"wp:term":[{"taxonomy":"category","embeddable":true,"href":"https:\/\/guialimeira.com.br\/news\/wp-json\/wp\/v2\/categories?post=38179"},{"taxonomy":"post_tag","embeddable":true,"href":"https:\/\/guialimeira.com.br\/news\/wp-json\/wp\/v2\/tags?post=38179"}],"curies":[{"name":"wp","href":"https:\/\/api.w.org\/{rel}","templated":true}]}}