{"id":38150,"date":"2025-07-03T23:36:48","date_gmt":"2025-07-04T02:36:48","guid":{"rendered":"https:\/\/guialimeira.com.br\/2025\/07\/03\/teatro-erotides-de-campos-recebe-musical-branca-de-neve-neste-domingo-portal-do-municipio-de-piracicaba\/"},"modified":"2025-07-03T23:36:48","modified_gmt":"2025-07-04T02:36:48","slug":"teatro-erotides-de-campos-recebe-musical-branca-de-neve-neste-domingo-portal-do-municipio-de-piracicaba","status":"publish","type":"post","link":"https:\/\/guialimeira.com.br\/news\/teatro-erotides-de-campos-recebe-musical-branca-de-neve-neste-domingo-portal-do-municipio-de-piracicaba\/","title":{"rendered":"Teatro Erotides de Campos recebe musical Branca de Neve neste domingo \u2013 Portal do Munic\u00edpio de Piracicaba"},"content":{"rendered":"<p> <br \/>\n<\/p>\n<div>\n<figure class=\"wp-block-image size-full\"><img data-recalc-dims=\"1\" data-lazyloaded=\"1\" data-placeholder-resp=\"1024x682\" fetchpriority=\"high\" decoding=\"async\" width=\"696\" height=\"464\" src=\"https:\/\/i0.wp.com\/piracicaba.sp.gov.br\/wp-content\/uploads\/2025\/07\/A-montagem-traz-uma-releitura-contemporanea-do-classico-dos-Irmaos-Grimm-com-60-minutos-de-duracao-e-classificacao-livre.jpg?resize=696%2C464&#038;ssl=1\" alt=\"A imagem mostra uma cena de uma pe\u00e7a teatral, aparentemente uma adapta\u00e7\u00e3o de Branca de Neve. O palco \u00e9 escuro, com uma tela de proje\u00e7\u00e3o atr\u00e1s dos atores mostrando uma escada de pedra ornamentada. No centro da cena est\u00e3o dois atores: um jovem vestido como o Pr\u00edncipe Encantado e uma jovem vestida como Branca de Neve. O Pr\u00edncipe est\u00e1 ajoelhado, com uma capa vermelha e um casaco azul-turquesa. Ele est\u00e1 estendendo a m\u00e3o para Branca de Neve, que est\u00e1 de p\u00e9, usando um vestido longo amarelo e uma capa vermelha. Ela tamb\u00e9m estende a m\u00e3o para ele, com um sorriso no rosto. Na frente deles, h\u00e1 um grande livro azul com a palavra &quot;Ci\u00eancias&quot; escrita na capa. Este detalhe sugere uma poss\u00edvel tem\u00e1tica educativa ou uma met\u00e1fora relacionada ao conhecimento e \u00e0 aprendizagem na pe\u00e7a. O cen\u00e1rio \u00e9 simples, mas eficaz, focando a aten\u00e7\u00e3o nos atores e na sua intera\u00e7\u00e3o. A ilumina\u00e7\u00e3o \u00e9 bem direcionada, destacando os atores e o livro. A imagem transmite uma sensa\u00e7\u00e3o de romance e conto de fadas.\" class=\"wp-image-107502\" srcset=\"https:\/\/piracicaba.sp.gov.br\/wp-content\/uploads\/2025\/07\/A-montagem-traz-uma-releitura-contemporanea-do-classico-dos-Irmaos-Grimm-com-60-minutos-de-duracao-e-classificacao-livre.jpg 1024w, https:\/\/piracicaba.sp.gov.br\/wp-content\/uploads\/2025\/07\/A-montagem-traz-uma-releitura-contemporanea-do-classico-dos-Irmaos-Grimm-com-60-minutos-de-duracao-e-classificacao-livre-300x200.jpg 300w, https:\/\/piracicaba.sp.gov.br\/wp-content\/uploads\/2025\/07\/A-montagem-traz-uma-releitura-contemporanea-do-classico-dos-Irmaos-Grimm-com-60-minutos-de-duracao-e-classificacao-livre-768x512.jpg 768w\" data-sizes=\"(max-width: 1024px) 100vw, 1024px\"\/><figcaption class=\"wp-element-caption\"><strong><em><sub>A montagem traz uma releitura contempor\u00e2nea do cl\u00e1ssico dos Irm\u00e3os Grimm, com 60 minutos de dura\u00e7\u00e3o e classifica\u00e7\u00e3o livre.<\/sub><\/em><\/strong><\/figcaption><\/figure>\n<p>O Teatro Municipal Erotides de Campos, no Engenho Central, recebe no domingo, 06\/07, \u00e0s 16h, o espet\u00e1culo Branca de Neve \u2013 O Musical, encenado pela companhia paulistana Dos Cl\u00e1ssicos Produ\u00e7\u00f5es. A apresenta\u00e7\u00e3o integra a temporada 2025 do programa Divers\u00e3o em Cena, promovido pela Funda\u00e7\u00e3o ArcelorMittal, e tem entrada gratuita, com distribui\u00e7\u00e3o de ingressos uma hora antes na bilheteria do teatro.<\/p>\n<p>A montagem traz uma releitura contempor\u00e2nea do cl\u00e1ssico dos Irm\u00e3os Grimm, com 60 minutos de dura\u00e7\u00e3o e classifica\u00e7\u00e3o livre. O espet\u00e1culo combina can\u00e7\u00f5es ao vivo, manipula\u00e7\u00e3o de bonecos, coreografias com bailarinos e interatividade com o p\u00fablico, encantando especialmente crian\u00e7as a partir de 3 anos. A vers\u00e3o atualizada estreou em 2022 no Teatro Gazeta, em S\u00e3o Paulo, com novos cen\u00e1rios e elenco ampliado, ap\u00f3s sucesso de p\u00fablico desde sua estreia original, em 2019, no Teatro UOL.<\/p>\n<p>Criado h\u00e1 15 anos, o Divers\u00e3o em Cena visa democratizar o acesso \u00e0 cultura por meio de apresenta\u00e7\u00f5es gratuitas ou a pre\u00e7os populares. Mais de 1 milh\u00e3o de pessoas j\u00e1 prestigiaram os espet\u00e1culos do programa em diversos estados do Brasil, como Minas Gerais, Rio de Janeiro, Bahia e S\u00e3o Paulo.<\/p>\n<p>O espet\u00e1culo em Piracicaba \u00e9 viabilizado com recursos do Minist\u00e9rio da Cultura, por meio da Lei Rouanet, com produ\u00e7\u00e3o da Mina Cultural e apoio da Prefeitura de Piracicaba, via Secretaria de Cultura.<\/p>\n<figure class=\"wp-block-image size-large\"><img data-recalc-dims=\"1\" loading=\"lazy\" data-lazyloaded=\"1\" data-placeholder-resp=\"819x1024\" decoding=\"async\" width=\"696\" height=\"870\" src=\"https:\/\/i0.wp.com\/piracicaba.sp.gov.br\/wp-content\/uploads\/2025\/07\/Divulgacao-Diversao-em-Cena-1-819x1024.jpg?resize=696%2C870&#038;ssl=1\" alt=\"A imagem \u00e9 um p\u00f4ster anunciando uma apresenta\u00e7\u00e3o musical de Branca de Neve em Piracicaba. O p\u00f4ster tem um fundo laranja vibrante com uma forma de nuvem escura no meio, onde a foto da atriz principal, vestida como Branca de Neve, \u00e9 apresentada. Ela est\u00e1 segurando uma vassoura e parece estar cantando. O cen\u00e1rio parece ser uma floresta escura, com uma lanterna de poste \u00e0 sua direita. Na parte superior, h\u00e1 o logotipo do Minist\u00e9rio da Cultura e da Funda\u00e7\u00e3o ArcelorMittal, patrocinadores do evento, junto com o n\u00famero &quot;15&quot; comemorando seus 15 anos. O t\u00edtulo &quot;Divers\u00e3o em cena&quot; \u00e9 destacado acima do nome do musical. Abaixo do nome do musical, est\u00e1 escrito &quot;Dos Cl\u00e1ssicos Produ\u00e7\u00f5es&quot;, indicando a companhia de teatro respons\u00e1vel pela produ\u00e7\u00e3o. Informa\u00e7\u00f5es sobre o local e data do evento tamb\u00e9m s\u00e3o apresentadas: &quot;Piracicaba&quot;, &quot;Teatro Municipal Erotides de Campos&quot;, endere\u00e7o completo e data e hora da apresenta\u00e7\u00e3o (6 de julho \u00e0s 16h). H\u00e1 tamb\u00e9m um pequeno \u00edcone musical na parte inferior esquerda. Em resumo, \u00e9 um p\u00f4ster colorido e informativo, com uma imagem atraente da atriz principal, que convida o p\u00fablico para a apresenta\u00e7\u00e3o musical de Branca de Neve.\" class=\"wp-image-107503\" srcset=\"https:\/\/piracicaba.sp.gov.br\/wp-content\/uploads\/2025\/07\/Divulgacao-Diversao-em-Cena-1-819x1024.jpg 819w, https:\/\/piracicaba.sp.gov.br\/wp-content\/uploads\/2025\/07\/Divulgacao-Diversao-em-Cena-1-240x300.jpg 240w, https:\/\/piracicaba.sp.gov.br\/wp-content\/uploads\/2025\/07\/Divulgacao-Diversao-em-Cena-1-768x960.jpg 768w, https:\/\/piracicaba.sp.gov.br\/wp-content\/uploads\/2025\/07\/Divulgacao-Diversao-em-Cena-1-1229x1536.jpg 1229w, https:\/\/piracicaba.sp.gov.br\/wp-content\/uploads\/2025\/07\/Divulgacao-Diversao-em-Cena-1-1638x2048.jpg 1638w, https:\/\/piracicaba.sp.gov.br\/wp-content\/uploads\/2025\/07\/Divulgacao-Diversao-em-Cena-1-scaled.jpg 2048w\" data-sizes=\"(max-width: 819px) 100vw, 819px\"\/><figcaption class=\"wp-element-caption\"><strong><em><sub>Divulga\u00e7\u00e3o Divers\u00e3o em Cena<\/sub><\/em><\/strong><\/figcaption><\/figure>\n<p><strong>SERVI\u00c7O \u2013\u00a0<\/strong><strong>Espet\u00e1culo Branca de Neve \u2013 O Musical.<\/strong>\u00a0No Teatro Municipal Erotides de Campos \u2013 avenida Maurice Allain, 454 \u2013 Parque do Engenho Central. Domingo, 06\/07, \u00e0s 16h. Entrada gratuita. Ingressos distribu\u00eddos uma hora antes na bilheteria. Classifica\u00e7\u00e3o livre. Informa\u00e7\u00f5es:<a href=\"http:\/\/www.famb.org.br\/diversao-em-cena\" target=\"_blank\" rel=\"noreferrer noopener\">\u00a0www.famb.org.br\/diversao-em-cena<\/a>.<\/p>\n<\/div>\n<p><br \/>\n<br \/><a href=\"https:\/\/piracicaba.sp.gov.br\/noticias\/teatro-erotides-de-campos-recebe-musical-branca-de-neve-neste-domingo\/\" rel=\"noopener\">Informa\u00e7\u00f5es PMP <\/a><\/p>\n","protected":false},"excerpt":{"rendered":"<p>A montagem traz uma releitura contempor\u00e2nea do cl\u00e1ssico dos Irm\u00e3os Grimm, com 60 minutos de dura\u00e7\u00e3o e classifica\u00e7\u00e3o livre. O Teatro Municipal Erotides de Campos, no Engenho Central, recebe no domingo, 06\/07, \u00e0s 16h, o espet\u00e1culo Branca de Neve \u2013 O Musical, encenado pela companhia paulistana Dos Cl\u00e1ssicos Produ\u00e7\u00f5es. A apresenta\u00e7\u00e3o integra a temporada 2025 [&hellip;]<\/p>\n","protected":false},"author":1,"featured_media":38151,"comment_status":"open","ping_status":"open","sticky":false,"template":"","format":"standard","meta":{"_jetpack_newsletter_access":"","_jetpack_dont_email_post_to_subs":false,"_jetpack_newsletter_tier_id":0,"_jetpack_memberships_contains_paywalled_content":false,"_mbp_banners":[],"_jetpack_feature_clip_id":0,"_jetpack_memberships_contains_paid_content":false,"footnotes":"","jetpack_publicize_message":"","jetpack_publicize_feature_enabled":true,"jetpack_social_post_already_shared":true,"jetpack_social_options":{"image_generator_settings":{"template":"highway","default_image_id":0,"font":"","enabled":false},"version":2},"jetpack_post_was_ever_published":false},"categories":[20],"tags":[],"class_list":["post-38150","post","type-post","status-publish","format-standard","has-post-thumbnail","category-regiao"],"jetpack_publicize_connections":[],"jetpack-related-posts":[],"jetpack_shortlink":"https:\/\/wp.me\/p7Eq1F-9Vk","jetpack_sharing_enabled":true,"jetpack_featured_media_url":"https:\/\/i0.wp.com\/guialimeira.com.br\/news\/wp-content\/uploads\/2025\/07\/A-montagem-traz-uma-releitura-contemporanea-do-classico-dos-Irmaos-Grimm-com-60-minutos-de-duracao-e.jpeg?fit=1024%2C682&ssl=1","_links":{"self":[{"href":"https:\/\/guialimeira.com.br\/news\/wp-json\/wp\/v2\/posts\/38150","targetHints":{"allow":["GET"]}}],"collection":[{"href":"https:\/\/guialimeira.com.br\/news\/wp-json\/wp\/v2\/posts"}],"about":[{"href":"https:\/\/guialimeira.com.br\/news\/wp-json\/wp\/v2\/types\/post"}],"author":[{"embeddable":true,"href":"https:\/\/guialimeira.com.br\/news\/wp-json\/wp\/v2\/users\/1"}],"replies":[{"embeddable":true,"href":"https:\/\/guialimeira.com.br\/news\/wp-json\/wp\/v2\/comments?post=38150"}],"version-history":[{"count":0,"href":"https:\/\/guialimeira.com.br\/news\/wp-json\/wp\/v2\/posts\/38150\/revisions"}],"wp:featuredmedia":[{"embeddable":true,"href":"https:\/\/guialimeira.com.br\/news\/wp-json\/wp\/v2\/media\/38151"}],"wp:attachment":[{"href":"https:\/\/guialimeira.com.br\/news\/wp-json\/wp\/v2\/media?parent=38150"}],"wp:term":[{"taxonomy":"category","embeddable":true,"href":"https:\/\/guialimeira.com.br\/news\/wp-json\/wp\/v2\/categories?post=38150"},{"taxonomy":"post_tag","embeddable":true,"href":"https:\/\/guialimeira.com.br\/news\/wp-json\/wp\/v2\/tags?post=38150"}],"curies":[{"name":"wp","href":"https:\/\/api.w.org\/{rel}","templated":true}]}}