{"id":38148,"date":"2025-07-03T22:35:41","date_gmt":"2025-07-04T01:35:41","guid":{"rendered":"https:\/\/guialimeira.com.br\/2025\/07\/03\/piracicaba-recebe-atividades-circenses-do-projeto-cirqutal-comvida-neste-fim-de-semana-portal-do-municipio-de-piracicaba\/"},"modified":"2025-07-03T22:35:41","modified_gmt":"2025-07-04T01:35:41","slug":"piracicaba-recebe-atividades-circenses-do-projeto-cirqutal-comvida-neste-fim-de-semana-portal-do-municipio-de-piracicaba","status":"publish","type":"post","link":"https:\/\/guialimeira.com.br\/news\/piracicaba-recebe-atividades-circenses-do-projeto-cirqutal-comvida-neste-fim-de-semana-portal-do-municipio-de-piracicaba\/","title":{"rendered":"Piracicaba recebe atividades circenses do projeto Cirqu&#038;Tal ComVida neste fim de semana \u2013 Portal do Munic\u00edpio de Piracicaba"},"content":{"rendered":"<p> <br \/>\n<\/p>\n<div>\n<figure class=\"wp-block-image size-large\"><img data-recalc-dims=\"1\" data-lazyloaded=\"1\" data-placeholder-resp=\"1024x683\" fetchpriority=\"high\" decoding=\"async\" width=\"696\" height=\"464\" src=\"https:\/\/i0.wp.com\/piracicaba.sp.gov.br\/wp-content\/uploads\/2025\/07\/A-iniciativa-integra-a-temporada-do-projeto-CirquTal-ComVida-viabilizada-pelo-Edital-Fomento-CultSP-Foto-Vinicius-Mena-1024x683.jpg?resize=696%2C464&#038;ssl=1\" alt=\"A imagem mostra um palha\u00e7o realizando um ato de equil\u00edbrio em uma monociclo diante de uma grande multid\u00e3o de crian\u00e7as e adultos. O palha\u00e7o est\u00e1 vestindo um traje vibrante e colorido, composto por uma jaqueta vermelha e branca, cal\u00e7as pretas e brancas listradas e sapatos vermelhos brilhantes. Ele est\u00e1 equilibrado em um monociclo pequeno, com uma express\u00e3o facial alegre e entusiasmada. Um homem est\u00e1 ajudando o palha\u00e7o, segurando-o levemente enquanto ele se equilibra. A multid\u00e3o est\u00e1 sentada em um c\u00edrculo em torno do palha\u00e7o, muitos deles com express\u00f5es de admira\u00e7\u00e3o e deleite em seus rostos. As crian\u00e7as parecem especialmente fascinadas pelo ato, com alguns deles apontando e rindo. O fundo da imagem \u00e9 uma igreja amarela, que parece ser o local do evento. H\u00e1 \u00e1rvores e outras estruturas vis\u00edveis ao fundo, sugerindo um ambiente ao ar livre.\" class=\"wp-image-107507\" srcset=\"https:\/\/piracicaba.sp.gov.br\/wp-content\/uploads\/2025\/07\/A-iniciativa-integra-a-temporada-do-projeto-CirquTal-ComVida-viabilizada-pelo-Edital-Fomento-CultSP-Foto-Vinicius-Mena-1024x683.jpg 1024w, https:\/\/piracicaba.sp.gov.br\/wp-content\/uploads\/2025\/07\/A-iniciativa-integra-a-temporada-do-projeto-CirquTal-ComVida-viabilizada-pelo-Edital-Fomento-CultSP-Foto-Vinicius-Mena-300x200.jpg 300w, https:\/\/piracicaba.sp.gov.br\/wp-content\/uploads\/2025\/07\/A-iniciativa-integra-a-temporada-do-projeto-CirquTal-ComVida-viabilizada-pelo-Edital-Fomento-CultSP-Foto-Vinicius-Mena-768x512.jpg 768w, https:\/\/piracicaba.sp.gov.br\/wp-content\/uploads\/2025\/07\/A-iniciativa-integra-a-temporada-do-projeto-CirquTal-ComVida-viabilizada-pelo-Edital-Fomento-CultSP-Foto-Vinicius-Mena-1536x1024.jpg 1536w, https:\/\/piracicaba.sp.gov.br\/wp-content\/uploads\/2025\/07\/A-iniciativa-integra-a-temporada-do-projeto-CirquTal-ComVida-viabilizada-pelo-Edital-Fomento-CultSP-Foto-Vinicius-Mena-2048x1366.jpg 2048w\" data-sizes=\"(max-width: 1024px) 100vw, 1024px\"\/><figcaption class=\"wp-element-caption\"><strong><em><sub>A iniciativa integra a temporada do projeto Cirqu&amp;Tal ComVida, viabilizada pelo Edital Fomento CultSP \u2013 Foto Vinicius Mena<\/sub><\/em><\/strong><\/figcaption><\/figure>\n<p>Os bairros Tanquinho e Artemis, em Piracicaba, recebem neste fim de semana o projeto Cirqu&amp;Tal ComVida, promovido pela companhia MB Circo. A programa\u00e7\u00e3o gratuita conta com oficina de circo, atra\u00e7\u00f5es musicais locais e o espet\u00e1culo Cirqu&amp;Tal, sempre a partir das 15h.<\/p>\n<p>No s\u00e1bado, 05\/07, as atividades acontecem na Pra\u00e7a Imaculada Concei\u00e7\u00e3o (rua Alberto Coury, s\/n \u2013 Guamium, Tanquinho). No domingo, 06\/07, o evento ser\u00e1 realizado na Pra\u00e7a Jo\u00e3o Alfredo (avenida Fioravante Cenedese, s\/n \u2013 Artemis).<\/p>\n<p>A iniciativa integra a temporada do projeto Cirqu&amp;Tal ComVida, viabilizada pelo Edital Fomento CultSP, do Plano Nacional Aldir Blanc (PNAB), com recursos do Minist\u00e9rio da Cultura e Governo Federal. Em Piracicaba, conta com apoio da Prefeitura, por meio da Secretaria Municipal da Cultura. Todas as atividades ter\u00e3o acessibilidade com int\u00e9rprete de Libras e audiodescri\u00e7\u00e3o.<\/p>\n<figure class=\"wp-block-image size-large\"><img data-recalc-dims=\"1\" loading=\"lazy\" data-lazyloaded=\"1\" data-placeholder-resp=\"1024x683\" decoding=\"async\" width=\"696\" height=\"464\" src=\"https:\/\/i0.wp.com\/piracicaba.sp.gov.br\/wp-content\/uploads\/2025\/07\/A-programacao-gratuita-conta-com-oficina-de-circo-atracoes-musicais-locais-e-o-espetaculo-CirquTal-Foto-Vinicius-Mena-1024x683.jpg?resize=696%2C464&#038;ssl=1\" alt=\"A imagem mostra quatro palha\u00e7os em um palco de circo, aparentemente no meio de uma apresenta\u00e7\u00e3o. Tr\u00eas deles est\u00e3o pulando no ar, enquanto um est\u00e1 em p\u00e9. O fundo \u00e9 escuro, com cortinas douradas atr\u00e1s dos palha\u00e7os, e luzes vermelhas acima. H\u00e1 um suporte com bast\u00f5es de malabarismo \u00e0 esquerda. * O palha\u00e7o \u00e0 esquerda est\u00e1 vestido com um traje multicolorido, com listras e padr\u00f5es vibrantes. Ele usa maquiagem de palha\u00e7o tradicional, com nariz vermelho e rosto pintado. * O palha\u00e7o no centro est\u00e1 vestido com uma roupa mais formal, um terno escuro com gravata vermelha, mas ainda mant\u00e9m a maquiagem de palha\u00e7o. Ele parece estar no meio de uma pose de salto. * O palha\u00e7o \u00e0 direita est\u00e1 vestido com roupas mais descontra\u00eddas, cal\u00e7as cinzas e uma camisa laranja. Ele tamb\u00e9m usa maquiagem de palha\u00e7o e est\u00e1 em um salto alto. * A palha\u00e7a no meio, entre os palha\u00e7os vestidos de forma mais formal e descontra\u00edda, est\u00e1 vestida com um vestido vermelho e preto, com meias rendadas e botas pretas. Sua maquiagem \u00e9 mais sutil, mas ainda inclui um nariz vermelho. O palco \u00e9 decorado com uma lona amarela e azul, t\u00edpica de um circo. A atmosfera geral \u00e9 vibrante e divertida, com a energia de uma apresenta\u00e7\u00e3o de circo. A imagem \u00e9 bem iluminada, e os detalhes dos trajes e maquiagem dos palha\u00e7os s\u00e3o claramente vis\u00edveis. A qualidade da imagem sugere uma fotografia profissional, possivelmente tirada durante uma apresenta\u00e7\u00e3o ao vivo.\" class=\"wp-image-107508\" srcset=\"https:\/\/piracicaba.sp.gov.br\/wp-content\/uploads\/2025\/07\/A-programacao-gratuita-conta-com-oficina-de-circo-atracoes-musicais-locais-e-o-espetaculo-CirquTal-Foto-Vinicius-Mena-1024x683.jpg 1024w, https:\/\/piracicaba.sp.gov.br\/wp-content\/uploads\/2025\/07\/A-programacao-gratuita-conta-com-oficina-de-circo-atracoes-musicais-locais-e-o-espetaculo-CirquTal-Foto-Vinicius-Mena-300x200.jpg 300w, https:\/\/piracicaba.sp.gov.br\/wp-content\/uploads\/2025\/07\/A-programacao-gratuita-conta-com-oficina-de-circo-atracoes-musicais-locais-e-o-espetaculo-CirquTal-Foto-Vinicius-Mena-768x512.jpg 768w, https:\/\/piracicaba.sp.gov.br\/wp-content\/uploads\/2025\/07\/A-programacao-gratuita-conta-com-oficina-de-circo-atracoes-musicais-locais-e-o-espetaculo-CirquTal-Foto-Vinicius-Mena-1536x1024.jpg 1536w, https:\/\/piracicaba.sp.gov.br\/wp-content\/uploads\/2025\/07\/A-programacao-gratuita-conta-com-oficina-de-circo-atracoes-musicais-locais-e-o-espetaculo-CirquTal-Foto-Vinicius-Mena-2048x1365.jpg 2048w\" data-sizes=\"(max-width: 1024px) 100vw, 1024px\"\/><figcaption class=\"wp-element-caption\">A<strong><em><sub> programa\u00e7\u00e3o gratuita conta com oficina de circo, atra\u00e7\u00f5es musicais locais e o espet\u00e1culo Cirqu&amp;Tal \u2013 Foto Vinicius Mena<\/sub><\/em><\/strong><\/figcaption><\/figure>\n<p>Com 55 minutos de dura\u00e7\u00e3o e classifica\u00e7\u00e3o livre, o espet\u00e1culo Cirqu&amp;Tal apresenta os palha\u00e7os Tico Toco, Polenta, Sevefino e N\u00e9lson do Bigodinho em n\u00fameros repletos de humor, malabares, chicote e monociclo. A programa\u00e7\u00e3o tamb\u00e9m inclui oficina com a Cia. P\u00e9 de Cana e apresenta\u00e7\u00f5es de artistas locais: o Grupo Amigos de Tanquinho se apresenta no s\u00e1bado e a dupla Kleber &amp; Danilo, no domingo.<\/p>\n<figure class=\"wp-block-image size-large\"><img data-recalc-dims=\"1\" loading=\"lazy\" data-lazyloaded=\"1\" data-placeholder-resp=\"1024x684\" decoding=\"async\" width=\"696\" height=\"465\" src=\"https:\/\/i0.wp.com\/piracicaba.sp.gov.br\/wp-content\/uploads\/2025\/07\/O-espetaculo-CirquTal-apresenta-os-palhacos-Tico-Toco-Polenta-Sevefino-e-Nelson-do-Bigodinho-Foto-Vinicius-Mena-1024x684.jpg?resize=696%2C465&#038;ssl=1\" alt=\"A imagem mostra quatro palha\u00e7os em frente a um palco de circo. O palco \u00e9 decorado com cortinas roxas e douradas e um letreiro que diz &quot;CIRQU&amp;TAL&quot;. Os palha\u00e7os est\u00e3o vestidos com roupas vibrantes e coloridas, t\u00edpicas de um circo. O palha\u00e7o \u00e0 esquerda est\u00e1 usando um chap\u00e9u de feltro marrom, camisa laranja, suspens\u00f3rios e cal\u00e7as cinzas. Ele tem uma express\u00e3o s\u00e9ria e parece um pouco desajeitado. No centro, uma palha\u00e7a est\u00e1 com os bra\u00e7os flexionados, exibindo seus m\u00fasculos. Ela usa um casaco vermelho com bolinhas brancas, uma camisa branca por baixo e uma maquiagem de palha\u00e7o cl\u00e1ssica. Sua express\u00e3o \u00e9 confiante e divertida. \u00c0 direita, outro palha\u00e7o est\u00e1 agachado, com as m\u00e3os no est\u00f4mago. Ele veste um casaco marrom escuro sobre uma camisa listrada e uma saia colorida. Sua maquiagem \u00e9 mais elaborada, com detalhes em branco e preto no rosto.\" class=\"wp-image-107509\" srcset=\"https:\/\/piracicaba.sp.gov.br\/wp-content\/uploads\/2025\/07\/O-espetaculo-CirquTal-apresenta-os-palhacos-Tico-Toco-Polenta-Sevefino-e-Nelson-do-Bigodinho-Foto-Vinicius-Mena-1024x684.jpg 1024w, https:\/\/piracicaba.sp.gov.br\/wp-content\/uploads\/2025\/07\/O-espetaculo-CirquTal-apresenta-os-palhacos-Tico-Toco-Polenta-Sevefino-e-Nelson-do-Bigodinho-Foto-Vinicius-Mena-300x200.jpg 300w, https:\/\/piracicaba.sp.gov.br\/wp-content\/uploads\/2025\/07\/O-espetaculo-CirquTal-apresenta-os-palhacos-Tico-Toco-Polenta-Sevefino-e-Nelson-do-Bigodinho-Foto-Vinicius-Mena-768x513.jpg 768w, https:\/\/piracicaba.sp.gov.br\/wp-content\/uploads\/2025\/07\/O-espetaculo-CirquTal-apresenta-os-palhacos-Tico-Toco-Polenta-Sevefino-e-Nelson-do-Bigodinho-Foto-Vinicius-Mena-1536x1025.jpg 1536w, https:\/\/piracicaba.sp.gov.br\/wp-content\/uploads\/2025\/07\/O-espetaculo-CirquTal-apresenta-os-palhacos-Tico-Toco-Polenta-Sevefino-e-Nelson-do-Bigodinho-Foto-Vinicius-Mena-2048x1367.jpg 2048w\" data-sizes=\"(max-width: 1024px) 100vw, 1024px\"\/><figcaption class=\"wp-element-caption\"><strong><em><sub>O espet\u00e1culo Cirqu&amp;Tal apresenta os palha\u00e7os Tico Toco, Polenta, Sevefino e N\u00e9lson do Bigodinho \u2013 Foto Vinicius Mena<\/sub><\/em><\/strong><\/figcaption><\/figure>\n<p>\u201cA proposta do Cirqu&amp;Tal ComVida \u00e9 democratizar o acesso \u00e0 arte e valorizar as comunidades afastadas dos centros urbanos. A cultura chega como um sopro de criatividade, alegria e pertencimento\u201d, afirma Bruno Peruzzi, artista da MB Circo.<\/p>\n<p><strong>SERVI\u00c7O \u2013<\/strong><strong>\u00a0Cirqu&amp;Tal ComVida.\u00a0<\/strong>\u00a0Em\u00a0Tanquinho (Pra\u00e7a Imaculada Concei\u00e7\u00e3o \u2013 rua Alberto Coury, s\/n \u2013 Guamium). S\u00e1bado, 05\/07, \u00e0s 15h.<br \/>Em\u00a0Artemis (Pra\u00e7a Jo\u00e3o Alfredo \u2013 avenida Fioravante Cenedese, s\/n \u2013 Artemis). Domingo, 06\/07, \u00e0s 15h.<br \/>Entrada gratuita. Classifica\u00e7\u00e3o livre. Informa\u00e7\u00f5es pelo Instagram @mbcirco.<\/p>\n<\/div>\n<p><br \/>\n<br \/><a href=\"https:\/\/piracicaba.sp.gov.br\/noticias\/piracicaba-recebe-atividades-circenses-do-projeto-cirqutal-comvida-neste-fim-de-semana\/\" rel=\"noopener\">Informa\u00e7\u00f5es PMP <\/a><\/p>\n","protected":false},"excerpt":{"rendered":"<p>A iniciativa integra a temporada do projeto Cirqu&amp;Tal ComVida, viabilizada pelo Edital Fomento CultSP \u2013 Foto Vinicius Mena Os bairros Tanquinho e Artemis, em Piracicaba, recebem neste fim de semana o projeto Cirqu&amp;Tal ComVida, promovido pela companhia MB Circo. A programa\u00e7\u00e3o gratuita conta com oficina de circo, atra\u00e7\u00f5es musicais locais e o espet\u00e1culo Cirqu&amp;Tal, sempre [&hellip;]<\/p>\n","protected":false},"author":1,"featured_media":38149,"comment_status":"open","ping_status":"open","sticky":false,"template":"","format":"standard","meta":{"_jetpack_newsletter_access":"","_jetpack_dont_email_post_to_subs":false,"_jetpack_newsletter_tier_id":0,"_jetpack_memberships_contains_paywalled_content":false,"_mbp_banners":[],"_jetpack_feature_clip_id":0,"_jetpack_memberships_contains_paid_content":false,"footnotes":"","jetpack_publicize_message":"","jetpack_publicize_feature_enabled":true,"jetpack_social_post_already_shared":true,"jetpack_social_options":{"image_generator_settings":{"template":"highway","default_image_id":0,"font":"","enabled":false},"version":2},"jetpack_post_was_ever_published":false},"categories":[20],"tags":[],"class_list":["post-38148","post","type-post","status-publish","format-standard","has-post-thumbnail","category-regiao"],"jetpack_publicize_connections":[],"jetpack-related-posts":[],"jetpack_shortlink":"https:\/\/wp.me\/p7Eq1F-9Vi","jetpack_sharing_enabled":true,"jetpack_featured_media_url":"https:\/\/i0.wp.com\/guialimeira.com.br\/news\/wp-content\/uploads\/2025\/07\/A-iniciativa-integra-a-temporada-do-projeto-CirquTal-ComVida-viabilizada-pelo-Edital-Fomento-CultSP.jpeg?fit=1024%2C683&ssl=1","_links":{"self":[{"href":"https:\/\/guialimeira.com.br\/news\/wp-json\/wp\/v2\/posts\/38148","targetHints":{"allow":["GET"]}}],"collection":[{"href":"https:\/\/guialimeira.com.br\/news\/wp-json\/wp\/v2\/posts"}],"about":[{"href":"https:\/\/guialimeira.com.br\/news\/wp-json\/wp\/v2\/types\/post"}],"author":[{"embeddable":true,"href":"https:\/\/guialimeira.com.br\/news\/wp-json\/wp\/v2\/users\/1"}],"replies":[{"embeddable":true,"href":"https:\/\/guialimeira.com.br\/news\/wp-json\/wp\/v2\/comments?post=38148"}],"version-history":[{"count":0,"href":"https:\/\/guialimeira.com.br\/news\/wp-json\/wp\/v2\/posts\/38148\/revisions"}],"wp:featuredmedia":[{"embeddable":true,"href":"https:\/\/guialimeira.com.br\/news\/wp-json\/wp\/v2\/media\/38149"}],"wp:attachment":[{"href":"https:\/\/guialimeira.com.br\/news\/wp-json\/wp\/v2\/media?parent=38148"}],"wp:term":[{"taxonomy":"category","embeddable":true,"href":"https:\/\/guialimeira.com.br\/news\/wp-json\/wp\/v2\/categories?post=38148"},{"taxonomy":"post_tag","embeddable":true,"href":"https:\/\/guialimeira.com.br\/news\/wp-json\/wp\/v2\/tags?post=38148"}],"curies":[{"name":"wp","href":"https:\/\/api.w.org\/{rel}","templated":true}]}}