{"id":38146,"date":"2025-07-03T21:34:40","date_gmt":"2025-07-04T00:34:40","guid":{"rendered":"https:\/\/guialimeira.com.br\/2025\/07\/03\/prefeito-visita-obras-de-reforma-e-ampliacao-do-grupao-escolar-de-artemis-portal-do-municipio-de-piracicaba\/"},"modified":"2025-07-03T21:34:40","modified_gmt":"2025-07-04T00:34:40","slug":"prefeito-visita-obras-de-reforma-e-ampliacao-do-grupao-escolar-de-artemis-portal-do-municipio-de-piracicaba","status":"publish","type":"post","link":"https:\/\/guialimeira.com.br\/news\/prefeito-visita-obras-de-reforma-e-ampliacao-do-grupao-escolar-de-artemis-portal-do-municipio-de-piracicaba\/","title":{"rendered":"Prefeito visita obras de reforma e amplia\u00e7\u00e3o do Grup\u00e3o Escolar de Artemis \u2013 Portal do Munic\u00edpio de Piracicaba"},"content":{"rendered":"<p> <br \/>\n<\/p>\n<div>\n<figure class=\"wp-block-image size-large\"><img data-recalc-dims=\"1\" data-lazyloaded=\"1\" data-placeholder-resp=\"1024x768\" fetchpriority=\"high\" decoding=\"async\" width=\"696\" height=\"522\" src=\"https:\/\/i0.wp.com\/piracicaba.sp.gov.br\/wp-content\/uploads\/2025\/07\/Prefeito-Helinho-Zanatta-acompanha-de-perto-as-obras-do-Grupao-Escolar-de-Artemis-1024x768.jpg?resize=696%2C522&#038;ssl=1\" alt=\"A imagem mostra um corredor em constru\u00e7\u00e3o, com paredes de concreto aparente. Duas pessoas, aparentemente autoridades ou respons\u00e1veis pela obra, caminham pelo corredor, conversando. Uma delas usa capacete branco. H\u00e1 outras pessoas ao fundo, tamb\u00e9m usando capacetes, indicando um grupo de inspe\u00e7\u00e3o ou visita t\u00e9cnica ao local. O ambiente \u00e9 r\u00fastico, com o concreto ainda sem acabamento final, mas a estrutura j\u00e1 est\u00e1 visivelmente definida. A ilumina\u00e7\u00e3o \u00e9 natural, provavelmente proveniente de aberturas no teto ou nas paredes do corredor. A foto parece ter sido tirada em um \u00e2ngulo que acompanha a caminhada das pessoas, proporcionando uma perspectiva de acompanhamento da inspe\u00e7\u00e3o.\" class=\"wp-image-107552\" srcset=\"https:\/\/piracicaba.sp.gov.br\/wp-content\/uploads\/2025\/07\/Prefeito-Helinho-Zanatta-acompanha-de-perto-as-obras-do-Grupao-Escolar-de-Artemis-1024x768.jpg 1024w, https:\/\/piracicaba.sp.gov.br\/wp-content\/uploads\/2025\/07\/Prefeito-Helinho-Zanatta-acompanha-de-perto-as-obras-do-Grupao-Escolar-de-Artemis-300x225.jpg 300w, https:\/\/piracicaba.sp.gov.br\/wp-content\/uploads\/2025\/07\/Prefeito-Helinho-Zanatta-acompanha-de-perto-as-obras-do-Grupao-Escolar-de-Artemis-768x576.jpg 768w, https:\/\/piracicaba.sp.gov.br\/wp-content\/uploads\/2025\/07\/Prefeito-Helinho-Zanatta-acompanha-de-perto-as-obras-do-Grupao-Escolar-de-Artemis-1536x1152.jpg 1536w, https:\/\/piracicaba.sp.gov.br\/wp-content\/uploads\/2025\/07\/Prefeito-Helinho-Zanatta-acompanha-de-perto-as-obras-do-Grupao-Escolar-de-Artemis.jpg 1600w\" data-sizes=\"(max-width: 1024px) 100vw, 1024px\"\/><figcaption class=\"wp-element-caption\"><strong><em><sub>Prefeito Helinho Zanatta acompanha de perto as obras do Grup\u00e3o Escolar de Artemis<\/sub><\/em><\/strong><\/figcaption><\/figure>\n<p>O prefeito Helinho Zanatta visitou as obras de reforma e amplia\u00e7\u00e3o do antigo grupo escolar de Artemis, na companhia da secret\u00e1ria de Educa\u00e7\u00e3o, Juliana Vicentin, e do secret\u00e1rio de Obras, Infraestrutura e Servi\u00e7os Urbanos, Luciano Cel\u00eancio. O pr\u00e9dio hist\u00f3rico localizado na avenida Fioravante Cenedese, 635, e que estava abandonado h\u00e1 mais de 30 anos, est\u00e1 recebendo investimento da Prefeitura no valor de R$ 5 milh\u00f5es. A unidade vai atender a uma demanda necess\u00e1ria criando 280 novas vagas para a Educa\u00e7\u00e3o Infantil no bairro, tanto no per\u00edodo matutino quanto vespertino.<\/p>\n<p>\u201cEstamos acompanhando de perto essas obras, que s\u00e3o importantes e queremos que ela fique impec\u00e1vel para atender a popula\u00e7\u00e3o desta regi\u00e3o. \u00c9 um pedido antigo da popula\u00e7\u00e3o que estamos atendendo aqui que vai al\u00e9m de apenas ofertar mais vagas, mas tamb\u00e9m em preservar a hist\u00f3ria desta importante regi\u00e3o da cidade\u201d, afirmou o prefeito Helinho Zanatta.<\/p>\n<figure class=\"wp-block-image size-large\"><img data-recalc-dims=\"1\" loading=\"lazy\" data-lazyloaded=\"1\" data-placeholder-resp=\"1024x768\" decoding=\"async\" width=\"696\" height=\"522\" src=\"https:\/\/i0.wp.com\/piracicaba.sp.gov.br\/wp-content\/uploads\/2025\/07\/Ao-lado-de-secretarios-e-equipes-de-engenheiros-o-prefeito-Helinho-Zanatta-visitou-as-obras-do-Grupao-de-Artemis-1024x768.jpg?resize=696%2C522&#038;ssl=1\" alt=\"A imagem mostra um grupo de pessoas, aparentemente profissionais da constru\u00e7\u00e3o civil, inspecionando uma obra em constru\u00e7\u00e3o. Eles est\u00e3o usando capacetes brancos e est\u00e3o reunidos em um corredor estreito formado por paredes de tijolos de terracota. O corredor \u00e9 parcialmente escavado, revelando solo. A ilumina\u00e7\u00e3o sugere que a foto foi tirada durante o dia, em um local ensolarado. O c\u00e9u \u00e9 azul claro e sem nuvens. O ambiente parece ser rural ou em uma \u00e1rea com pouca urbaniza\u00e7\u00e3o. Os tijolos parecem ser feitos de barro cozido, e a constru\u00e7\u00e3o est\u00e1 em fase inicial. A cena transmite uma sensa\u00e7\u00e3o de trabalho em andamento e planejamento de constru\u00e7\u00e3o.\" class=\"wp-image-107554\" srcset=\"https:\/\/piracicaba.sp.gov.br\/wp-content\/uploads\/2025\/07\/Ao-lado-de-secretarios-e-equipes-de-engenheiros-o-prefeito-Helinho-Zanatta-visitou-as-obras-do-Grupao-de-Artemis-1024x768.jpg 1024w, https:\/\/piracicaba.sp.gov.br\/wp-content\/uploads\/2025\/07\/Ao-lado-de-secretarios-e-equipes-de-engenheiros-o-prefeito-Helinho-Zanatta-visitou-as-obras-do-Grupao-de-Artemis-300x225.jpg 300w, https:\/\/piracicaba.sp.gov.br\/wp-content\/uploads\/2025\/07\/Ao-lado-de-secretarios-e-equipes-de-engenheiros-o-prefeito-Helinho-Zanatta-visitou-as-obras-do-Grupao-de-Artemis-768x576.jpg 768w, https:\/\/piracicaba.sp.gov.br\/wp-content\/uploads\/2025\/07\/Ao-lado-de-secretarios-e-equipes-de-engenheiros-o-prefeito-Helinho-Zanatta-visitou-as-obras-do-Grupao-de-Artemis-1536x1152.jpg 1536w, https:\/\/piracicaba.sp.gov.br\/wp-content\/uploads\/2025\/07\/Ao-lado-de-secretarios-e-equipes-de-engenheiros-o-prefeito-Helinho-Zanatta-visitou-as-obras-do-Grupao-de-Artemis.jpg 1600w\" data-sizes=\"(max-width: 1024px) 100vw, 1024px\"\/><figcaption class=\"wp-element-caption\"><strong><em><sub>Ao lado de secret\u00e1rios e equipes de engenheiros, o prefeito Helinho Zanatta visitou as obras do Grup\u00e3o de Artemis<\/sub><\/em><\/strong><\/figcaption><\/figure>\n<p>De acordo com a Secretaria Municipal de Educa\u00e7\u00e3o, atualmente, o bairro conta com apenas uma unidade escolar, a EM Deolinda Elias Cenedese, situada em um espa\u00e7o que n\u00e3o permite amplia\u00e7\u00e3o devido \u00e0 falta de \u00e1rea dispon\u00edvel. Al\u00e9m de gerar novas vagas, o pr\u00e9dio do Grup\u00e3o, que \u00e9 tombado como patrim\u00f4nio hist\u00f3rico pelo Codepac (Conselho de Defesa do Patrim\u00f4nio Cultural), ser\u00e1 totalmente recuperado, respeitando todas as especifica\u00e7\u00f5es t\u00e9cnicas exigidas.<\/p>\n<figure class=\"wp-block-image size-large\"><img data-recalc-dims=\"1\" loading=\"lazy\" data-lazyloaded=\"1\" data-placeholder-resp=\"1024x768\" decoding=\"async\" width=\"696\" height=\"522\" src=\"https:\/\/i0.wp.com\/piracicaba.sp.gov.br\/wp-content\/uploads\/2025\/07\/Helinho-Zanatta-ao-lado-da-secretaria-de-Educacao-Juliana-Vicentin-do-secretario-de-Obras-Luciano-Celencio-e-equipes-durante-visita-ao-Grupao-de-Artemis-1024x768.jpg?resize=696%2C522&#038;ssl=1\" alt=\"A imagem mostra seis pessoas em frente a uma constru\u00e7\u00e3o. Cinco delas usam capacetes brancos. As mulheres est\u00e3o vestidas com roupas sociais, enquanto os homens usam jaquetas. Uma mulher usa uma blusa vermelha e cal\u00e7a jeans. Os homens est\u00e3o em p\u00e9, lado a lado, enquanto as mulheres est\u00e3o posicionadas em ambos os lados dos homens. A constru\u00e7\u00e3o ao fundo parece ser uma escola ou pr\u00e9dio p\u00fablico, com paredes de concreto e janelas. O local parece ser uma obra em andamento, com terra e materiais de constru\u00e7\u00e3o vis\u00edveis. O c\u00e9u est\u00e1 parcialmente nublado, e a luz do sol indica que a foto foi tirada durante o dia. A cena sugere uma visita oficial a um local de constru\u00e7\u00e3o, possivelmente uma inaugura\u00e7\u00e3o ou um evento de acompanhamento de obra.\" class=\"wp-image-107553\" srcset=\"https:\/\/piracicaba.sp.gov.br\/wp-content\/uploads\/2025\/07\/Helinho-Zanatta-ao-lado-da-secretaria-de-Educacao-Juliana-Vicentin-do-secretario-de-Obras-Luciano-Celencio-e-equipes-durante-visita-ao-Grupao-de-Artemis-1024x768.jpg 1024w, https:\/\/piracicaba.sp.gov.br\/wp-content\/uploads\/2025\/07\/Helinho-Zanatta-ao-lado-da-secretaria-de-Educacao-Juliana-Vicentin-do-secretario-de-Obras-Luciano-Celencio-e-equipes-durante-visita-ao-Grupao-de-Artemis-300x225.jpg 300w, https:\/\/piracicaba.sp.gov.br\/wp-content\/uploads\/2025\/07\/Helinho-Zanatta-ao-lado-da-secretaria-de-Educacao-Juliana-Vicentin-do-secretario-de-Obras-Luciano-Celencio-e-equipes-durante-visita-ao-Grupao-de-Artemis-768x576.jpg 768w, https:\/\/piracicaba.sp.gov.br\/wp-content\/uploads\/2025\/07\/Helinho-Zanatta-ao-lado-da-secretaria-de-Educacao-Juliana-Vicentin-do-secretario-de-Obras-Luciano-Celencio-e-equipes-durante-visita-ao-Grupao-de-Artemis-1536x1152.jpg 1536w, https:\/\/piracicaba.sp.gov.br\/wp-content\/uploads\/2025\/07\/Helinho-Zanatta-ao-lado-da-secretaria-de-Educacao-Juliana-Vicentin-do-secretario-de-Obras-Luciano-Celencio-e-equipes-durante-visita-ao-Grupao-de-Artemis.jpg 1600w\" data-sizes=\"(max-width: 1024px) 100vw, 1024px\"\/><figcaption class=\"wp-element-caption\"><strong><em><sub>Helinho Zanatta ao lado da secret\u00e1ria de Educa\u00e7\u00e3o Juliana Vicentin, do secret\u00e1rio de Obras, Luciano Celencio e equipes durante visita ao Grup\u00e3o de Artemis<\/sub><\/em><\/strong><\/figcaption><\/figure>\n<p>A \u00e1rea total a ser constru\u00edda ser\u00e1 de 1.110 metros quadrados, e o conjunto da edifica\u00e7\u00e3o ser\u00e1 composto por tr\u00eas blocos distintos: um bloco administrativo, j\u00e1 existente; um bloco para o setor de servi\u00e7os e refeit\u00f3rio; e um terceiro bloco para o setor educacional, onde ser\u00e3o constru\u00eddas sete salas de aula.<\/p>\n<p>Durante a visita, a secret\u00e1ria de Educa\u00e7\u00e3o destacou que a reforma tamb\u00e9m incluir\u00e1 a instala\u00e7\u00e3o de sistemas modernos, como climatiza\u00e7\u00e3o, combate a inc\u00eandio, monitoramento 24 horas com alarme, \u201cal\u00e9m de uma ampla \u00e1rea externa com playground e espa\u00e7o de lazer\u201d, completou Juliana Vicentin.<\/p>\n<p><strong>DENOMINA\u00c7\u00c3O \u2013<\/strong>\u00a0Recentemente, o Legislativo aprovou e o prefeito Helinho Zanatta sancionou a Lei Municipal n\u00ba 10.275, de 5 de junho de 2025 que denomina como Kazue Otsubo \u2013 Kaz\u00e9 o Grup\u00e3o Escolar, localizado em Artemis.<\/p>\n<p>A justificativa da Lei explica que Kazue Otsubo foi uma pessoa muito estimada pela comunidade local, cuja fam\u00edlia possui uma trajet\u00f3ria marcante e \u00e9 amplamente reconhecida no bairro. Nascida em Artemis em 1939, era filha de imigrantes japoneses, dos primeiros que chegaram a Piracicaba.<\/p>\n<\/div>\n<p><br \/>\n<br \/><a href=\"https:\/\/piracicaba.sp.gov.br\/noticias\/prefeito-visita-obras-de-reforma-e-ampliacao-do-grupao-escolar-de-artemis\/\" rel=\"noopener\">Informa\u00e7\u00f5es PMP <\/a><\/p>\n","protected":false},"excerpt":{"rendered":"<p>Prefeito Helinho Zanatta acompanha de perto as obras do Grup\u00e3o Escolar de Artemis O prefeito Helinho Zanatta visitou as obras de reforma e amplia\u00e7\u00e3o do antigo grupo escolar de Artemis, na companhia da secret\u00e1ria de Educa\u00e7\u00e3o, Juliana Vicentin, e do secret\u00e1rio de Obras, Infraestrutura e Servi\u00e7os Urbanos, Luciano Cel\u00eancio. O pr\u00e9dio hist\u00f3rico localizado na avenida [&hellip;]<\/p>\n","protected":false},"author":1,"featured_media":38147,"comment_status":"open","ping_status":"open","sticky":false,"template":"","format":"standard","meta":{"_jetpack_newsletter_access":"","_jetpack_dont_email_post_to_subs":false,"_jetpack_newsletter_tier_id":0,"_jetpack_memberships_contains_paywalled_content":false,"_mbp_banners":[],"_jetpack_feature_clip_id":0,"_jetpack_memberships_contains_paid_content":false,"footnotes":"","jetpack_publicize_message":"","jetpack_publicize_feature_enabled":true,"jetpack_social_post_already_shared":true,"jetpack_social_options":{"image_generator_settings":{"template":"highway","default_image_id":0,"font":"","enabled":false},"version":2},"jetpack_post_was_ever_published":false},"categories":[20],"tags":[],"class_list":["post-38146","post","type-post","status-publish","format-standard","has-post-thumbnail","category-regiao"],"jetpack_publicize_connections":[],"jetpack-related-posts":[],"jetpack_shortlink":"https:\/\/wp.me\/p7Eq1F-9Vg","jetpack_sharing_enabled":true,"jetpack_featured_media_url":"https:\/\/i0.wp.com\/guialimeira.com.br\/news\/wp-content\/uploads\/2025\/07\/Prefeito-Helinho-Zanatta-acompanha-de-perto-as-obras-do-Grupao-Escolar-de-Artemis-1024x768.jpg?fit=1024%2C768&ssl=1","_links":{"self":[{"href":"https:\/\/guialimeira.com.br\/news\/wp-json\/wp\/v2\/posts\/38146","targetHints":{"allow":["GET"]}}],"collection":[{"href":"https:\/\/guialimeira.com.br\/news\/wp-json\/wp\/v2\/posts"}],"about":[{"href":"https:\/\/guialimeira.com.br\/news\/wp-json\/wp\/v2\/types\/post"}],"author":[{"embeddable":true,"href":"https:\/\/guialimeira.com.br\/news\/wp-json\/wp\/v2\/users\/1"}],"replies":[{"embeddable":true,"href":"https:\/\/guialimeira.com.br\/news\/wp-json\/wp\/v2\/comments?post=38146"}],"version-history":[{"count":0,"href":"https:\/\/guialimeira.com.br\/news\/wp-json\/wp\/v2\/posts\/38146\/revisions"}],"wp:featuredmedia":[{"embeddable":true,"href":"https:\/\/guialimeira.com.br\/news\/wp-json\/wp\/v2\/media\/38147"}],"wp:attachment":[{"href":"https:\/\/guialimeira.com.br\/news\/wp-json\/wp\/v2\/media?parent=38146"}],"wp:term":[{"taxonomy":"category","embeddable":true,"href":"https:\/\/guialimeira.com.br\/news\/wp-json\/wp\/v2\/categories?post=38146"},{"taxonomy":"post_tag","embeddable":true,"href":"https:\/\/guialimeira.com.br\/news\/wp-json\/wp\/v2\/tags?post=38146"}],"curies":[{"name":"wp","href":"https:\/\/api.w.org\/{rel}","templated":true}]}}