{"id":38136,"date":"2025-07-03T20:33:37","date_gmt":"2025-07-03T23:33:37","guid":{"rendered":"https:\/\/guialimeira.com.br\/2025\/07\/03\/ferias-no-sitio-tem-contacao-de-historias-no-sabado-no-armazem-8a-portal-do-municipio-de-piracicaba\/"},"modified":"2025-07-03T20:33:37","modified_gmt":"2025-07-03T23:33:37","slug":"ferias-no-sitio-tem-contacao-de-historias-no-sabado-no-armazem-8a-portal-do-municipio-de-piracicaba","status":"publish","type":"post","link":"https:\/\/guialimeira.com.br\/news\/ferias-no-sitio-tem-contacao-de-historias-no-sabado-no-armazem-8a-portal-do-municipio-de-piracicaba\/","title":{"rendered":"F\u00e9rias no S\u00edtio tem conta\u00e7\u00e3o de hist\u00f3rias no\u00a0s\u00e1bado, no Armaz\u00e9m 8A \u2013 Portal do Munic\u00edpio de Piracicaba"},"content":{"rendered":"<p> <br \/>\n<\/p>\n<div>\n<figure class=\"wp-block-image size-large\"><img data-recalc-dims=\"1\" data-lazyloaded=\"1\" data-placeholder-resp=\"769x1024\" fetchpriority=\"high\" decoding=\"async\" width=\"696\" height=\"927\" src=\"https:\/\/i0.wp.com\/piracicaba.sp.gov.br\/wp-content\/uploads\/2025\/07\/Armazem-8A-recebe-exposicoes-Ferias-no-Sitio-durante-o-mes-de-Julho-769x1024.jpg?resize=696%2C927&#038;ssl=1\" alt=\"A imagem mostra uma instala\u00e7\u00e3o art\u00edstica em um espa\u00e7o aparentemente de est\u00fadio ou galeria. H\u00e1 uma caixa preta que cont\u00e9m uma maquete de um pequeno palco de teatro com bonecos de papel representando uma cena animada e colorida. O palco \u00e9 decorado com s\u00edmbolos matem\u00e1ticos (+, \u00f7, \u00d7). Ao lado da caixa, h\u00e1 uma tela com uma pintura a \u00f3leo de uma menina com cabelo vermelho e uma roupa laranja, segurando uma boneca menor. O fundo mostra um ambiente simples, com prateleiras e janelas. O ch\u00e3o \u00e9 de concreto \u00e1spero. A ilumina\u00e7\u00e3o \u00e9 difusa, sem sombras fortes. A imagem sugere uma exposi\u00e7\u00e3o de arte infantil ou um trabalho de estudante.\" class=\"wp-image-107520\" srcset=\"https:\/\/piracicaba.sp.gov.br\/wp-content\/uploads\/2025\/07\/Armazem-8A-recebe-exposicoes-Ferias-no-Sitio-durante-o-mes-de-Julho-769x1024.jpg 769w, https:\/\/piracicaba.sp.gov.br\/wp-content\/uploads\/2025\/07\/Armazem-8A-recebe-exposicoes-Ferias-no-Sitio-durante-o-mes-de-Julho-225x300.jpg 225w, https:\/\/piracicaba.sp.gov.br\/wp-content\/uploads\/2025\/07\/Armazem-8A-recebe-exposicoes-Ferias-no-Sitio-durante-o-mes-de-Julho-768x1023.jpg 768w, https:\/\/piracicaba.sp.gov.br\/wp-content\/uploads\/2025\/07\/Armazem-8A-recebe-exposicoes-Ferias-no-Sitio-durante-o-mes-de-Julho-1153x1536.jpg 1153w, https:\/\/piracicaba.sp.gov.br\/wp-content\/uploads\/2025\/07\/Armazem-8A-recebe-exposicoes-Ferias-no-Sitio-durante-o-mes-de-Julho.jpg 1201w\" data-sizes=\"(max-width: 769px) 100vw, 769px\"\/><figcaption class=\"wp-element-caption\"><strong><em><sub>Armaz\u00e9m 8A recebe exposi\u00e7\u00f5es F\u00e9rias no S\u00edtio durante o m\u00eas de Julho<\/sub><\/em><\/strong><\/figcaption><\/figure>\n<p>A programa\u00e7\u00e3o especial F\u00e9rias no S\u00edtio, realizada pelo Sal\u00e3o Internacional de Humor de Piracicaba, promove neste s\u00e1bado, 05\/07, \u00e0s 15h, uma tarde de conta\u00e7\u00e3o de hist\u00f3rias com as artistas Carmelina Toledo Piza e Andrea Martins. A atividade \u00e9 gratuita, aberta a todos os p\u00fablicos, e acontece no Armaz\u00e9m 8A do Engenho Central.<\/p>\n<figure class=\"wp-block-image size-large\"><img data-recalc-dims=\"1\" loading=\"lazy\" data-lazyloaded=\"1\" data-placeholder-resp=\"769x1024\" decoding=\"async\" width=\"696\" height=\"927\" src=\"https:\/\/i0.wp.com\/piracicaba.sp.gov.br\/wp-content\/uploads\/2025\/07\/Visitantes-conhecem-as-obras-da-exposicao-Ferias-no-Sitio-769x1024.jpg?resize=696%2C927&#038;ssl=1\" alt=\"A imagem mostra duas crian\u00e7as e uma mulher adulta olhando para uma fotografia em preto e branco exposta em um painel preto. As crian\u00e7as est\u00e3o vestindo camisetas verde-\u00e1gua e cal\u00e7as escuras. A mulher est\u00e1 vestindo uma camiseta branca. O painel est\u00e1 em um quarto com prateleiras brancas e uma janela com venezianas. H\u00e1 tamb\u00e9m outras pinturas na parede. A atmosfera \u00e9 calma e observadora. A fotografia no painel parece mostrar um grupo de pessoas, provavelmente crian\u00e7as, em roupas de \u00e9poca. As crian\u00e7as na imagem atual parecem estar interessadas na fotografia. A imagem transmite uma sensa\u00e7\u00e3o de educa\u00e7\u00e3o ou visita a um museu ou galeria de arte.\" class=\"wp-image-107521\" srcset=\"https:\/\/piracicaba.sp.gov.br\/wp-content\/uploads\/2025\/07\/Visitantes-conhecem-as-obras-da-exposicao-Ferias-no-Sitio-769x1024.jpg 769w, https:\/\/piracicaba.sp.gov.br\/wp-content\/uploads\/2025\/07\/Visitantes-conhecem-as-obras-da-exposicao-Ferias-no-Sitio-225x300.jpg 225w, https:\/\/piracicaba.sp.gov.br\/wp-content\/uploads\/2025\/07\/Visitantes-conhecem-as-obras-da-exposicao-Ferias-no-Sitio-768x1023.jpg 768w, https:\/\/piracicaba.sp.gov.br\/wp-content\/uploads\/2025\/07\/Visitantes-conhecem-as-obras-da-exposicao-Ferias-no-Sitio.jpg 961w\" data-sizes=\"(max-width: 769px) 100vw, 769px\"\/><figcaption class=\"wp-element-caption\"><strong><em><sub>Visitantes conhecem as obras da exposi\u00e7\u00e3o F\u00e9rias no S\u00edtio<\/sub><\/em><\/strong><\/figcaption><\/figure>\n<p>Com poesia, m\u00fasica e tradi\u00e7\u00e3o oral, as apresenta\u00e7\u00f5es re\u00fanem narrativas que misturam folclore, sabedoria popular e afeto, criando um ambiente acolhedor para crian\u00e7as e adultos. A a\u00e7\u00e3o integra as atividades paralelas da mostra F\u00e9rias no S\u00edtio, em cartaz no mesmo espa\u00e7o, que inclui exposi\u00e7\u00f5es, filmes e oficinas inspiradas no universo do S\u00edtio do Picapau Amarelo.<\/p>\n<p>Carmelina Toledo Piza \u00e9 contadora de hist\u00f3rias e autora de livros voltados \u00e0 literatura oral e \u00e0 cultura popular. Atua como formadora de contadores desde 1992. \u201cVisitar o universo do S\u00edtio do Picapau Amarelo \u00e9 como mergulhar em um lugar onde vivem muitas hist\u00f3rias, algumas conhecidas, outras reinventadas e muitas ainda por contar. Nesta apresenta\u00e7\u00e3o, o p\u00fablico encontrar\u00e1 personagens marcantes, como a on\u00e7a, o gato e Jo\u00e3o, em narrativas que resgatam a cultura popular com leveza, imagina\u00e7\u00e3o e afeto\u201d, afirma.<\/p>\n<figure class=\"wp-block-image size-large\"><img data-recalc-dims=\"1\" loading=\"lazy\" data-lazyloaded=\"1\" data-placeholder-resp=\"768x1024\" decoding=\"async\" width=\"696\" height=\"928\" src=\"https:\/\/i0.wp.com\/piracicaba.sp.gov.br\/wp-content\/uploads\/2025\/07\/A-contacao-de-historias-sera-realizada-pela-escritora-Carmelinda-Tolelo-Piza-768x1024.jpg?resize=696%2C928&#038;ssl=1\" alt=\"A imagem mostra uma mulher de meia-idade com cabelo grisalho curto e \u00f3culos de arma\u00e7\u00e3o verde. Ela est\u00e1 vestindo um vestido sem mangas de cor marrom-acinzentado com um padr\u00e3o irregular. Ela est\u00e1 sorrindo para a c\u00e2mera e segurando um cart\u00e3o em forma de cora\u00e7\u00e3o com uma imagem colorida. O cart\u00e3o parece ser um convite ou um cart\u00e3o de visita, com texto vis\u00edvel em portugu\u00eas. Atr\u00e1s dela, h\u00e1 uma porta de madeira e uma moldura com uma obra de arte colorida, que parece ser uma pintura ou uma colagem. A obra de arte mostra uma imagem abstrata com tons past\u00e9is e formas org\u00e2nicas. A mulher parece estar em um ambiente interno, possivelmente uma galeria de arte ou um est\u00fadio. A ilumina\u00e7\u00e3o \u00e9 suave e natural, real\u00e7ando as cores da imagem e do cart\u00e3o. A cena transmite uma sensa\u00e7\u00e3o de calma e criatividade. O foco principal \u00e9 a mulher e o cart\u00e3o que ela est\u00e1 segurando. A imagem de fundo \u00e9 ligeiramente desfocada, o que chama mais aten\u00e7\u00e3o para o primeiro plano.\" class=\"wp-image-107522\" srcset=\"https:\/\/piracicaba.sp.gov.br\/wp-content\/uploads\/2025\/07\/A-contacao-de-historias-sera-realizada-pela-escritora-Carmelinda-Tolelo-Piza-768x1024.jpg 768w, https:\/\/piracicaba.sp.gov.br\/wp-content\/uploads\/2025\/07\/A-contacao-de-historias-sera-realizada-pela-escritora-Carmelinda-Tolelo-Piza-225x300.jpg 225w, https:\/\/piracicaba.sp.gov.br\/wp-content\/uploads\/2025\/07\/A-contacao-de-historias-sera-realizada-pela-escritora-Carmelinda-Tolelo-Piza.jpg 1024w\" data-sizes=\"(max-width: 768px) 100vw, 768px\"\/><figcaption class=\"wp-element-caption\"><strong><em><sub>A conta\u00e7\u00e3o de hist\u00f3rias ser\u00e1 realizada pela escritora Carmelinda Tolelo Piza<\/sub><\/em><\/strong><\/figcaption><\/figure>\n<p>Acompanhando a conta\u00e7\u00e3o, Andrea Martins, cantora, musicista e musicoterapeuta, apresenta cantigas e ambienta\u00e7\u00f5es sonoras ao vivo, refor\u00e7ando o tom l\u00fadico e sensorial da experi\u00eancia. Com trajet\u00f3ria dedicada \u00e0 cultura popular, \u00e0 educa\u00e7\u00e3o musical e \u00e0 voz como instrumento de afeto, D\u00e9h Martins, como \u00e9 conhecida, transforma cada hist\u00f3ria em um momento de escuta e conex\u00e3o.<\/p>\n<p><strong>SERVI\u00c7O \u2013\u00a0<\/strong><strong>Conta\u00e7\u00e3o de Hist\u00f3rias F\u00e9rias no S\u00edtio.\u00a0<\/strong>\u00a0No Armaz\u00e9m 8A do Engenho Central (avenida Dr. Maurice Allain, 454 \u2013 Parque do Engenho Central).\u00a0\u00a0<strong>S\u00e1bado, 05\/07<\/strong>, \u00e0s 15h. Entrada gratuita.\u00a0 Informa\u00e7\u00f5es: (19) 3403\u20112620.<\/p>\n<figure class=\"wp-block-image size-full\"><img data-recalc-dims=\"1\" loading=\"lazy\" data-lazyloaded=\"1\" data-placeholder-resp=\"626x632\" decoding=\"async\" width=\"626\" height=\"632\" src=\"https:\/\/i0.wp.com\/piracicaba.sp.gov.br\/wp-content\/uploads\/2025\/07\/Convite-Ferias-no-Sitio.jpg?resize=626%2C632&#038;ssl=1\" alt=\"A imagem \u00e9 um an\u00fancio para um evento chamado &quot;F\u00e9rias no S\u00edtio&quot;, que acontecer\u00e1 no s\u00e1bado, dia 05 de julho, \u00e0s 15h, no Armaz\u00e9m 8A do Engenho Central. O evento \u00e9 gratuito e contar\u00e1 com conta\u00e7\u00e3o de hist\u00f3rias por Carmelina T. Piza e D\u00e9h Martins. O an\u00fancio apresenta fotos de ambas as contadoras de hist\u00f3rias, Carmelina e D\u00e9h, em c\u00edrculos separados. Carmelina est\u00e1 segurando um livro, enquanto D\u00e9h est\u00e1 usando um turbante amarelo. A imagem tamb\u00e9m inclui um desenho de uma casa de fazenda em um cen\u00e1rio buc\u00f3lico e os logotipos do Sal\u00e3o Internacional de Humor de Piracicaba e da Prefeitura de Piracicaba, indicando a realiza\u00e7\u00e3o do evento. O texto \u00e9 claro e f\u00e1cil de ler, com destaque para o nome do evento e as informa\u00e7\u00f5es principais, como data, hora e local. A paleta de cores \u00e9 alegre e vibrante, com tons verdes, amarelos e vermelhos, que remetem a um ambiente rural e festivo. No geral, o an\u00fancio \u00e9 bem organizado e atraente, transmitindo a mensagem de forma eficaz.\" class=\"wp-image-107523\" srcset=\"https:\/\/piracicaba.sp.gov.br\/wp-content\/uploads\/2025\/07\/Convite-Ferias-no-Sitio.jpg 626w, https:\/\/piracicaba.sp.gov.br\/wp-content\/uploads\/2025\/07\/Convite-Ferias-no-Sitio-297x300.jpg 297w, https:\/\/piracicaba.sp.gov.br\/wp-content\/uploads\/2025\/07\/Convite-Ferias-no-Sitio-150x150.jpg 150w\" data-sizes=\"(max-width: 626px) 100vw, 626px\"\/><figcaption class=\"wp-element-caption\"><strong><em><sub>Convite F\u00e9rias no S\u00edtio<\/sub><\/em><\/strong><\/figcaption><\/figure>\n<\/div>\n<p><br \/>\n<br \/><a href=\"https:\/\/piracicaba.sp.gov.br\/noticias\/ferias-no-sitio-tem-contacao-de-historias-no-sabado-no-armazem-8a\/\" rel=\"noopener\">Informa\u00e7\u00f5es PMP <\/a><\/p>\n","protected":false},"excerpt":{"rendered":"<p>Armaz\u00e9m 8A recebe exposi\u00e7\u00f5es F\u00e9rias no S\u00edtio durante o m\u00eas de Julho A programa\u00e7\u00e3o especial F\u00e9rias no S\u00edtio, realizada pelo Sal\u00e3o Internacional de Humor de Piracicaba, promove neste s\u00e1bado, 05\/07, \u00e0s 15h, uma tarde de conta\u00e7\u00e3o de hist\u00f3rias com as artistas Carmelina Toledo Piza e Andrea Martins. A atividade \u00e9 gratuita, aberta a todos os [&hellip;]<\/p>\n","protected":false},"author":1,"featured_media":38137,"comment_status":"open","ping_status":"open","sticky":false,"template":"","format":"standard","meta":{"_jetpack_newsletter_access":"","_jetpack_dont_email_post_to_subs":false,"_jetpack_newsletter_tier_id":0,"_jetpack_memberships_contains_paywalled_content":false,"_mbp_banners":[],"_jetpack_feature_clip_id":0,"_jetpack_memberships_contains_paid_content":false,"footnotes":"","jetpack_publicize_message":"","jetpack_publicize_feature_enabled":true,"jetpack_social_post_already_shared":true,"jetpack_social_options":{"image_generator_settings":{"template":"highway","default_image_id":0,"font":"","enabled":false},"version":2},"jetpack_post_was_ever_published":false},"categories":[20],"tags":[],"class_list":["post-38136","post","type-post","status-publish","format-standard","has-post-thumbnail","category-regiao"],"jetpack_publicize_connections":[],"jetpack-related-posts":[],"jetpack_shortlink":"https:\/\/wp.me\/p7Eq1F-9V6","jetpack_sharing_enabled":true,"jetpack_featured_media_url":"https:\/\/i0.wp.com\/guialimeira.com.br\/news\/wp-content\/uploads\/2025\/07\/Armazem-8A-recebe-exposicoes-Ferias-no-Sitio-durante-o-mes-de-Julho-769x1024.jpg?fit=769%2C1024&ssl=1","_links":{"self":[{"href":"https:\/\/guialimeira.com.br\/news\/wp-json\/wp\/v2\/posts\/38136","targetHints":{"allow":["GET"]}}],"collection":[{"href":"https:\/\/guialimeira.com.br\/news\/wp-json\/wp\/v2\/posts"}],"about":[{"href":"https:\/\/guialimeira.com.br\/news\/wp-json\/wp\/v2\/types\/post"}],"author":[{"embeddable":true,"href":"https:\/\/guialimeira.com.br\/news\/wp-json\/wp\/v2\/users\/1"}],"replies":[{"embeddable":true,"href":"https:\/\/guialimeira.com.br\/news\/wp-json\/wp\/v2\/comments?post=38136"}],"version-history":[{"count":0,"href":"https:\/\/guialimeira.com.br\/news\/wp-json\/wp\/v2\/posts\/38136\/revisions"}],"wp:featuredmedia":[{"embeddable":true,"href":"https:\/\/guialimeira.com.br\/news\/wp-json\/wp\/v2\/media\/38137"}],"wp:attachment":[{"href":"https:\/\/guialimeira.com.br\/news\/wp-json\/wp\/v2\/media?parent=38136"}],"wp:term":[{"taxonomy":"category","embeddable":true,"href":"https:\/\/guialimeira.com.br\/news\/wp-json\/wp\/v2\/categories?post=38136"},{"taxonomy":"post_tag","embeddable":true,"href":"https:\/\/guialimeira.com.br\/news\/wp-json\/wp\/v2\/tags?post=38136"}],"curies":[{"name":"wp","href":"https:\/\/api.w.org\/{rel}","templated":true}]}}