{"id":38123,"date":"2025-07-03T18:31:40","date_gmt":"2025-07-03T21:31:40","guid":{"rendered":"https:\/\/guialimeira.com.br\/2025\/07\/03\/congresso-do-orcamento-participativo-2025-sera-no-sabado-05-07-portal-do-municipio-de-piracicaba\/"},"modified":"2025-07-03T18:31:40","modified_gmt":"2025-07-03T21:31:40","slug":"congresso-do-orcamento-participativo-2025-sera-no-sabado-05-07-portal-do-municipio-de-piracicaba","status":"publish","type":"post","link":"https:\/\/guialimeira.com.br\/news\/congresso-do-orcamento-participativo-2025-sera-no-sabado-05-07-portal-do-municipio-de-piracicaba\/","title":{"rendered":"Congresso do Or\u00e7amento Participativo 2025 ser\u00e1 no s\u00e1bado, 05\/07 \u2013 Portal do Munic\u00edpio de Piracicaba"},"content":{"rendered":"<p> <br \/>\n<\/p>\n<div>\n<figure class=\"wp-block-image size-large\"><img data-recalc-dims=\"1\" fetchpriority=\"high\" decoding=\"async\" width=\"696\" height=\"392\" src=\"https:\/\/i0.wp.com\/piracicaba.sp.gov.br\/wp-content\/uploads\/2025\/07\/Depois-de-realizar-plenarias-em-todas-as-regioes-da-cidade-neste-sabado-ocorre-o-Congresso-do-OP-1024x576.jpg?resize=696%2C392&#038;ssl=1\" alt=\"A imagem mostra uma grande reuni\u00e3o de pessoas em um sal\u00e3o amplo. As pessoas est\u00e3o em p\u00e9, em v\u00e1rias fileiras, e parecem estar participando de um evento ou reuni\u00e3o. H\u00e1 um banner vis\u00edvel com a inscri\u00e7\u00e3o &quot;Plen\u00e1ria do Or\u00e7amento Participativo&quot;, indicando que o evento trata de um processo de or\u00e7amento participativo. As pessoas na foto s\u00e3o diversas em termos de idade, g\u00eanero e etnia, sugerindo um grupo representativo da comunidade. A atmosfera parece ser formal, mas tamb\u00e9m acolhedora e participativa. O local parece ser uma estrutura simples, possivelmente uma escola ou centro comunit\u00e1rio. A imagem transmite uma sensa\u00e7\u00e3o de comunidade e engajamento c\u00edvico, com muitas pessoas presentes e atentas ao evento. A presen\u00e7a do banner refor\u00e7a a ideia de um processo democr\u00e1tico e inclusivo de tomada de decis\u00e3o.\" class=\"wp-image-107539\" srcset=\"https:\/\/piracicaba.sp.gov.br\/wp-content\/uploads\/2025\/07\/Depois-de-realizar-plenarias-em-todas-as-regioes-da-cidade-neste-sabado-ocorre-o-Congresso-do-OP-1024x576.jpg 1024w, https:\/\/piracicaba.sp.gov.br\/wp-content\/uploads\/2025\/07\/Depois-de-realizar-plenarias-em-todas-as-regioes-da-cidade-neste-sabado-ocorre-o-Congresso-do-OP-300x169.jpg 300w, https:\/\/piracicaba.sp.gov.br\/wp-content\/uploads\/2025\/07\/Depois-de-realizar-plenarias-em-todas-as-regioes-da-cidade-neste-sabado-ocorre-o-Congresso-do-OP-768x432.jpg 768w, https:\/\/piracicaba.sp.gov.br\/wp-content\/uploads\/2025\/07\/Depois-de-realizar-plenarias-em-todas-as-regioes-da-cidade-neste-sabado-ocorre-o-Congresso-do-OP-1536x864.jpg 1536w, https:\/\/piracicaba.sp.gov.br\/wp-content\/uploads\/2025\/07\/Depois-de-realizar-plenarias-em-todas-as-regioes-da-cidade-neste-sabado-ocorre-o-Congresso-do-OP.jpg 1600w\" sizes=\"(max-width: 1024px) 100vw, 1024px\"\/><figcaption class=\"wp-element-caption\"><strong><em><sub>Depois de realizar plen\u00e1rias em todas as regi\u00f5es da cidade, neste s\u00e1bado ocorre o Congresso do OP<\/sub><\/em><\/strong><\/figcaption><\/figure>\n<p>A Prefeitura de Piracicaba, por meio da Secretaria Municipal de Cidadania e Parcerias, com apoio da Secretaria Municipal de Finan\u00e7as, realiza neste s\u00e1bado, 05\/07, o Congresso Municipal do Or\u00e7amento Participativo 2025. O evento acontece a partir das 8h30, no Centro de Capacita\u00e7\u00e3o dos Professores (antiga Pinacoteca), localizado na rua Moraes Barros, 233 \u2013 Centro.<\/p>\n<p>O Congresso representa o momento de consolida\u00e7\u00e3o do ciclo 2025 do Or\u00e7amento Participativo, reunindo os delegados eleitos nas plen\u00e1rias territoriais, representantes da sociedade civil, gestores p\u00fablicos e autoridades municipais. O evento \u00e9 aberto a toda a popula\u00e7\u00e3o, com participa\u00e7\u00e3o livre do p\u00fablico interessado. No entanto, as vota\u00e7\u00f5es e delibera\u00e7\u00f5es oficiais s\u00e3o reservadas exclusivamente aos delegados eleitos nas plen\u00e1rias. Durante o encontro, ser\u00e1 apresentada a devolutiva das propostas priorizadas nas regi\u00f5es Leste, Oeste, Sul, Norte, Rural e Centro, al\u00e9m da elei\u00e7\u00e3o do novo Conselho Municipal do Or\u00e7amento Participativo (Comop).<\/p>\n<figure class=\"wp-block-image size-full\"><img data-recalc-dims=\"1\" loading=\"lazy\" decoding=\"async\" width=\"696\" height=\"609\" src=\"https:\/\/i0.wp.com\/piracicaba.sp.gov.br\/wp-content\/uploads\/2025\/07\/O-Congresso-representa-o-momento-de-consolidacao-do-ciclo-2025-do-Orcamento-Participativo-reunindo-os-delegados-eleitos-nas-plenarias-territoriais.jpg?resize=696%2C609&#038;ssl=1\" alt=\"A imagem mostra uma sala de aula ou audit\u00f3rio com um grande n\u00famero de pessoas sentadas em cadeiras dispostas em filas. H\u00e1 um palestrante na frente da sala, que parece estar dando uma apresenta\u00e7\u00e3o. As pessoas na plateia parecem estar prestando aten\u00e7\u00e3o ao palestrante. Na parede, h\u00e1 uma tela de proje\u00e7\u00e3o mostrando um slide com texto e imagens. A sala \u00e9 bem iluminada e organizada. As pessoas est\u00e3o vestidas de forma casual. H\u00e1 uma atmosfera de aten\u00e7\u00e3o e participa\u00e7\u00e3o na apresenta\u00e7\u00e3o. A imagem parece ter sido tirada durante uma apresenta\u00e7\u00e3o ou palestra.\" class=\"wp-image-107540\" srcset=\"https:\/\/piracicaba.sp.gov.br\/wp-content\/uploads\/2025\/07\/O-Congresso-representa-o-momento-de-consolidacao-do-ciclo-2025-do-Orcamento-Participativo-reunindo-os-delegados-eleitos-nas-plenarias-territoriais.jpg 900w, https:\/\/piracicaba.sp.gov.br\/wp-content\/uploads\/2025\/07\/O-Congresso-representa-o-momento-de-consolidacao-do-ciclo-2025-do-Orcamento-Participativo-reunindo-os-delegados-eleitos-nas-plenarias-territoriais-300x262.jpg 300w, https:\/\/piracicaba.sp.gov.br\/wp-content\/uploads\/2025\/07\/O-Congresso-representa-o-momento-de-consolidacao-do-ciclo-2025-do-Orcamento-Participativo-reunindo-os-delegados-eleitos-nas-plenarias-territoriais-768x672.jpg 768w\" sizes=\"auto, (max-width: 900px) 100vw, 900px\"\/><figcaption class=\"wp-element-caption\"><strong><em><sub>O Congresso representa o momento de consolida\u00e7\u00e3o do ciclo 2025 do Or\u00e7amento Participativo, reunindo os delegados eleitos nas plen\u00e1rias territoriais.<\/sub><\/em><\/strong><\/figcaption><\/figure>\n<p>O Comop tem como miss\u00e3o acompanhar e fiscalizar a implementa\u00e7\u00e3o das propostas aprovadas pela popula\u00e7\u00e3o, al\u00e9m de fortalecer o di\u00e1logo entre os moradores e a administra\u00e7\u00e3o p\u00fablica. Com representantes de todas as regi\u00f5es da cidade, o conselho \u00e9 um espa\u00e7o permanente de participa\u00e7\u00e3o popular, promovendo o controle social e a constru\u00e7\u00e3o coletiva de pol\u00edticas p\u00fablicas.<\/p>\n<p>De acordo com o secret\u00e1rio-executivo de Cidadania e Parcerias, Adriano Camargo, que acompanhou todas as plen\u00e1rias do OP, o congresso \u00e9 ponto mais alto de um processo comprometido com a escuta e o respeito \u00e0s demandas reais da popula\u00e7\u00e3o.<br \/>\u201cO Congresso \u00e9 o momento em que todas as vozes ouvidas durante as plen\u00e1rias se unem. \u00c9 ali que se define, de forma coletiva, o que cada regi\u00e3o considera prioridade. A presen\u00e7a dos delegados e da popula\u00e7\u00e3o mostra a for\u00e7a do Or\u00e7amento Participativo como instrumento de di\u00e1logo e decis\u00e3o\u201d, afirmou.<\/p>\n<p>Al\u00e9m da elei\u00e7\u00e3o dos novos conselheiros e conselheiras, o congresso tamb\u00e9m promover\u00e1 reflex\u00f5es sobre os avan\u00e7os e desafios da participa\u00e7\u00e3o popular em Piracicaba. A expectativa \u00e9 reunir moradores de todas as regi\u00f5es da cidade, refor\u00e7ando o compromisso da Prefeitura com a cidadania ativa, a transpar\u00eancia e o fortalecimento da gest\u00e3o democr\u00e1tica.<\/p>\n<p><strong>SERVI\u00c7O \u2013\u00a0<\/strong><strong>Congresso Municipal do Or\u00e7amento Participativo 2025.\u00a0<\/strong>No Centro de Capacita\u00e7\u00e3o dos Professores (rua Moraes Barros, 233 \u2013 Centro). S\u00e1bado, 05\/07, a partir das 8h30. Participa\u00e7\u00e3o aberta \u00e0 popula\u00e7\u00e3o. Informa\u00e7\u00f5es pelo e-mail\u00a0<a href=\"https:\/\/piracicaba.sp.gov.br\/mailto:cidadania@piracicaba.sp.gov.br\" rel=\"noopener\">cidadania@piracicaba.sp.gov.br<\/a>.<\/p>\n<\/p><\/div>\n<p><br \/>\n<br \/><a href=\"https:\/\/piracicaba.sp.gov.br\/noticias\/congresso-do-orcamento-participativo-2025-sera-no-sabado-05-07\/\" rel=\"noopener\">Informa\u00e7\u00f5es PMP <\/a><\/p>\n","protected":false},"excerpt":{"rendered":"<p>Depois de realizar plen\u00e1rias em todas as regi\u00f5es da cidade, neste s\u00e1bado ocorre o Congresso do OP A Prefeitura de Piracicaba, por meio da Secretaria Municipal de Cidadania e Parcerias, com apoio da Secretaria Municipal de Finan\u00e7as, realiza neste s\u00e1bado, 05\/07, o Congresso Municipal do Or\u00e7amento Participativo 2025. O evento acontece a partir das 8h30, [&hellip;]<\/p>\n","protected":false},"author":1,"featured_media":38124,"comment_status":"open","ping_status":"open","sticky":false,"template":"","format":"standard","meta":{"_jetpack_newsletter_access":"","_jetpack_dont_email_post_to_subs":false,"_jetpack_newsletter_tier_id":0,"_jetpack_memberships_contains_paywalled_content":false,"_mbp_banners":[],"_jetpack_feature_clip_id":0,"_jetpack_memberships_contains_paid_content":false,"footnotes":"","jetpack_publicize_message":"","jetpack_publicize_feature_enabled":true,"jetpack_social_post_already_shared":true,"jetpack_social_options":{"image_generator_settings":{"template":"highway","default_image_id":0,"font":"","enabled":false},"version":2},"jetpack_post_was_ever_published":false},"categories":[20],"tags":[],"class_list":["post-38123","post","type-post","status-publish","format-standard","has-post-thumbnail","category-regiao"],"jetpack_publicize_connections":[],"jetpack-related-posts":[],"jetpack_shortlink":"https:\/\/wp.me\/p7Eq1F-9UT","jetpack_sharing_enabled":true,"jetpack_featured_media_url":"https:\/\/i0.wp.com\/guialimeira.com.br\/news\/wp-content\/uploads\/2025\/07\/Depois-de-realizar-plenarias-em-todas-as-regioes-da-cidade-neste-sabado-ocorre-o-Congresso-do-OP-102.jpeg?fit=1024%2C576&ssl=1","_links":{"self":[{"href":"https:\/\/guialimeira.com.br\/news\/wp-json\/wp\/v2\/posts\/38123","targetHints":{"allow":["GET"]}}],"collection":[{"href":"https:\/\/guialimeira.com.br\/news\/wp-json\/wp\/v2\/posts"}],"about":[{"href":"https:\/\/guialimeira.com.br\/news\/wp-json\/wp\/v2\/types\/post"}],"author":[{"embeddable":true,"href":"https:\/\/guialimeira.com.br\/news\/wp-json\/wp\/v2\/users\/1"}],"replies":[{"embeddable":true,"href":"https:\/\/guialimeira.com.br\/news\/wp-json\/wp\/v2\/comments?post=38123"}],"version-history":[{"count":0,"href":"https:\/\/guialimeira.com.br\/news\/wp-json\/wp\/v2\/posts\/38123\/revisions"}],"wp:featuredmedia":[{"embeddable":true,"href":"https:\/\/guialimeira.com.br\/news\/wp-json\/wp\/v2\/media\/38124"}],"wp:attachment":[{"href":"https:\/\/guialimeira.com.br\/news\/wp-json\/wp\/v2\/media?parent=38123"}],"wp:term":[{"taxonomy":"category","embeddable":true,"href":"https:\/\/guialimeira.com.br\/news\/wp-json\/wp\/v2\/categories?post=38123"},{"taxonomy":"post_tag","embeddable":true,"href":"https:\/\/guialimeira.com.br\/news\/wp-json\/wp\/v2\/tags?post=38123"}],"curies":[{"name":"wp","href":"https:\/\/api.w.org\/{rel}","templated":true}]}}