{"id":38116,"date":"2025-07-03T17:30:41","date_gmt":"2025-07-03T20:30:41","guid":{"rendered":"https:\/\/guialimeira.com.br\/2025\/07\/03\/piracicaba-registra-aumento-de-71-nas-destinacoes-do-ir-para-os-fundos-municipais-portal-do-municipio-de-piracicaba\/"},"modified":"2025-07-03T17:30:41","modified_gmt":"2025-07-03T20:30:41","slug":"piracicaba-registra-aumento-de-71-nas-destinacoes-do-ir-para-os-fundos-municipais-portal-do-municipio-de-piracicaba","status":"publish","type":"post","link":"https:\/\/guialimeira.com.br\/news\/piracicaba-registra-aumento-de-71-nas-destinacoes-do-ir-para-os-fundos-municipais-portal-do-municipio-de-piracicaba\/","title":{"rendered":"Piracicaba registra aumento de 71% nas destina\u00e7\u00f5es do IR para os fundos municipais \u2013 Portal do Munic\u00edpio de Piracicaba"},"content":{"rendered":"<p> <br \/>\n<\/p>\n<div>\n<figure class=\"wp-block-image size-large\"><img data-recalc-dims=\"1\" data-lazyloaded=\"1\" data-placeholder-resp=\"1024x768\" fetchpriority=\"high\" decoding=\"async\" width=\"696\" height=\"522\" src=\"https:\/\/i0.wp.com\/piracicaba.sp.gov.br\/wp-content\/uploads\/2025\/07\/Do-total-arrecadado-na-campanha-neste-ano-449-foi-destinado-ao-fundo-da-pessoa-idosa-1024x768.jpg?resize=696%2C522&#038;ssl=1\" alt=\"A imagem mostra um grupo de mulheres idosas sentadas em cadeiras em uma sala com paredes azuis. Elas parecem estar participando de um ensaio ou atividade musical, pois algumas est\u00e3o segurando partituras e instrumentos musicais como pandeiro e maracas. As mulheres est\u00e3o vestidas de forma casual, com roupas confort\u00e1veis e de cores variadas. O ambiente parece ser simples e informal, possivelmente um centro comunit\u00e1rio ou sala de aula. A express\u00e3o facial das mulheres sugere concentra\u00e7\u00e3o e envolvimento na atividade. A foto \u00e9 bem iluminada e n\u00edtida, permitindo uma boa visualiza\u00e7\u00e3o dos detalhes.\" class=\"wp-image-107548\" srcset=\"https:\/\/piracicaba.sp.gov.br\/wp-content\/uploads\/2025\/07\/Do-total-arrecadado-na-campanha-neste-ano-449-foi-destinado-ao-fundo-da-pessoa-idosa-1024x768.jpg 1024w, https:\/\/piracicaba.sp.gov.br\/wp-content\/uploads\/2025\/07\/Do-total-arrecadado-na-campanha-neste-ano-449-foi-destinado-ao-fundo-da-pessoa-idosa-300x225.jpg 300w, https:\/\/piracicaba.sp.gov.br\/wp-content\/uploads\/2025\/07\/Do-total-arrecadado-na-campanha-neste-ano-449-foi-destinado-ao-fundo-da-pessoa-idosa-768x576.jpg 768w, https:\/\/piracicaba.sp.gov.br\/wp-content\/uploads\/2025\/07\/Do-total-arrecadado-na-campanha-neste-ano-449-foi-destinado-ao-fundo-da-pessoa-idosa-1536x1152.jpg 1536w, https:\/\/piracicaba.sp.gov.br\/wp-content\/uploads\/2025\/07\/Do-total-arrecadado-na-campanha-neste-ano-449-foi-destinado-ao-fundo-da-pessoa-idosa.jpg 1600w\" data-sizes=\"(max-width: 1024px) 100vw, 1024px\"\/><figcaption class=\"wp-element-caption\"><strong><em><sub>Do total arrecadado na campanha neste ano, 44,9% foi destinado ao fundo da pessoa idosa<\/sub><\/em><\/strong><\/figcaption><\/figure>\n<p>A campanha Declare o Bem, que incentiva a destina\u00e7\u00e3o de parte do Imposto de Renda para os fundos municipais da crian\u00e7a e do adolescente (CMDCA) e da pessoa idosa (CMI), registrou em Piracicaba um aumento expressivo de 71% no valor arrecadado em 2025, em compara\u00e7\u00e3o com o ano anterior.<\/p>\n<p>Foram destinados R$ 1.356.081,93 por 909 doadores. Em 2024, a arrecada\u00e7\u00e3o havia sido de R$ 794.503,84 com a participa\u00e7\u00e3o de 580 contribuintes. Isso representa tamb\u00e9m um crescimento de 57% no n\u00famero de doadores. Do total arrecadado neste ano, 55,1% foi destinado ao fundo da crian\u00e7a e do adolescente, enquanto 44,9% ao fundo da pessoa idosa.<\/p>\n<p>A campanha \u00e9 realizada pelo Fundo Social de Solidariedade, em parceria com a Receita Federal, Sindicato dos Contabilistas, Sicoob Cocre, R\u00e1pido Sumar\u00e9 Transportes, al\u00e9m do CMDCA e do CMI. O prazo final para as destina\u00e7\u00f5es foi o dia 30 de maio.<\/p>\n<figure class=\"wp-block-image size-large\"><img data-recalc-dims=\"1\" loading=\"lazy\" data-lazyloaded=\"1\" data-placeholder-resp=\"1024x768\" decoding=\"async\" width=\"696\" height=\"522\" src=\"https:\/\/i0.wp.com\/piracicaba.sp.gov.br\/wp-content\/uploads\/2025\/07\/O-Fundo-Social-de-Solidariedade-e-a-Receita-Federal-realizaram-em-marco-a-palestra-Transforme-seu-Imposto-de-Renda-em-Solidariedade-no-anfiteatro-do-Pecege-1024x768.jpg?resize=696%2C522&#038;ssl=1\" alt=\"A imagem mostra uma apresenta\u00e7\u00e3o em um audit\u00f3rio, com tr\u00eas palestrantes sentados em cadeiras na frente de uma tela. A tela exibe o t\u00edtulo &quot;Em Solidariedade&quot;, juntamente com os logotipos de diversas organiza\u00e7\u00f5es envolvidas no evento, incluindo a Receita Federal, SINCOP, OMIE, Sicredi, e a Universidade Anhembi Morumbi. H\u00e1 tamb\u00e9m imagens de pessoas, sugerindo um tema relacionado a a\u00e7\u00f5es sociais ou filantropia. Os palestrantes parecem estar envolvidos em uma discuss\u00e3o ou debate, e o ambiente \u00e9 formal, t\u00edpico de um evento corporativo ou acad\u00eamico.\" class=\"wp-image-107549\" srcset=\"https:\/\/piracicaba.sp.gov.br\/wp-content\/uploads\/2025\/07\/O-Fundo-Social-de-Solidariedade-e-a-Receita-Federal-realizaram-em-marco-a-palestra-Transforme-seu-Imposto-de-Renda-em-Solidariedade-no-anfiteatro-do-Pecege-1024x768.jpg 1024w, https:\/\/piracicaba.sp.gov.br\/wp-content\/uploads\/2025\/07\/O-Fundo-Social-de-Solidariedade-e-a-Receita-Federal-realizaram-em-marco-a-palestra-Transforme-seu-Imposto-de-Renda-em-Solidariedade-no-anfiteatro-do-Pecege-300x225.jpg 300w, https:\/\/piracicaba.sp.gov.br\/wp-content\/uploads\/2025\/07\/O-Fundo-Social-de-Solidariedade-e-a-Receita-Federal-realizaram-em-marco-a-palestra-Transforme-seu-Imposto-de-Renda-em-Solidariedade-no-anfiteatro-do-Pecege-768x576.jpg 768w, https:\/\/piracicaba.sp.gov.br\/wp-content\/uploads\/2025\/07\/O-Fundo-Social-de-Solidariedade-e-a-Receita-Federal-realizaram-em-marco-a-palestra-Transforme-seu-Imposto-de-Renda-em-Solidariedade-no-anfiteatro-do-Pecege.jpg 1280w\" data-sizes=\"(max-width: 1024px) 100vw, 1024px\"\/><figcaption class=\"wp-element-caption\"><strong><sub>O Fundo Social de Solidariedade e a Receita Federal realizaram em mar\u00e7o a palestra Transforme seu Imposto de Renda em Solidariedade, no anfiteatro do Pecege<\/sub><\/strong><\/figcaption><\/figure>\n<p>A presidente do Fundo Social de Solidariedade e primeira-dama do munic\u00edpio, Valk\u00edria Callovi, comemorou os resultados da campanha. \u201cEsse crescimento \u00e9 fruto de um esfor\u00e7o conjunto: realizamos palestras, entrevistas e visitas para sensibilizar e orientar a popula\u00e7\u00e3o sobre como fazer a destina\u00e7\u00e3o, al\u00e9m de refor\u00e7ar a import\u00e2ncia dessa capta\u00e7\u00e3o de recursos e o trabalho s\u00e9rio realizado pelas entidades e conselhos municipais em prol dos mais vulner\u00e1veis da nossa cidade\u201d, destacou.<\/p>\n<p>Segundo dados da Receita Federal de Piracicaba, o potencial de doa\u00e7\u00e3o no munic\u00edpio \u00e9 superior a R$ 40 milh\u00f5es (R$ 40.769.506,04). No entanto, apenas 3,3% desse valor foi efetivamente destinado, com um alcance de 1,7% dos poss\u00edveis doadores. \u201cApesar do crescimento, os n\u00fameros mostram que ainda temos um grande caminho a percorrer na sensibiliza\u00e7\u00e3o dos contribuintes\u201d, afirmou o auditor fiscal da Receita Federal, Antonio Jos\u00e9 Furlan.<\/p>\n<p>O recurso arrecadado, que seria destinado ao Governo Federal, permanece em Piracicaba e ser\u00e1 aplicado em atividades assistenciais desenvolvidas por entidades locais, com a gest\u00e3o feita pelos conselhos municipais da crian\u00e7a e adolescente e da pessoa idosa.<\/p>\n<\/div>\n<p><br \/>\n<br \/><a href=\"https:\/\/piracicaba.sp.gov.br\/noticias\/declare-o-bem-piracicaba-registra-aumento-de-71-nas-destinacoes-do-ir-para-os-fundos-municipais\/\" rel=\"noopener\">Informa\u00e7\u00f5es PMP <\/a><\/p>\n","protected":false},"excerpt":{"rendered":"<p>Do total arrecadado na campanha neste ano, 44,9% foi destinado ao fundo da pessoa idosa A campanha Declare o Bem, que incentiva a destina\u00e7\u00e3o de parte do Imposto de Renda para os fundos municipais da crian\u00e7a e do adolescente (CMDCA) e da pessoa idosa (CMI), registrou em Piracicaba um aumento expressivo de 71% no valor [&hellip;]<\/p>\n","protected":false},"author":1,"featured_media":38117,"comment_status":"open","ping_status":"open","sticky":false,"template":"","format":"standard","meta":{"_jetpack_newsletter_access":"","_jetpack_dont_email_post_to_subs":false,"_jetpack_newsletter_tier_id":0,"_jetpack_memberships_contains_paywalled_content":false,"_mbp_banners":[],"_jetpack_feature_clip_id":0,"_jetpack_memberships_contains_paid_content":false,"footnotes":"","jetpack_publicize_message":"","jetpack_publicize_feature_enabled":true,"jetpack_social_post_already_shared":true,"jetpack_social_options":{"image_generator_settings":{"template":"highway","default_image_id":0,"font":"","enabled":false},"version":2},"jetpack_post_was_ever_published":false},"categories":[20],"tags":[],"class_list":["post-38116","post","type-post","status-publish","format-standard","has-post-thumbnail","category-regiao"],"jetpack_publicize_connections":[],"jetpack-related-posts":[],"jetpack_shortlink":"https:\/\/wp.me\/p7Eq1F-9UM","jetpack_sharing_enabled":true,"jetpack_featured_media_url":"https:\/\/i0.wp.com\/guialimeira.com.br\/news\/wp-content\/uploads\/2025\/07\/Do-total-arrecadado-na-campanha-neste-ano-449-foi-destinado-ao-fundo-da-pessoa-idosa-1024x768.jpg?fit=1024%2C768&ssl=1","_links":{"self":[{"href":"https:\/\/guialimeira.com.br\/news\/wp-json\/wp\/v2\/posts\/38116","targetHints":{"allow":["GET"]}}],"collection":[{"href":"https:\/\/guialimeira.com.br\/news\/wp-json\/wp\/v2\/posts"}],"about":[{"href":"https:\/\/guialimeira.com.br\/news\/wp-json\/wp\/v2\/types\/post"}],"author":[{"embeddable":true,"href":"https:\/\/guialimeira.com.br\/news\/wp-json\/wp\/v2\/users\/1"}],"replies":[{"embeddable":true,"href":"https:\/\/guialimeira.com.br\/news\/wp-json\/wp\/v2\/comments?post=38116"}],"version-history":[{"count":0,"href":"https:\/\/guialimeira.com.br\/news\/wp-json\/wp\/v2\/posts\/38116\/revisions"}],"wp:featuredmedia":[{"embeddable":true,"href":"https:\/\/guialimeira.com.br\/news\/wp-json\/wp\/v2\/media\/38117"}],"wp:attachment":[{"href":"https:\/\/guialimeira.com.br\/news\/wp-json\/wp\/v2\/media?parent=38116"}],"wp:term":[{"taxonomy":"category","embeddable":true,"href":"https:\/\/guialimeira.com.br\/news\/wp-json\/wp\/v2\/categories?post=38116"},{"taxonomy":"post_tag","embeddable":true,"href":"https:\/\/guialimeira.com.br\/news\/wp-json\/wp\/v2\/tags?post=38116"}],"curies":[{"name":"wp","href":"https:\/\/api.w.org\/{rel}","templated":true}]}}