{"id":38081,"date":"2025-07-03T00:11:38","date_gmt":"2025-07-03T03:11:38","guid":{"rendered":"https:\/\/guialimeira.com.br\/2025\/07\/03\/linhas-221-e-223-do-transporte-coletivo-terao-horarios-ajustados-a-partir-da-proxima-segunda-feira-07-07-portal-do-municipio-de-piracicaba\/"},"modified":"2025-07-03T00:11:38","modified_gmt":"2025-07-03T03:11:38","slug":"linhas-221-e-223-do-transporte-coletivo-terao-horarios-ajustados-a-partir-da-proxima-segunda-feira-07-07-portal-do-municipio-de-piracicaba","status":"publish","type":"post","link":"https:\/\/guialimeira.com.br\/news\/linhas-221-e-223-do-transporte-coletivo-terao-horarios-ajustados-a-partir-da-proxima-segunda-feira-07-07-portal-do-municipio-de-piracicaba\/","title":{"rendered":"Linhas 221 e 223 do transporte coletivo ter\u00e3o hor\u00e1rios ajustados a partir da pr\u00f3xima segunda-feira, 07\/07 \u2013 Portal do Munic\u00edpio de Piracicaba"},"content":{"rendered":"<p> <br \/>\n<\/p>\n<div>\n<figure class=\"wp-block-image size-large\"><img data-recalc-dims=\"1\" fetchpriority=\"high\" decoding=\"async\" width=\"696\" height=\"464\" src=\"https:\/\/i0.wp.com\/piracicaba.sp.gov.br\/wp-content\/uploads\/2025\/07\/As-linhas-do-transporte-coletivo-221-e-223-terao-seus-horarios-ajustados-a-partir-de-segunda-feira-07.07-1024x682.jpg?resize=696%2C464&#038;ssl=1\" alt=\"A imagem mostra uma esta\u00e7\u00e3o de \u00f4nibus moderna e bem iluminada, com pessoas esperando em filas para embarcar. Dois \u00f4nibus urbanos azuis vibrantes est\u00e3o parados em baias designadas. O \u00f4nibus \u00e0 esquerda tem um letreiro eletr\u00f4nico que diz &quot;CENTRO&quot;, indicando sua rota para o centro da cidade. O \u00f4nibus \u00e0 direita exibe o n\u00famero &quot;444&quot;, identificando sua linha espec\u00edfica. Ambos os \u00f4nibus parecem ser novos e bem conservados, com acessibilidade para pessoas com defici\u00eancia, indicada pelos s\u00edmbolos de cadeira de rodas. A esta\u00e7\u00e3o \u00e9 coberta por uma estrutura de teto que protege os passageiros das intemp\u00e9ries. As paredes s\u00e3o de vidro, permitindo uma boa entrada de luz natural. O piso \u00e9 de concreto liso, com marca\u00e7\u00f5es amarelas e azuis que guiam os passageiros para as filas de embarque. H\u00e1 bancos dispon\u00edveis para os passageiros esperarem confortavelmente. As pessoas na imagem est\u00e3o vestidas casualmente, e parecem ser moradores locais aguardando transporte p\u00fablico. H\u00e1 uma mistura de idades e g\u00eaneros representados. A atmosfera geral \u00e9 calma e organizada, sugerindo uma esta\u00e7\u00e3o de \u00f4nibus eficiente e bem gerenciada. A imagem captura um momento cotidiano de transporte p\u00fablico em Piracicaba, destacando a modernidade das instala\u00e7\u00f5es e a rotina das pessoas que dependem do transporte coletivo.\" class=\"wp-image-107350\" srcset=\"https:\/\/piracicaba.sp.gov.br\/wp-content\/uploads\/2025\/07\/As-linhas-do-transporte-coletivo-221-e-223-terao-seus-horarios-ajustados-a-partir-de-segunda-feira-07.07-1024x682.jpg 1024w, https:\/\/piracicaba.sp.gov.br\/wp-content\/uploads\/2025\/07\/As-linhas-do-transporte-coletivo-221-e-223-terao-seus-horarios-ajustados-a-partir-de-segunda-feira-07.07-300x200.jpg 300w, https:\/\/piracicaba.sp.gov.br\/wp-content\/uploads\/2025\/07\/As-linhas-do-transporte-coletivo-221-e-223-terao-seus-horarios-ajustados-a-partir-de-segunda-feira-07.07-768x512.jpg 768w, https:\/\/piracicaba.sp.gov.br\/wp-content\/uploads\/2025\/07\/As-linhas-do-transporte-coletivo-221-e-223-terao-seus-horarios-ajustados-a-partir-de-segunda-feira-07.07.jpg 1280w\" sizes=\"(max-width: 1024px) 100vw, 1024px\"\/><figcaption class=\"wp-element-caption\"><strong><em><sub>As linhas do transporte coletivo 221 e 223 ter\u00e3o seus hor\u00e1rios ajustados a partir de segunda-feira, 07.07<\/sub><\/em><\/strong><\/figcaption><\/figure>\n<p>A Secretaria Municipal de Seguran\u00e7a P\u00fablica, Tr\u00e2nsito e Transportes informa que, a partir da pr\u00f3xima segunda-feira, 07\/07, as linhas do transporte coletivo 221 e 223 \u2013 Parque Pe\u00f3ria \u2013 ter\u00e3o seus hor\u00e1rios ajustados nos dias \u00fateis e aos s\u00e1bados. A mudan\u00e7a tem como objetivo melhor atender os trabalhadores da regi\u00e3o.<\/p>\n<p>Os hor\u00e1rios atualizados podem ser consultados no site:\u00a0<a href=\"https:\/\/piramobilidade.com.br\/comunicados\/\" target=\"_blank\" rel=\"noreferrer noopener\">https:\/\/piramobilidade.com.br\/comunicados\/<\/a><\/p>\n<\/p><\/div>\n<p><br \/>\n<br \/><a href=\"https:\/\/piracicaba.sp.gov.br\/noticias\/linhas-221-e-223-do-transporte-coletivo-terao-horarios-ajustados-a-partir-da-proxima-segunda-feira-07-07\/\" rel=\"noopener\">Informa\u00e7\u00f5es PMP <\/a><\/p>\n","protected":false},"excerpt":{"rendered":"<p>As linhas do transporte coletivo 221 e 223 ter\u00e3o seus hor\u00e1rios ajustados a partir de segunda-feira, 07.07 A Secretaria Municipal de Seguran\u00e7a P\u00fablica, Tr\u00e2nsito e Transportes informa que, a partir da pr\u00f3xima segunda-feira, 07\/07, as linhas do transporte coletivo 221 e 223 \u2013 Parque Pe\u00f3ria \u2013 ter\u00e3o seus hor\u00e1rios ajustados nos dias \u00fateis e aos [&hellip;]<\/p>\n","protected":false},"author":1,"featured_media":38082,"comment_status":"open","ping_status":"open","sticky":false,"template":"","format":"standard","meta":{"_jetpack_newsletter_access":"","_jetpack_dont_email_post_to_subs":false,"_jetpack_newsletter_tier_id":0,"_jetpack_memberships_contains_paywalled_content":false,"_mbp_banners":[],"_jetpack_feature_clip_id":0,"_jetpack_memberships_contains_paid_content":false,"footnotes":"","jetpack_publicize_message":"","jetpack_publicize_feature_enabled":true,"jetpack_social_post_already_shared":true,"jetpack_social_options":{"image_generator_settings":{"template":"highway","default_image_id":0,"font":"","enabled":false},"version":2},"jetpack_post_was_ever_published":false},"categories":[20],"tags":[],"class_list":["post-38081","post","type-post","status-publish","format-standard","has-post-thumbnail","category-regiao"],"jetpack_publicize_connections":[],"jetpack-related-posts":[],"jetpack_shortlink":"https:\/\/wp.me\/p7Eq1F-9Ud","jetpack_sharing_enabled":true,"jetpack_featured_media_url":"https:\/\/i0.wp.com\/guialimeira.com.br\/news\/wp-content\/uploads\/2025\/07\/As-linhas-do-transporte-coletivo-221-e-223-terao-seus-horarios-ajustados-a-partir-de-segunda-feira-0.jpeg?fit=1024%2C682&ssl=1","_links":{"self":[{"href":"https:\/\/guialimeira.com.br\/news\/wp-json\/wp\/v2\/posts\/38081","targetHints":{"allow":["GET"]}}],"collection":[{"href":"https:\/\/guialimeira.com.br\/news\/wp-json\/wp\/v2\/posts"}],"about":[{"href":"https:\/\/guialimeira.com.br\/news\/wp-json\/wp\/v2\/types\/post"}],"author":[{"embeddable":true,"href":"https:\/\/guialimeira.com.br\/news\/wp-json\/wp\/v2\/users\/1"}],"replies":[{"embeddable":true,"href":"https:\/\/guialimeira.com.br\/news\/wp-json\/wp\/v2\/comments?post=38081"}],"version-history":[{"count":0,"href":"https:\/\/guialimeira.com.br\/news\/wp-json\/wp\/v2\/posts\/38081\/revisions"}],"wp:featuredmedia":[{"embeddable":true,"href":"https:\/\/guialimeira.com.br\/news\/wp-json\/wp\/v2\/media\/38082"}],"wp:attachment":[{"href":"https:\/\/guialimeira.com.br\/news\/wp-json\/wp\/v2\/media?parent=38081"}],"wp:term":[{"taxonomy":"category","embeddable":true,"href":"https:\/\/guialimeira.com.br\/news\/wp-json\/wp\/v2\/categories?post=38081"},{"taxonomy":"post_tag","embeddable":true,"href":"https:\/\/guialimeira.com.br\/news\/wp-json\/wp\/v2\/tags?post=38081"}],"curies":[{"name":"wp","href":"https:\/\/api.w.org\/{rel}","templated":true}]}}