{"id":38079,"date":"2025-07-02T23:10:38","date_gmt":"2025-07-03T02:10:38","guid":{"rendered":"https:\/\/guialimeira.com.br\/2025\/07\/02\/misp-exibe-mostra-cinema-negro-com-curtas-nacionais-e-internacionais-amanha-quinta-feira-portal-do-municipio-de-piracicaba\/"},"modified":"2025-07-02T23:10:38","modified_gmt":"2025-07-03T02:10:38","slug":"misp-exibe-mostra-cinema-negro-com-curtas-nacionais-e-internacionais-amanha-quinta-feira-portal-do-municipio-de-piracicaba","status":"publish","type":"post","link":"https:\/\/guialimeira.com.br\/news\/misp-exibe-mostra-cinema-negro-com-curtas-nacionais-e-internacionais-amanha-quinta-feira-portal-do-municipio-de-piracicaba\/","title":{"rendered":"MISP exibe Mostra Cinema Negro com curtas nacionais e internacionais\u00a0amanh\u00e3,\u00a0quinta-feira \u2013 Portal do Munic\u00edpio de Piracicaba"},"content":{"rendered":"<p> <br \/>\n<\/p>\n<div>\n<figure class=\"wp-block-image size-large\"><img data-recalc-dims=\"1\" data-lazyloaded=\"1\" data-placeholder-resp=\"1024x456\" fetchpriority=\"high\" decoding=\"async\" width=\"696\" height=\"310\" src=\"https:\/\/i0.wp.com\/piracicaba.sp.gov.br\/wp-content\/uploads\/2025\/07\/Cena-do-filme-Como-Matar-uma-Boneca-dirigido-por-Alek-Lean-1024x456.jpg?resize=696%2C310&#038;ssl=1\" alt=\"A imagem mostra um grupo de pessoas em uma floresta tropical. Uma mulher negra com dreadlocks e um vestido laranja est\u00e1 no centro da imagem, com o bra\u00e7o levantado em um gesto de protesto ou celebra\u00e7\u00e3o. Ao seu redor, h\u00e1 tr\u00eas homens e uma mulher mais velha. Os homens parecem ser de diferentes idades e etnias, e est\u00e3o vestindo roupas simples. A mulher mais velha est\u00e1 usando uma camisa listrada. O fundo \u00e9 uma floresta tropical exuberante, com muitas \u00e1rvores e plantas verdes. A cena parece ser uma captura de um filme ou programa de televis\u00e3o, e a atmosfera \u00e9 tensa e dram\u00e1tica. A imagem sugere uma luta pela terra ou pelos direitos humanos.\" class=\"wp-image-107353\" srcset=\"https:\/\/piracicaba.sp.gov.br\/wp-content\/uploads\/2025\/07\/Cena-do-filme-Como-Matar-uma-Boneca-dirigido-por-Alek-Lean-1024x456.jpg 1024w, https:\/\/piracicaba.sp.gov.br\/wp-content\/uploads\/2025\/07\/Cena-do-filme-Como-Matar-uma-Boneca-dirigido-por-Alek-Lean-300x134.jpg 300w, https:\/\/piracicaba.sp.gov.br\/wp-content\/uploads\/2025\/07\/Cena-do-filme-Como-Matar-uma-Boneca-dirigido-por-Alek-Lean-768x342.jpg 768w, https:\/\/piracicaba.sp.gov.br\/wp-content\/uploads\/2025\/07\/Cena-do-filme-Como-Matar-uma-Boneca-dirigido-por-Alek-Lean.jpg 1122w\" data-sizes=\"(max-width: 1024px) 100vw, 1024px\"\/><figcaption class=\"wp-element-caption\"><strong><em><sub>Cena do filme \u2013 Como Matar uma Boneca dirigido por Alek Lean<\/sub><\/em><\/strong><\/figcaption><\/figure>\n<p>O Museu da Imagem e do Som de Piracicaba (MISP) exibe nesta quinta-feira, 03\/07, \u00e0s 19h, a Mostra Cinema Negro, sess\u00e3o especial da Mostra Livre de Cinema, com curtas-metragens dirigidos por negros. A atividade acontece no Armaz\u00e9m 8A do Engenho Central, com entrada gratuita e classifica\u00e7\u00e3o indicativa de 14 anos.<\/p>\n<p>A sess\u00e3o integra a Mostra Livre de Cinema, realizada pela produtora Frame 7, do cineasta piracicabano Beto Oliveira, e conta com apoio do programa Pontos MIS, parceria do MISP com o Museu da Imagem e do Som de S\u00e3o Paulo. A programa\u00e7\u00e3o traz produ\u00e7\u00f5es nacionais e internacionais que priorizam narrativas centradas na negritude, com foco em suas experi\u00eancias, est\u00e9ticas e perspectivas.<\/p>\n<figure class=\"wp-block-image size-large\"><img data-recalc-dims=\"1\" loading=\"lazy\" data-lazyloaded=\"1\" data-placeholder-resp=\"1024x576\" decoding=\"async\" width=\"696\" height=\"392\" src=\"https:\/\/i0.wp.com\/piracicaba.sp.gov.br\/wp-content\/uploads\/2025\/07\/Cena-do-curtametragem-Zoya-da-roteirista-Larissa-Dardania-1024x576.jpg?resize=696%2C392&#038;ssl=1\" alt=\"A imagem mostra uma jovem menina de pele escura, com o cabelo preso num rabo-de-cavalo, inclinada sobre uma gaiola de p\u00e1ssaros pequena e velha. Ela est\u00e1 usando uma blusa de manga comprida de cor lil\u00e1s. A gaiola parece estar feita de metal e est\u00e1 ligeiramente enferrujada. Dentro da gaiola, h\u00e1 pelo menos um p\u00e1ssaro vis\u00edvel, que parece ser de cor cinza. A menina parece estar observando o p\u00e1ssaro atentamente. O cen\u00e1rio \u00e9 ao ar livre, numa \u00e1rea que parece ser uma varanda ou p\u00e1tio. H\u00e1 uma cerca azul baixa vis\u00edvel ao fundo, e \u00e1rvores e folhagem podem ser vistas ao fundo. A varanda \u00e9 coberta por uma estrutura de telhado simples, feita de madeira e material de telha. Uma parede de cor creme ou bege claro est\u00e1 ao lado da menina, com uma janela com uma cortina de tecido claro e colorida. O ch\u00e3o \u00e9 vis\u00edvel e parece ser de terra ou cimento. Uma mesa de madeira simples est\u00e1 na frente da menina, onde a gaiola est\u00e1 posicionada. A ilumina\u00e7\u00e3o na imagem sugere que \u00e9 dia. O clima parece ser calmo e ensolarado. A imagem \u00e9 n\u00edtida e bem iluminada, sem muitas sombras, indicando uma fonte de luz natural difusa. A atmosfera geral da imagem \u00e9 tranquila e pac\u00edfica.\" class=\"wp-image-107354\" srcset=\"https:\/\/piracicaba.sp.gov.br\/wp-content\/uploads\/2025\/07\/Cena-do-curtametragem-Zoya-da-roteirista-Larissa-Dardania-1024x576.jpg 1024w, https:\/\/piracicaba.sp.gov.br\/wp-content\/uploads\/2025\/07\/Cena-do-curtametragem-Zoya-da-roteirista-Larissa-Dardania-300x169.jpg 300w, https:\/\/piracicaba.sp.gov.br\/wp-content\/uploads\/2025\/07\/Cena-do-curtametragem-Zoya-da-roteirista-Larissa-Dardania-768x432.jpg 768w, https:\/\/piracicaba.sp.gov.br\/wp-content\/uploads\/2025\/07\/Cena-do-curtametragem-Zoya-da-roteirista-Larissa-Dardania-1536x864.jpg 1536w, https:\/\/piracicaba.sp.gov.br\/wp-content\/uploads\/2025\/07\/Cena-do-curtametragem-Zoya-da-roteirista-Larissa-Dardania.jpg 1920w\" data-sizes=\"(max-width: 1024px) 100vw, 1024px\"\/><figcaption class=\"wp-element-caption\"><strong><em><sub>Cena do curtametragem Zoya da roteirista Larissa Dardania<\/sub><\/em><\/strong><\/figcaption><\/figure>\n<p>O cineasta Beto Oliveira destaca que a Mostra Livre de Cinema fortalece o papel transformador do audiovisual na sociedade. \u201cA Mostra promove o acesso democr\u00e1tico \u00e0 cultura, valoriza o cinema independente e amplia a visibilidade de vozes diversas. Conecta filmes e p\u00fablicos em espa\u00e7os acess\u00edveis, fomenta novos olhares e repert\u00f3rios e reafirma o cinema como ferramenta de reflex\u00e3o cr\u00edtica e transforma\u00e7\u00e3o social.\u201d<\/p>\n<p>Com dura\u00e7\u00e3o total de 2h38, a mostra tem os t\u00edtulos est\u00e3o Da sua, Moira, Eu L\u00edrico, MindMaze, Pesares, Como Matar uma Boneca, Zoya, Concrete Paintings, Punk da Periferia, Punhal, entre outros.<\/p>\n<figure class=\"wp-block-image size-large\"><img data-recalc-dims=\"1\" loading=\"lazy\" data-lazyloaded=\"1\" data-placeholder-resp=\"768x1024\" decoding=\"async\" width=\"696\" height=\"928\" src=\"https:\/\/i0.wp.com\/piracicaba.sp.gov.br\/wp-content\/uploads\/2025\/07\/Com-duracao-total-de-2h38-os-filmes-concorrem-ao-voto-do-juri-popular-768x1024.jpg?resize=696%2C928&#038;ssl=1\" alt=\"A imagem mostra uma palestra ou apresenta\u00e7\u00e3o num espa\u00e7o industrial convertido. O local parece ser um armaz\u00e9m ou f\u00e1brica antigo, com colunas de suporte de ferro fundido expostas, pisos de cimento e prateleiras de metal nas paredes. As prateleiras cont\u00eam v\u00e1rios itens, incluindo fotografias em preto e branco que parecem ser de arquivo hist\u00f3rico. Uma tela de proje\u00e7\u00e3o mostra o logotipo de um museu, \u201cMISP Museu da Imagem e do Som de Piracicaba\u201d. Dois apresentadores est\u00e3o de p\u00e9 em frente \u00e0 tela, um homem e uma mulher, ambos aparentemente a falar para uma audi\u00eancia sentada em cadeiras escolares pretas. A audi\u00eancia \u00e9 composta por v\u00e1rias pessoas, com roupas casuais e diversificadas. H\u00e1 uma bandeira arco-\u00edris vis\u00edvel no ch\u00e3o, sugerindo um evento LGBTQIA+ ou inclusivo. A ilumina\u00e7\u00e3o \u00e9 baixa, com a maior parte da luz vindo do projetor e de l\u00e2mpadas fluorescentes no teto. A atmosfera geral \u00e9 informal, mas focada na apresenta\u00e7\u00e3o. A imagem sugere um evento comunit\u00e1rio ou educacional num espa\u00e7o cultural alternativo.\" class=\"wp-image-107355\" srcset=\"https:\/\/piracicaba.sp.gov.br\/wp-content\/uploads\/2025\/07\/Com-duracao-total-de-2h38-os-filmes-concorrem-ao-voto-do-juri-popular-768x1024.jpg 768w, https:\/\/piracicaba.sp.gov.br\/wp-content\/uploads\/2025\/07\/Com-duracao-total-de-2h38-os-filmes-concorrem-ao-voto-do-juri-popular-225x300.jpg 225w, https:\/\/piracicaba.sp.gov.br\/wp-content\/uploads\/2025\/07\/Com-duracao-total-de-2h38-os-filmes-concorrem-ao-voto-do-juri-popular-1152x1536.jpg 1152w, https:\/\/piracicaba.sp.gov.br\/wp-content\/uploads\/2025\/07\/Com-duracao-total-de-2h38-os-filmes-concorrem-ao-voto-do-juri-popular.jpg 1440w\" data-sizes=\"(max-width: 768px) 100vw, 768px\"\/><figcaption class=\"wp-element-caption\"><strong><em><sub>Com dura\u00e7\u00e3o total de 2h38, os filmes concorrem ao voto do j\u00fari popular.<\/sub><\/em><\/strong><\/figcaption><\/figure>\n<p><strong>SERVI\u00c7O\u00a0<\/strong>\u2013 Mostra Cinema Negro. No MISP \u2013 Museu da Imagem e do Som de Piracicaba (avenida Dr. Maurice Allain, 454 \u2013 Armaz\u00e9m 8A, Parque do Engenho Central). Quinta-feira, 03\/07, \u00e0s 19h. Entrada gratuita. Classifica\u00e7\u00e3o: 14 anos. Dura\u00e7\u00e3o da sess\u00e3o: 2h38. Informa\u00e7\u00f5es pelo telefone (19) 3413-5212.<\/p>\n<\/div>\n<p><br \/>\n<br \/><a href=\"https:\/\/piracicaba.sp.gov.br\/noticias\/misp-exibe-mostra-cinema-negro-com-curtas-nacionais-e-internacionais-amanha-quinta-feira\/\" rel=\"noopener\">Informa\u00e7\u00f5es PMP <\/a><\/p>\n","protected":false},"excerpt":{"rendered":"<p>Cena do filme \u2013 Como Matar uma Boneca dirigido por Alek Lean O Museu da Imagem e do Som de Piracicaba (MISP) exibe nesta quinta-feira, 03\/07, \u00e0s 19h, a Mostra Cinema Negro, sess\u00e3o especial da Mostra Livre de Cinema, com curtas-metragens dirigidos por negros. A atividade acontece no Armaz\u00e9m 8A do Engenho Central, com entrada [&hellip;]<\/p>\n","protected":false},"author":1,"featured_media":38080,"comment_status":"open","ping_status":"open","sticky":false,"template":"","format":"standard","meta":{"_jetpack_newsletter_access":"","_jetpack_dont_email_post_to_subs":false,"_jetpack_newsletter_tier_id":0,"_jetpack_memberships_contains_paywalled_content":false,"_mbp_banners":[],"_jetpack_feature_clip_id":0,"_jetpack_memberships_contains_paid_content":false,"footnotes":"","jetpack_publicize_message":"","jetpack_publicize_feature_enabled":true,"jetpack_social_post_already_shared":true,"jetpack_social_options":{"image_generator_settings":{"template":"highway","default_image_id":0,"font":"","enabled":false},"version":2},"jetpack_post_was_ever_published":false},"categories":[20],"tags":[],"class_list":["post-38079","post","type-post","status-publish","format-standard","has-post-thumbnail","category-regiao"],"jetpack_publicize_connections":[],"jetpack-related-posts":[],"jetpack_shortlink":"https:\/\/wp.me\/p7Eq1F-9Ub","jetpack_sharing_enabled":true,"jetpack_featured_media_url":"https:\/\/i0.wp.com\/guialimeira.com.br\/news\/wp-content\/uploads\/2025\/07\/Cena-do-filme-Como-Matar-uma-Boneca-dirigido-por-Alek-Lean-1024x456.jpg?fit=1024%2C456&ssl=1","_links":{"self":[{"href":"https:\/\/guialimeira.com.br\/news\/wp-json\/wp\/v2\/posts\/38079","targetHints":{"allow":["GET"]}}],"collection":[{"href":"https:\/\/guialimeira.com.br\/news\/wp-json\/wp\/v2\/posts"}],"about":[{"href":"https:\/\/guialimeira.com.br\/news\/wp-json\/wp\/v2\/types\/post"}],"author":[{"embeddable":true,"href":"https:\/\/guialimeira.com.br\/news\/wp-json\/wp\/v2\/users\/1"}],"replies":[{"embeddable":true,"href":"https:\/\/guialimeira.com.br\/news\/wp-json\/wp\/v2\/comments?post=38079"}],"version-history":[{"count":0,"href":"https:\/\/guialimeira.com.br\/news\/wp-json\/wp\/v2\/posts\/38079\/revisions"}],"wp:featuredmedia":[{"embeddable":true,"href":"https:\/\/guialimeira.com.br\/news\/wp-json\/wp\/v2\/media\/38080"}],"wp:attachment":[{"href":"https:\/\/guialimeira.com.br\/news\/wp-json\/wp\/v2\/media?parent=38079"}],"wp:term":[{"taxonomy":"category","embeddable":true,"href":"https:\/\/guialimeira.com.br\/news\/wp-json\/wp\/v2\/categories?post=38079"},{"taxonomy":"post_tag","embeddable":true,"href":"https:\/\/guialimeira.com.br\/news\/wp-json\/wp\/v2\/tags?post=38079"}],"curies":[{"name":"wp","href":"https:\/\/api.w.org\/{rel}","templated":true}]}}