{"id":38067,"date":"2025-07-02T21:08:37","date_gmt":"2025-07-03T00:08:37","guid":{"rendered":"https:\/\/guialimeira.com.br\/2025\/07\/02\/prefeitura-realiza-oficina-no-cras-mario-dedini-para-promocao-da-seguranca-alimentar-e-nutricional-portal-do-municipio-de-piracicaba\/"},"modified":"2025-07-02T21:08:37","modified_gmt":"2025-07-03T00:08:37","slug":"prefeitura-realiza-oficina-no-cras-mario-dedini-para-promocao-da-seguranca-alimentar-e-nutricional-portal-do-municipio-de-piracicaba","status":"publish","type":"post","link":"https:\/\/guialimeira.com.br\/news\/prefeitura-realiza-oficina-no-cras-mario-dedini-para-promocao-da-seguranca-alimentar-e-nutricional-portal-do-municipio-de-piracicaba\/","title":{"rendered":"Prefeitura realiza oficina no CRAS Mario Dedini para promo\u00e7\u00e3o da seguran\u00e7a alimentar e nutricional \u2013 Portal do Munic\u00edpio de Piracicaba"},"content":{"rendered":"<p> <br \/>\n<\/p>\n<div>\n<figure class=\"wp-block-image size-large\"><img data-recalc-dims=\"1\" data-lazyloaded=\"1\" data-placeholder-resp=\"768x1024\" fetchpriority=\"high\" decoding=\"async\" width=\"696\" height=\"928\" src=\"https:\/\/i0.wp.com\/piracicaba.sp.gov.br\/wp-content\/uploads\/2025\/07\/Atividade-reuniu-cerca-de-40-criancas-que-participaram-do-processo-de-semeadura-de-hortalicas-1-768x1024.jpg?resize=696%2C928&#038;ssl=1\" alt=\"A imagem mostra um grupo de crian\u00e7as participando de uma atividade de plantio. Elas est\u00e3o sentadas ao redor de uma mesa branca, plantando sementes em pequenos recipientes pretos. H\u00e1 uma mulher adulta observando a atividade ao fundo. A mesa est\u00e1 repleta de materiais como terra, copinhos pl\u00e1sticos, e um borrifador. As crian\u00e7as parecem estar concentradas e engajadas na atividade. O ambiente \u00e9 simples, com uma parede amarela ao fundo e piso de concreto. A cena sugere uma atividade educativa em um espa\u00e7o aberto, possivelmente uma escola ou centro comunit\u00e1rio. A atmosfera \u00e9 calma e tranquila.\" class=\"wp-image-107443\" srcset=\"https:\/\/piracicaba.sp.gov.br\/wp-content\/uploads\/2025\/07\/Atividade-reuniu-cerca-de-40-criancas-que-participaram-do-processo-de-semeadura-de-hortalicas-1-768x1024.jpg 768w, https:\/\/piracicaba.sp.gov.br\/wp-content\/uploads\/2025\/07\/Atividade-reuniu-cerca-de-40-criancas-que-participaram-do-processo-de-semeadura-de-hortalicas-1-225x300.jpg 225w, https:\/\/piracicaba.sp.gov.br\/wp-content\/uploads\/2025\/07\/Atividade-reuniu-cerca-de-40-criancas-que-participaram-do-processo-de-semeadura-de-hortalicas-1.jpg 960w\" data-sizes=\"(max-width: 768px) 100vw, 768px\"\/><figcaption class=\"wp-element-caption\"><strong><em><sub>Atividade reuniu cerca de 40 crian\u00e7as que participaram do processo de semeadura de hortali\u00e7as <\/sub><\/em><\/strong><\/figcaption><\/figure>\n<p>A Prefeitura de Piracicaba, por meio de uma a\u00e7\u00e3o conjunta entre as secretarias de Assist\u00eancia Social e de Agricultura, Abastecimento e Meio Ambiente, realizou na \u00faltima segunda-feira, 30\/06, o CRAS Mario Dedini, uma oficina voltada \u00e0 produ\u00e7\u00e3o de alimentos e promo\u00e7\u00e3o da seguran\u00e7a alimentar e nutricional. A atividade reuniu cerca de 40 crian\u00e7as atendidas pelo Servi\u00e7o de Conviv\u00eancia e Fortalecimento de V\u00ednculos (SCFV), pelo CCInter Algodoal e CCInter Bosques do Lenheiro, em parceria com o Cesac.<\/p>\n<p>Durante a oficina, as crian\u00e7as conheceram a horta comunit\u00e1ria do CRAS e participaram do processo de semeadura de hortali\u00e7as, com acompanhamento t\u00e9cnico da equipe da Secretaria de Agricultura, Abastecimento e Meio Ambiente. A viv\u00eancia proporcionou aprendizado sobre cultivo, alimenta\u00e7\u00e3o saud\u00e1vel e sustentabilidade.<\/p>\n<p>A pr\u00f3xima etapa da a\u00e7\u00e3o acontece em 26\/07, quando moradores da regi\u00e3o realizar\u00e3o o plantio das mudas cultivadas pelas crian\u00e7as.\u00a0<\/p>\n<p>\u201cEssa iniciativa objetivou fortalecer o v\u00ednculo da comunidade com a horta, promover a integra\u00e7\u00e3o intergeracional e incentivar pr\u00e1ticas sustent\u00e1veis relacionadas \u00e0 alimenta\u00e7\u00e3o e ao meio ambiente\u201d, destacou a engenheira agr\u00f4noma da Secretaria de Agricultura, Abastecimento e Meio Ambiente, Evelise Moncaio Moda.<\/p>\n<\/div>\n<p><br \/>\n<br \/><a href=\"https:\/\/piracicaba.sp.gov.br\/noticias\/prefeitura-realiza-oficina-no-cras-mario-dedini-para-promocao-da-seguranca-alimentar-e-nutricional\/\" rel=\"noopener\">Informa\u00e7\u00f5es PMP <\/a><\/p>\n","protected":false},"excerpt":{"rendered":"<p>Atividade reuniu cerca de 40 crian\u00e7as que participaram do processo de semeadura de hortali\u00e7as A Prefeitura de Piracicaba, por meio de uma a\u00e7\u00e3o conjunta entre as secretarias de Assist\u00eancia Social e de Agricultura, Abastecimento e Meio Ambiente, realizou na \u00faltima segunda-feira, 30\/06, o CRAS Mario Dedini, uma oficina voltada \u00e0 produ\u00e7\u00e3o de alimentos e promo\u00e7\u00e3o [&hellip;]<\/p>\n","protected":false},"author":1,"featured_media":38068,"comment_status":"open","ping_status":"open","sticky":false,"template":"","format":"standard","meta":{"_jetpack_newsletter_access":"","_jetpack_dont_email_post_to_subs":false,"_jetpack_newsletter_tier_id":0,"_jetpack_memberships_contains_paywalled_content":false,"_mbp_banners":[],"_jetpack_feature_clip_id":0,"_jetpack_memberships_contains_paid_content":false,"footnotes":"","jetpack_publicize_message":"","jetpack_publicize_feature_enabled":true,"jetpack_social_post_already_shared":true,"jetpack_social_options":{"image_generator_settings":{"template":"highway","default_image_id":0,"font":"","enabled":false},"version":2},"jetpack_post_was_ever_published":false},"categories":[20],"tags":[],"class_list":["post-38067","post","type-post","status-publish","format-standard","has-post-thumbnail","category-regiao"],"jetpack_publicize_connections":[],"jetpack-related-posts":[],"jetpack_shortlink":"https:\/\/wp.me\/p7Eq1F-9TZ","jetpack_sharing_enabled":true,"jetpack_featured_media_url":"https:\/\/i0.wp.com\/guialimeira.com.br\/news\/wp-content\/uploads\/2025\/07\/Atividade-reuniu-cerca-de-40-criancas-que-participaram-do-processo-de-semeadura-de-hortalicas-1-768x.jpeg?fit=768%2C1024&ssl=1","_links":{"self":[{"href":"https:\/\/guialimeira.com.br\/news\/wp-json\/wp\/v2\/posts\/38067","targetHints":{"allow":["GET"]}}],"collection":[{"href":"https:\/\/guialimeira.com.br\/news\/wp-json\/wp\/v2\/posts"}],"about":[{"href":"https:\/\/guialimeira.com.br\/news\/wp-json\/wp\/v2\/types\/post"}],"author":[{"embeddable":true,"href":"https:\/\/guialimeira.com.br\/news\/wp-json\/wp\/v2\/users\/1"}],"replies":[{"embeddable":true,"href":"https:\/\/guialimeira.com.br\/news\/wp-json\/wp\/v2\/comments?post=38067"}],"version-history":[{"count":0,"href":"https:\/\/guialimeira.com.br\/news\/wp-json\/wp\/v2\/posts\/38067\/revisions"}],"wp:featuredmedia":[{"embeddable":true,"href":"https:\/\/guialimeira.com.br\/news\/wp-json\/wp\/v2\/media\/38068"}],"wp:attachment":[{"href":"https:\/\/guialimeira.com.br\/news\/wp-json\/wp\/v2\/media?parent=38067"}],"wp:term":[{"taxonomy":"category","embeddable":true,"href":"https:\/\/guialimeira.com.br\/news\/wp-json\/wp\/v2\/categories?post=38067"},{"taxonomy":"post_tag","embeddable":true,"href":"https:\/\/guialimeira.com.br\/news\/wp-json\/wp\/v2\/tags?post=38067"}],"curies":[{"name":"wp","href":"https:\/\/api.w.org\/{rel}","templated":true}]}}