{"id":38065,"date":"2025-07-02T20:07:37","date_gmt":"2025-07-02T23:07:37","guid":{"rendered":"https:\/\/guialimeira.com.br\/2025\/07\/02\/biblioteca-municipal-recebe-oficina-literaria-sobre-narrativas-do-insolito-nesta-quinta-3-7-portal-do-municipio-de-piracicaba\/"},"modified":"2025-07-02T20:07:37","modified_gmt":"2025-07-02T23:07:37","slug":"biblioteca-municipal-recebe-oficina-literaria-sobre-narrativas-do-insolito-nesta-quinta-3-7-portal-do-municipio-de-piracicaba","status":"publish","type":"post","link":"https:\/\/guialimeira.com.br\/news\/biblioteca-municipal-recebe-oficina-literaria-sobre-narrativas-do-insolito-nesta-quinta-3-7-portal-do-municipio-de-piracicaba\/","title":{"rendered":"Biblioteca Municipal recebe oficina liter\u00e1ria sobre narrativas do ins\u00f3lito nesta quinta, 3\/7 \u2013 Portal do Munic\u00edpio de Piracicaba"},"content":{"rendered":"<p> <br \/>\n<\/p>\n<div>\n<figure class=\"wp-block-image size-full\"><img data-recalc-dims=\"1\" data-lazyloaded=\"1\" data-placeholder-resp=\"1024x473\" fetchpriority=\"high\" decoding=\"async\" width=\"696\" height=\"321\" src=\"https:\/\/i0.wp.com\/piracicaba.sp.gov.br\/wp-content\/uploads\/2025\/07\/A-atividade-e-gratuita-e-aberta-ao-publico-voltada-especialmente-a-leitores-escritores-e-interessados-em-literatura.jpg?resize=696%2C321&#038;ssl=1\" alt=\"A imagem mostra uma sala de palestras ou audit\u00f3rio com v\u00e1rias pessoas sentadas em cadeiras. Na frente, h\u00e1 um palco onde tr\u00eas crian\u00e7as e uma adulta est\u00e3o participando de alguma atividade, possivelmente uma apresenta\u00e7\u00e3o ou encena\u00e7\u00e3o. A plateia est\u00e1 composta por adultos de diferentes idades, alguns mais jovens e outros mais velhos, todos aparentemente atentos ao que acontece no palco. O ambiente \u00e9 formal, com cadeiras organizadas em fileiras e equipamentos de som vis\u00edveis ao fundo. A ilumina\u00e7\u00e3o \u00e9 suave, e as cores s\u00e3o neutras, predominando tons claros nas paredes e nas cadeiras. No geral, a imagem sugere um evento organizado e tranquilo, possivelmente educacional ou cultural.\" class=\"wp-image-107359\" srcset=\"https:\/\/piracicaba.sp.gov.br\/wp-content\/uploads\/2025\/07\/A-atividade-e-gratuita-e-aberta-ao-publico-voltada-especialmente-a-leitores-escritores-e-interessados-em-literatura.jpg 1024w, https:\/\/piracicaba.sp.gov.br\/wp-content\/uploads\/2025\/07\/A-atividade-e-gratuita-e-aberta-ao-publico-voltada-especialmente-a-leitores-escritores-e-interessados-em-literatura-300x139.jpg 300w, https:\/\/piracicaba.sp.gov.br\/wp-content\/uploads\/2025\/07\/A-atividade-e-gratuita-e-aberta-ao-publico-voltada-especialmente-a-leitores-escritores-e-interessados-em-literatura-768x355.jpg 768w\" data-sizes=\"(max-width: 1024px) 100vw, 1024px\"\/><figcaption class=\"wp-element-caption\"><strong><em><sub>A atividade \u00e9 gratuita e aberta ao p\u00fablico, voltada especialmente a leitores, escritores e interessados em literatura.<\/sub><\/em><\/strong><\/figcaption><\/figure>\n<p>A Biblioteca P\u00fablica Municipal Ricardo Ferraz de Arruda Pinto recebe nesta quinta, 3\/7, das 19h30 \u00e0s 21h30, a oficina liter\u00e1ria Narrativas do Ins\u00f3lito, conduzida pelo escritor piracicabano Marcelo Pereira da Silva. A atividade \u00e9 gratuita e aberta ao p\u00fablico, voltada especialmente a leitores, escritores e interessados em literatura.<\/p>\n<p>A oficina prop\u00f5e uma reflex\u00e3o sobre hist\u00f3rias que apresentam elementos estranhos, inabituais ou fora do padr\u00e3o. \u201cEssas narrativas rompem com a l\u00f3gica realista e despertam a curiosidade ao confrontar o leitor com aspectos inusitados da condi\u00e7\u00e3o humana\u201d, afirma Marcelo Silva, professor\u00a0 e escritor, graduado em Letras e p\u00f3s-graduado em Literatura, Artes e Filosofia.<\/p>\n<p>Durante o encontro, Marcelo compartilha refer\u00eancias que influenciam sua escrita, como Machado de Assis, Lygia Fagundes Telles, Franz Kafka, o cinema de David Lynch e a s\u00e9rie Al\u00e9m da Imagina\u00e7\u00e3o, criada por Rod Serling. A proposta \u00e9 pensar a constru\u00e7\u00e3o do ins\u00f3lito na literatura a partir de exemplos e da viv\u00eancia dos participantes.<\/p>\n<p>\u201cMais do que querer parecer estranho, escrever o ins\u00f3lito exige aten\u00e7\u00e3o \u00e0 estrutura e \u00e0 identidade da pr\u00f3pria narrativa. O objetivo n\u00e3o \u00e9 for\u00e7ar o efeito, mas permitir que a hist\u00f3ria aconte\u00e7a, deixando que o contraste entre o natural e o incomum provoque as rea\u00e7\u00f5es no leitor\u201d, completa o autor.<\/p>\n<p>A atividade integra a programa\u00e7\u00e3o da Academia Piracicabana de Letras (APL), em parceria com o Centro Liter\u00e1rio de Piracicaba (CLIP) e o Grupo Oficina Liter\u00e1ria de Piracicaba (GOLP), realizada na primeira quinta-feira de cada m\u00eas com o objetivo de incentivar a leitura, a escrita e a troca de experi\u00eancias liter\u00e1rias.<\/p>\n<p><strong>SERVI\u00c7O \u2013\u00a0<\/strong><strong>Oficina Narrativas do Ins\u00f3lito.\u00a0<\/strong>Na Biblioteca P\u00fablica Municipal \u201cRicardo Ferraz de Arruda Pinto\u201d (rua Saldanha Marinho, 333 \u2013 Centro). Quinta-feira, 03\/07, \u00e0s 19h30. Informa\u00e7\u00f5es pelo telefone (19) 3433-3674.<\/p>\n<figure class=\"wp-block-image size-large\"><img data-recalc-dims=\"1\" loading=\"lazy\" data-lazyloaded=\"1\" data-placeholder-resp=\"805x1024\" decoding=\"async\" width=\"696\" height=\"885\" src=\"https:\/\/i0.wp.com\/piracicaba.sp.gov.br\/wp-content\/uploads\/2025\/07\/Convite-da-oficina-literaria-805x1024.jpg?resize=696%2C885&#038;ssl=1\" alt=\"A imagem \u00e9 um an\u00fancio para uma oficina liter\u00e1ria intitulada &quot;Narrativas do Ins\u00f3lito&quot;, ministrada pelo escritor Marcelo Silva. A oficina acontecer\u00e1 no dia 03\/07 (quinta-feira), das 19h30 \u00e0s 21h30. A imagem inclui: * *T\u00edtulo principal:* &quot;Oficina a cargo do escritor Marcelo Silva &quot;Narrativas do Ins\u00f3lito&quot;&quot; em letras grandes e destacadas. * *T\u00edtulo secund\u00e1rio:* &quot;Oficina Liter\u00e1ria&quot; em um estilo de fonte elegante. * *Data e hor\u00e1rio:* &quot;03\/07 - quinta-feira Das 19h30 \u00e0s 21h30&quot; * *Realiza\u00e7\u00e3o:* Menciona tr\u00eas organiza\u00e7\u00f5es envolvidas: APL (Academia Piracicabana de Letras), CLIP (Centro Liter\u00e1rio de Piracicaba) e GOLP (Grupo Oficina Liter\u00e1ria de Piracicaba). Os logotipos dessas organiza\u00e7\u00f5es tamb\u00e9m est\u00e3o presentes. * *Local:* Biblioteca de Piracicaba, com endere\u00e7o e telefone fornecidos. * *Imagens de fundo:* Imagens de livros e p\u00e1ginas de livros, criando um ambiente liter\u00e1rio. * *Logos:* Os logos da Prefeitura de Piracicaba e da Secretaria de Cultura tamb\u00e9m aparecem. A imagem \u00e9 bem organizada e utiliza uma combina\u00e7\u00e3o de fontes e cores para destacar as informa\u00e7\u00f5es importantes. O estilo gr\u00e1fico \u00e9 limpo e profissional, adequado para um evento cultural.\" class=\"wp-image-107360\" srcset=\"https:\/\/piracicaba.sp.gov.br\/wp-content\/uploads\/2025\/07\/Convite-da-oficina-literaria-805x1024.jpg 805w, https:\/\/piracicaba.sp.gov.br\/wp-content\/uploads\/2025\/07\/Convite-da-oficina-literaria-236x300.jpg 236w, https:\/\/piracicaba.sp.gov.br\/wp-content\/uploads\/2025\/07\/Convite-da-oficina-literaria-768x977.jpg 768w, https:\/\/piracicaba.sp.gov.br\/wp-content\/uploads\/2025\/07\/Convite-da-oficina-literaria.jpg 987w\" data-sizes=\"(max-width: 805px) 100vw, 805px\"\/><figcaption class=\"wp-element-caption\"><strong><em><sub>Convite da oficina liter\u00e1ria<\/sub><\/em><\/strong><\/figcaption><\/figure>\n<\/div>\n<p><br \/>\n<br \/><a href=\"https:\/\/piracicaba.sp.gov.br\/noticias\/biblioteca-municipal-recebe-oficina-literaria-sobre-narrativas-do-insolito-nesta-quinta-3-7\/\" rel=\"noopener\">Informa\u00e7\u00f5es PMP <\/a><\/p>\n","protected":false},"excerpt":{"rendered":"<p>A atividade \u00e9 gratuita e aberta ao p\u00fablico, voltada especialmente a leitores, escritores e interessados em literatura. A Biblioteca P\u00fablica Municipal Ricardo Ferraz de Arruda Pinto recebe nesta quinta, 3\/7, das 19h30 \u00e0s 21h30, a oficina liter\u00e1ria Narrativas do Ins\u00f3lito, conduzida pelo escritor piracicabano Marcelo Pereira da Silva. A atividade \u00e9 gratuita e aberta ao [&hellip;]<\/p>\n","protected":false},"author":1,"featured_media":38066,"comment_status":"open","ping_status":"open","sticky":false,"template":"","format":"standard","meta":{"_jetpack_newsletter_access":"","_jetpack_dont_email_post_to_subs":false,"_jetpack_newsletter_tier_id":0,"_jetpack_memberships_contains_paywalled_content":false,"_mbp_banners":[],"_jetpack_feature_clip_id":0,"_jetpack_memberships_contains_paid_content":false,"footnotes":"","jetpack_publicize_message":"","jetpack_publicize_feature_enabled":true,"jetpack_social_post_already_shared":true,"jetpack_social_options":{"image_generator_settings":{"template":"highway","default_image_id":0,"font":"","enabled":false},"version":2},"jetpack_post_was_ever_published":false},"categories":[20],"tags":[],"class_list":["post-38065","post","type-post","status-publish","format-standard","has-post-thumbnail","category-regiao"],"jetpack_publicize_connections":[],"jetpack-related-posts":[],"jetpack_shortlink":"https:\/\/wp.me\/p7Eq1F-9TX","jetpack_sharing_enabled":true,"jetpack_featured_media_url":"https:\/\/i0.wp.com\/guialimeira.com.br\/news\/wp-content\/uploads\/2025\/07\/A-atividade-e-gratuita-e-aberta-ao-publico-voltada-especialmente-a-leitores-escritores-e-interessado.jpeg?fit=1024%2C473&ssl=1","_links":{"self":[{"href":"https:\/\/guialimeira.com.br\/news\/wp-json\/wp\/v2\/posts\/38065","targetHints":{"allow":["GET"]}}],"collection":[{"href":"https:\/\/guialimeira.com.br\/news\/wp-json\/wp\/v2\/posts"}],"about":[{"href":"https:\/\/guialimeira.com.br\/news\/wp-json\/wp\/v2\/types\/post"}],"author":[{"embeddable":true,"href":"https:\/\/guialimeira.com.br\/news\/wp-json\/wp\/v2\/users\/1"}],"replies":[{"embeddable":true,"href":"https:\/\/guialimeira.com.br\/news\/wp-json\/wp\/v2\/comments?post=38065"}],"version-history":[{"count":0,"href":"https:\/\/guialimeira.com.br\/news\/wp-json\/wp\/v2\/posts\/38065\/revisions"}],"wp:featuredmedia":[{"embeddable":true,"href":"https:\/\/guialimeira.com.br\/news\/wp-json\/wp\/v2\/media\/38066"}],"wp:attachment":[{"href":"https:\/\/guialimeira.com.br\/news\/wp-json\/wp\/v2\/media?parent=38065"}],"wp:term":[{"taxonomy":"category","embeddable":true,"href":"https:\/\/guialimeira.com.br\/news\/wp-json\/wp\/v2\/categories?post=38065"},{"taxonomy":"post_tag","embeddable":true,"href":"https:\/\/guialimeira.com.br\/news\/wp-json\/wp\/v2\/tags?post=38065"}],"curies":[{"name":"wp","href":"https:\/\/api.w.org\/{rel}","templated":true}]}}