{"id":38063,"date":"2025-07-02T19:06:11","date_gmt":"2025-07-02T22:06:11","guid":{"rendered":"https:\/\/guialimeira.com.br\/2025\/07\/02\/festivais-esportivos-da-prefeitura-devem-reunir-200-alunos-do-pdb-portal-do-municipio-de-piracicaba\/"},"modified":"2025-07-02T19:06:11","modified_gmt":"2025-07-02T22:06:11","slug":"festivais-esportivos-da-prefeitura-devem-reunir-200-alunos-do-pdb-portal-do-municipio-de-piracicaba","status":"publish","type":"post","link":"https:\/\/guialimeira.com.br\/news\/festivais-esportivos-da-prefeitura-devem-reunir-200-alunos-do-pdb-portal-do-municipio-de-piracicaba\/","title":{"rendered":"Festivais esportivos da Prefeitura devem reunir 200 alunos do PDB \u2013 Portal do Munic\u00edpio de Piracicaba"},"content":{"rendered":"<p> <br \/>\n<\/p>\n<div>\n<figure class=\"wp-block-image size-large\"><img data-recalc-dims=\"1\" data-lazyloaded=\"1\" data-placeholder-resp=\"1024x763\" fetchpriority=\"high\" decoding=\"async\" width=\"696\" height=\"519\" src=\"https:\/\/i0.wp.com\/piracicaba.sp.gov.br\/wp-content\/uploads\/2025\/07\/Alunos-do-nucleo-Estacao-da-Paulista-estarao-participando-do-festival-de-GR-1024x763.jpg?resize=696%2C519&#038;ssl=1\" alt=\"A imagem mostra um grupo de jovens ginastas, todas vestindo camisetas roxas com o logotipo &quot;Gin\u00e1stica R\u00edtmica&quot; em branco, posam para uma foto com seu treinador. Elas est\u00e3o sentadas em uma \u00e1rea coberta, possivelmente um gin\u00e1sio ou p\u00e1tio de escola, com v\u00e1rios aros de gin\u00e1stica espalhados na frente delas. As meninas parecem ter idades entre 6 e 12 anos, e est\u00e3o sorrindo para a c\u00e2mera. Uma mulher de meia-idade, est\u00e1 de p\u00e9 atr\u00e1s delas, tamb\u00e9m vestindo uma camiseta roxa com o mesmo logotipo. O fundo da imagem \u00e9 uma constru\u00e7\u00e3o de tijolos claros com janelas arqueadas e uma cerca de metal. H\u00e1 \u00e1rvores e vegeta\u00e7\u00e3o vis\u00edveis no fundo. A imagem \u00e9 bem iluminada e n\u00edtida, e captura um momento alegre e positivo da equipe de gin\u00e1stica r\u00edtmica.\" class=\"wp-image-107364\" srcset=\"https:\/\/piracicaba.sp.gov.br\/wp-content\/uploads\/2025\/07\/Alunos-do-nucleo-Estacao-da-Paulista-estarao-participando-do-festival-de-GR-1024x763.jpg 1024w, https:\/\/piracicaba.sp.gov.br\/wp-content\/uploads\/2025\/07\/Alunos-do-nucleo-Estacao-da-Paulista-estarao-participando-do-festival-de-GR-300x224.jpg 300w, https:\/\/piracicaba.sp.gov.br\/wp-content\/uploads\/2025\/07\/Alunos-do-nucleo-Estacao-da-Paulista-estarao-participando-do-festival-de-GR-768x572.jpg 768w, https:\/\/piracicaba.sp.gov.br\/wp-content\/uploads\/2025\/07\/Alunos-do-nucleo-Estacao-da-Paulista-estarao-participando-do-festival-de-GR.jpg 1209w\" data-sizes=\"(max-width: 1024px) 100vw, 1024px\"\/><figcaption class=\"wp-element-caption\"><strong><em><sub>Alunos do n\u00facleo Esta\u00e7\u00e3o da Paulista estar\u00e3o participando do festival de GR<\/sub><\/em><\/strong><\/figcaption><\/figure>\n<p>A Prefeitura de Piracicaba, por meio da Secretaria Municipal de Esportes, Lazer e Atividades Motoras, realiza tr\u00eas festivais esportivos no pr\u00f3ximo fim de semana. As atividades envolver\u00e3o cerca de 200 alunos, integrantes do PDB (Projeto Desporto de Base), na faixa et\u00e1ria dos 7 aos 17 anos, das modalidades de basquete, handebol e gin\u00e1stica.<\/p>\n<p>Na manh\u00e3 do s\u00e1bado (05\/07), a partir das 8h30, ser\u00e1 realizado o 1\u00ba Festival de Handebol, no Gin\u00e1sio da Pauliceia \u201cAlfredo de Almeida Leite\u201d (Rua Dona Idalina, 351). O evento contar\u00e1 com 60 alunos de quatro n\u00facleos\/turmas da modalidade (Gin\u00e1sio da Pauliceia e Parque Prezotto), sob orienta\u00e7\u00e3o da professora Viviane Lima.<\/p>\n<figure class=\"wp-block-image size-full\"><img data-recalc-dims=\"1\" loading=\"lazy\" data-lazyloaded=\"1\" data-placeholder-resp=\"810x742\" decoding=\"async\" width=\"696\" height=\"638\" src=\"https:\/\/i0.wp.com\/piracicaba.sp.gov.br\/wp-content\/uploads\/2025\/07\/Festival-de-handebol-acontece-sabado-no-Ginasio-da-Pauliceia.jpg?resize=696%2C638&#038;ssl=1\" alt=\"A imagem mostra sete jovens rapazes jogando handball num espa\u00e7o ao ar livre, num dia nublado. O cen\u00e1rio inclui \u00e1rvores e um c\u00e9u cinzento. Os rapazes vestem uniformes de desporto, sendo que alguns usam camisolas azuis e outros camisolas verde-lim\u00e3o. Todos parecem estar concentrados no jogo, com alguns a passarem a bola e outros a tentarem intercept\u00e1-la. O ch\u00e3o parece ser de asfalto ou bet\u00e3o. A atmosfera geral \u00e9 de atividade desportiva juvenil, num ambiente exterior calmo e sereno. A imagem est\u00e1 bem iluminada, apesar do c\u00e9u nublado, e a qualidade \u00e9 boa, permitindo uma boa visualiza\u00e7\u00e3o dos detalhes.\" class=\"wp-image-107365\" srcset=\"https:\/\/piracicaba.sp.gov.br\/wp-content\/uploads\/2025\/07\/Festival-de-handebol-acontece-sabado-no-Ginasio-da-Pauliceia.jpg 810w, https:\/\/piracicaba.sp.gov.br\/wp-content\/uploads\/2025\/07\/Festival-de-handebol-acontece-sabado-no-Ginasio-da-Pauliceia-300x275.jpg 300w, https:\/\/piracicaba.sp.gov.br\/wp-content\/uploads\/2025\/07\/Festival-de-handebol-acontece-sabado-no-Ginasio-da-Pauliceia-768x704.jpg 768w\" data-sizes=\"(max-width: 810px) 100vw, 810px\"\/><figcaption class=\"wp-element-caption\"><strong><em><sub>Festival de handebol acontece s\u00e1bado no Gin\u00e1sio da Paulic\u00e9ia<\/sub><\/em><\/strong><\/figcaption><\/figure>\n<p>Ainda no s\u00e1bado, acontece o festival de basquete, das 8h30 \u00e0s 11h30, no Gin\u00e1sio Municipal Waldemar Blatkauskas, para cerca de 50 alunos, na faixa et\u00e1ria dos 7 aos 12 anos, dos n\u00facleos do Sol Nascente e Gin\u00e1sio Municipal Waldemar Blatkauskas. De acordo com a professora Ana Cristina Christofoletti, a proposta do festival \u00e9 promover brincadeiras, recrea\u00e7\u00e3o, fundamentos do basquete e partidas entre os participantes.<\/p>\n<p>Para fechar a programa\u00e7\u00e3o dos festivais, no domingo (06\/07), ocorre o festival de gin\u00e1stica r\u00edtmica, das 9h \u00e0s 14h, tamb\u00e9m no Gin\u00e1sio Municipal Waldemar Blatkauskas. Sob orienta\u00e7\u00e3o da professora Maria Rosana da Silva Reis, a atividades contar\u00e3o com 90 alunos, na faixa et\u00e1ria dos 7 aos 15 anos, dos n\u00facleos Esta\u00e7\u00e3o da Paulista e participa\u00e7\u00e3o da Casa do Hip Hop.<\/p>\n<p>De acordo com a professora, durante o festival acontece o Torneio de Inverno da modalidade, al\u00e9m de apresentac\u00f5es de arcos, bolas, fitas e ma\u00e7as. Haver\u00e1 ainda apresenta\u00e7\u00e3o de um trio com ex-alunas da modalidade.<\/p>\n<p>De acordo com o secret\u00e1rio municipal de Esportes, Roger Carneiro, a realiza\u00e7\u00e3o de\u00a0<em>festivais<\/em>\u00a0\u00e9 importante para o desenvolvimento de atletas e para a promo\u00e7\u00e3o do esporte, incentivando a pr\u00e1tica e a inclus\u00e3o social. \u201cAl\u00e9m disso, os festivais promovem a revela\u00e7\u00e3o e forma\u00e7\u00e3o de atletas de m\u00e9dio e alto n\u00edvel, que podem vir a representar o munic\u00edpio nos Jogos Regionais e Abertos, bem como atuar em clubes e equipes profissionais\u201d, destacou.<\/p>\n<p><strong>SERVI\u00c7O<\/strong>\u00a0\u2013 A popula\u00e7\u00e3o em geral pode acompanhar gratuitamente os festivais. Outras informa\u00e7\u00f5es sobre as modalidades (hor\u00e1rio, aulas e turmas) podem ser obtidas por meio do telefone 3433-3825 (PDB).<\/p>\n<\/div>\n<p><br \/>\n<br \/><a href=\"https:\/\/piracicaba.sp.gov.br\/noticias\/festivais-esportivos-da-prefeitura-devem-reunir-200-alunos-do-pdb\/\" rel=\"noopener\">Informa\u00e7\u00f5es PMP <\/a><\/p>\n","protected":false},"excerpt":{"rendered":"<p>Alunos do n\u00facleo Esta\u00e7\u00e3o da Paulista estar\u00e3o participando do festival de GR A Prefeitura de Piracicaba, por meio da Secretaria Municipal de Esportes, Lazer e Atividades Motoras, realiza tr\u00eas festivais esportivos no pr\u00f3ximo fim de semana. As atividades envolver\u00e3o cerca de 200 alunos, integrantes do PDB (Projeto Desporto de Base), na faixa et\u00e1ria dos 7 [&hellip;]<\/p>\n","protected":false},"author":1,"featured_media":38064,"comment_status":"open","ping_status":"open","sticky":false,"template":"","format":"standard","meta":{"_jetpack_newsletter_access":"","_jetpack_dont_email_post_to_subs":false,"_jetpack_newsletter_tier_id":0,"_jetpack_memberships_contains_paywalled_content":false,"_mbp_banners":[],"_jetpack_feature_clip_id":0,"_jetpack_memberships_contains_paid_content":false,"footnotes":"","jetpack_publicize_message":"","jetpack_publicize_feature_enabled":true,"jetpack_social_post_already_shared":true,"jetpack_social_options":{"image_generator_settings":{"template":"highway","default_image_id":0,"font":"","enabled":false},"version":2},"jetpack_post_was_ever_published":false},"categories":[20],"tags":[],"class_list":["post-38063","post","type-post","status-publish","format-standard","has-post-thumbnail","category-regiao"],"jetpack_publicize_connections":[],"jetpack-related-posts":[],"jetpack_shortlink":"https:\/\/wp.me\/p7Eq1F-9TV","jetpack_sharing_enabled":true,"jetpack_featured_media_url":"https:\/\/i0.wp.com\/guialimeira.com.br\/news\/wp-content\/uploads\/2025\/07\/Alunos-do-nucleo-Estacao-da-Paulista-estarao-participando-do-festival-de-GR-1024x763.jpg?fit=1024%2C763&ssl=1","_links":{"self":[{"href":"https:\/\/guialimeira.com.br\/news\/wp-json\/wp\/v2\/posts\/38063","targetHints":{"allow":["GET"]}}],"collection":[{"href":"https:\/\/guialimeira.com.br\/news\/wp-json\/wp\/v2\/posts"}],"about":[{"href":"https:\/\/guialimeira.com.br\/news\/wp-json\/wp\/v2\/types\/post"}],"author":[{"embeddable":true,"href":"https:\/\/guialimeira.com.br\/news\/wp-json\/wp\/v2\/users\/1"}],"replies":[{"embeddable":true,"href":"https:\/\/guialimeira.com.br\/news\/wp-json\/wp\/v2\/comments?post=38063"}],"version-history":[{"count":0,"href":"https:\/\/guialimeira.com.br\/news\/wp-json\/wp\/v2\/posts\/38063\/revisions"}],"wp:featuredmedia":[{"embeddable":true,"href":"https:\/\/guialimeira.com.br\/news\/wp-json\/wp\/v2\/media\/38064"}],"wp:attachment":[{"href":"https:\/\/guialimeira.com.br\/news\/wp-json\/wp\/v2\/media?parent=38063"}],"wp:term":[{"taxonomy":"category","embeddable":true,"href":"https:\/\/guialimeira.com.br\/news\/wp-json\/wp\/v2\/categories?post=38063"},{"taxonomy":"post_tag","embeddable":true,"href":"https:\/\/guialimeira.com.br\/news\/wp-json\/wp\/v2\/tags?post=38063"}],"curies":[{"name":"wp","href":"https:\/\/api.w.org\/{rel}","templated":true}]}}