{"id":38055,"date":"2025-07-02T18:03:44","date_gmt":"2025-07-02T21:03:44","guid":{"rendered":"https:\/\/guialimeira.com.br\/?p=38055"},"modified":"2025-07-02T18:03:44","modified_gmt":"2025-07-02T21:03:44","slug":"rua-francisco-minatel-no-eldorado-passa-a-ter-sentido-unico-prefeitura-municipal-de-cordeiropolis","status":"publish","type":"post","link":"https:\/\/guialimeira.com.br\/news\/rua-francisco-minatel-no-eldorado-passa-a-ter-sentido-unico-prefeitura-municipal-de-cordeiropolis\/","title":{"rendered":"Rua Francisco Minatel, no Eldorado, passa a ter sentido \u00fanico \u2013 Prefeitura Municipal de Cordeir\u00f3polis"},"content":{"rendered":"<p> <br \/>\n<\/p>\n<div>\n<p>A Secretaria de Seguran\u00e7a P\u00fablica e Tr\u00e2nsito informa que a Rua Francisco Minatel, no trecho entre a Rua dos L\u00edrios e a Rua Pedro Zanarelli, no Jardim Eldorado, passar\u00e1 a ter sentido \u00fanico \u2013 bairro\/Centro. A mudan\u00e7a ocorre a partir desta sexta-feira (4).<\/p>\n<p>A medida foi adotada ap\u00f3s avalia\u00e7\u00e3o t\u00e9cnica da secretaria, que identificou a necessidade de reorganizar o fluxo de ve\u00edculos para melhorar a seguran\u00e7a vi\u00e1ria na regi\u00e3o e evitar acidentes. A pasta orienta os motoristas e pedestres a redobrarem a aten\u00e7\u00e3o ao transitarem pela via.<\/p>\n<p>Com a mudan\u00e7a, motoristas que desejarem acessar o Jardim Eldorado e estiverem na Rua Pedro Zanarelli, dever\u00e3o utilizar a rotat\u00f3ria da Avenida Presidente Vargas como novo trajeto. A sinaliza\u00e7\u00e3o ser\u00e1 atualizada no local para orientar os condutores.<\/p>\n<\/p><\/div>\n<p><br \/>\n<br \/><a href=\"https:\/\/www.cordeiropolis.sp.gov.br\/rua-francisco-minatel-no-eldorado-passa-a-ter-sentido-unico\/\" rel=\"noopener\">Informa\u00e7\u00f5es Cordeir\u00f3polis <\/a><\/p>\n","protected":false},"excerpt":{"rendered":"<p>A Secretaria de Seguran\u00e7a P\u00fablica e Tr\u00e2nsito informa que a Rua Francisco Minatel, no trecho entre a Rua dos L\u00edrios e a Rua Pedro Zanarelli, no Jardim Eldorado, passar\u00e1 a ter sentido \u00fanico \u2013 bairro\/Centro. A mudan\u00e7a ocorre a partir desta sexta-feira (4). A medida foi adotada ap\u00f3s avalia\u00e7\u00e3o t\u00e9cnica da secretaria, que identificou a [&hellip;]<\/p>\n","protected":false},"author":1,"featured_media":0,"comment_status":"open","ping_status":"open","sticky":false,"template":"","format":"standard","meta":{"_jetpack_newsletter_access":"","_jetpack_dont_email_post_to_subs":false,"_jetpack_newsletter_tier_id":0,"_jetpack_memberships_contains_paywalled_content":false,"_mbp_banners":[],"_jetpack_feature_clip_id":0,"_jetpack_memberships_contains_paid_content":false,"footnotes":"","jetpack_publicize_message":"","jetpack_publicize_feature_enabled":true,"jetpack_social_post_already_shared":true,"jetpack_social_options":{"image_generator_settings":{"template":"highway","default_image_id":0,"font":"","enabled":false},"version":2},"jetpack_post_was_ever_published":false},"categories":[20],"tags":[],"class_list":["post-38055","post","type-post","status-publish","format-standard","category-regiao"],"jetpack_publicize_connections":[],"jetpack-related-posts":[],"jetpack_shortlink":"https:\/\/wp.me\/p7Eq1F-9TN","jetpack_sharing_enabled":true,"jetpack_featured_media_url":"","_links":{"self":[{"href":"https:\/\/guialimeira.com.br\/news\/wp-json\/wp\/v2\/posts\/38055","targetHints":{"allow":["GET"]}}],"collection":[{"href":"https:\/\/guialimeira.com.br\/news\/wp-json\/wp\/v2\/posts"}],"about":[{"href":"https:\/\/guialimeira.com.br\/news\/wp-json\/wp\/v2\/types\/post"}],"author":[{"embeddable":true,"href":"https:\/\/guialimeira.com.br\/news\/wp-json\/wp\/v2\/users\/1"}],"replies":[{"embeddable":true,"href":"https:\/\/guialimeira.com.br\/news\/wp-json\/wp\/v2\/comments?post=38055"}],"version-history":[{"count":1,"href":"https:\/\/guialimeira.com.br\/news\/wp-json\/wp\/v2\/posts\/38055\/revisions"}],"predecessor-version":[{"id":38056,"href":"https:\/\/guialimeira.com.br\/news\/wp-json\/wp\/v2\/posts\/38055\/revisions\/38056"}],"wp:attachment":[{"href":"https:\/\/guialimeira.com.br\/news\/wp-json\/wp\/v2\/media?parent=38055"}],"wp:term":[{"taxonomy":"category","embeddable":true,"href":"https:\/\/guialimeira.com.br\/news\/wp-json\/wp\/v2\/categories?post=38055"},{"taxonomy":"post_tag","embeddable":true,"href":"https:\/\/guialimeira.com.br\/news\/wp-json\/wp\/v2\/tags?post=38055"}],"curies":[{"name":"wp","href":"https:\/\/api.w.org\/{rel}","templated":true}]}}