{"id":38048,"date":"2025-07-02T17:04:36","date_gmt":"2025-07-02T20:04:36","guid":{"rendered":"https:\/\/guialimeira.com.br\/2025\/07\/02\/prefeitura-segue-com-obras-de-construcao-e-reforco-estrutural-na-canalizacao-do-corrego-itapeva-portal-do-municipio-de-piracicaba\/"},"modified":"2025-07-02T17:04:36","modified_gmt":"2025-07-02T20:04:36","slug":"prefeitura-segue-com-obras-de-construcao-e-reforco-estrutural-na-canalizacao-do-corrego-itapeva-portal-do-municipio-de-piracicaba","status":"publish","type":"post","link":"https:\/\/guialimeira.com.br\/news\/prefeitura-segue-com-obras-de-construcao-e-reforco-estrutural-na-canalizacao-do-corrego-itapeva-portal-do-municipio-de-piracicaba\/","title":{"rendered":"Prefeitura segue com obras de constru\u00e7\u00e3o e refor\u00e7o estrutural na canaliza\u00e7\u00e3o do c\u00f3rrego Itapeva \u2013 Portal do Munic\u00edpio de Piracicaba"},"content":{"rendered":"<p> <br \/>\n<\/p>\n<div>\n<figure class=\"wp-block-image size-large\"><img data-recalc-dims=\"1\" data-lazyloaded=\"1\" data-placeholder-resp=\"1024x576\" fetchpriority=\"high\" decoding=\"async\" width=\"696\" height=\"392\" src=\"https:\/\/i0.wp.com\/piracicaba.sp.gov.br\/wp-content\/uploads\/2025\/07\/Tambem-esta-sendo-construido-poco-de-deflexao-com-nove-metros-de-diametro-que-servira-como-conexao-1024x576.jpg?resize=696%2C392&#038;ssl=1\" alt=\"A imagem mostra uma obra de constru\u00e7\u00e3o civil em andamento. H\u00e1 uma escavadeira hidr\u00e1ulica Hyundai, de cor amarela e preta, posicionada pr\u00f3xima a uma vala onde trabalhadores est\u00e3o construindo um t\u00fanel ou passagem subterr\u00e2nea. Os trabalhadores usam capacetes e roupas de prote\u00e7\u00e3o. O local parece ser uma \u00e1rea urbana, com pr\u00e9dios e uma esta\u00e7\u00e3o de gasolina ao fundo, separados por uma cerca de arame. O solo \u00e9 predominantemente vermelho-terra. A estrutura em constru\u00e7\u00e3o parece ser de concreto, com arma\u00e7\u00e3o de a\u00e7o vis\u00edvel. H\u00e1 alguns trabalhadores manipulando concreto e outros aparentemente supervisionando a obra. A imagem sugere uma constru\u00e7\u00e3o de infraestrutura urbana, possivelmente um projeto de drenagem ou passagem subterr\u00e2nea.\" class=\"wp-image-107423\" srcset=\"https:\/\/piracicaba.sp.gov.br\/wp-content\/uploads\/2025\/07\/Tambem-esta-sendo-construido-poco-de-deflexao-com-nove-metros-de-diametro-que-servira-como-conexao-1024x576.jpg 1024w, https:\/\/piracicaba.sp.gov.br\/wp-content\/uploads\/2025\/07\/Tambem-esta-sendo-construido-poco-de-deflexao-com-nove-metros-de-diametro-que-servira-como-conexao-300x169.jpg 300w, https:\/\/piracicaba.sp.gov.br\/wp-content\/uploads\/2025\/07\/Tambem-esta-sendo-construido-poco-de-deflexao-com-nove-metros-de-diametro-que-servira-como-conexao-768x432.jpg 768w, https:\/\/piracicaba.sp.gov.br\/wp-content\/uploads\/2025\/07\/Tambem-esta-sendo-construido-poco-de-deflexao-com-nove-metros-de-diametro-que-servira-como-conexao-1536x864.jpg 1536w, https:\/\/piracicaba.sp.gov.br\/wp-content\/uploads\/2025\/07\/Tambem-esta-sendo-construido-poco-de-deflexao-com-nove-metros-de-diametro-que-servira-como-conexao-2048x1152.jpg 2048w\" data-sizes=\"(max-width: 1024px) 100vw, 1024px\"\/><figcaption class=\"wp-element-caption\"><strong><em><sub>Tamb\u00e9m est\u00e1 sendo constru\u00eddo po\u00e7o de deflex\u00e3o, com nove metros de di\u00e2metro, que servir\u00e1 como conex\u00e3o<\/sub><\/em><\/strong><\/figcaption><\/figure>\n<p>A Prefeitura de Piracicaba, por meio da Secretaria de Obras, Infraestrutura e Servi\u00e7os P\u00fablicos, segue as obras de constru\u00e7\u00e3o e refor\u00e7o estrutural em trecho de galeria de canaliza\u00e7\u00e3o do c\u00f3rrego ltapeva, em \u00e1rea que pertence ao Clube de Campo de Piracicaba (CCP).\u00a0<\/p>\n<p>O projeto contempla a substitui\u00e7\u00e3o de trecho de galeria no curso d\u2019\u00e1gua, por necessidade de seguran\u00e7a contra riscos de colapso das estruturas existentes. Por isso, as obras incluem demoli\u00e7\u00e3o e reconstru\u00e7\u00e3o de novo trecho, de 86 metros de extens\u00e3o.<\/p>\n<p>A \u00e1rea foi afetada por uma grande eros\u00e3o, causada por chuvas intensas que prejudicaram a galeria existente, que j\u00e1 \u00e9 bastante antiga. Por isso a op\u00e7\u00e3o de construir uma nova galeria, paralela a que existe e que ser\u00e1 inutilizada.<\/p>\n<p>O sistema compreende trecho de galeria pr\u00e9-moldada com maior capacidade de vaz\u00e3o sem impactar criticamente as dimens\u00f5es locais, adotando trecho paralelo de galeria em aduelas de 2,5m x 2,5m. O sistema ter\u00e1 capacidade de vaz\u00e3o de 72,34 m3\/segundo. Tamb\u00e9m est\u00e1 sendo constru\u00eddo po\u00e7o de deflex\u00e3o, com nove metros de di\u00e2metro, que servir\u00e1 como conex\u00e3o entre as novas aduelas e a parte antiga do canal da galeria.<\/p>\n<figure class=\"wp-block-image size-large\"><img data-recalc-dims=\"1\" loading=\"lazy\" data-lazyloaded=\"1\" data-placeholder-resp=\"1024x576\" decoding=\"async\" width=\"696\" height=\"392\" src=\"https:\/\/i0.wp.com\/piracicaba.sp.gov.br\/wp-content\/uploads\/2025\/07\/Obras-incluem-demolicao-e-reconstrucao-de-novo-trecho-de-86-metros-de-extensao-1024x576.jpg?resize=696%2C392&#038;ssl=1\" alt=\"A imagem mostra uma obra de constru\u00e7\u00e3o em um campo de esportes. H\u00e1 uma escava\u00e7\u00e3o significativa revelando uma estrutura circular de concreto parcialmente enterrada, que parece ser um tipo de passagem subterr\u00e2nea ou tubula\u00e7\u00e3o. Ao redor da escava\u00e7\u00e3o, h\u00e1 terra exposta, ve\u00edculos (uma van e dois carros), cont\u00eaineres e cones de sinaliza\u00e7\u00e3o, indicando uma \u00e1rea de constru\u00e7\u00e3o ativa. H\u00e1 tamb\u00e9m uma cerca, arquibancadas e um campo gramado vis\u00edveis ao fundo, sugerindo que a obra est\u00e1 sendo realizada dentro ou pr\u00f3ximo a um complexo esportivo existente. A vegeta\u00e7\u00e3o ao redor \u00e9 abundante, sugerindo um ambiente urbano com \u00e1reas verdes. A imagem parece ter sido tirada de um drone ou de um ponto de vista elevado.\" class=\"wp-image-107424\" srcset=\"https:\/\/piracicaba.sp.gov.br\/wp-content\/uploads\/2025\/07\/Obras-incluem-demolicao-e-reconstrucao-de-novo-trecho-de-86-metros-de-extensao-1024x576.jpg 1024w, https:\/\/piracicaba.sp.gov.br\/wp-content\/uploads\/2025\/07\/Obras-incluem-demolicao-e-reconstrucao-de-novo-trecho-de-86-metros-de-extensao-300x169.jpg 300w, https:\/\/piracicaba.sp.gov.br\/wp-content\/uploads\/2025\/07\/Obras-incluem-demolicao-e-reconstrucao-de-novo-trecho-de-86-metros-de-extensao-768x432.jpg 768w, https:\/\/piracicaba.sp.gov.br\/wp-content\/uploads\/2025\/07\/Obras-incluem-demolicao-e-reconstrucao-de-novo-trecho-de-86-metros-de-extensao-1536x864.jpg 1536w, https:\/\/piracicaba.sp.gov.br\/wp-content\/uploads\/2025\/07\/Obras-incluem-demolicao-e-reconstrucao-de-novo-trecho-de-86-metros-de-extensao.jpg 1600w\" data-sizes=\"(max-width: 1024px) 100vw, 1024px\"\/><figcaption class=\"wp-element-caption\"><strong><em><sub>Obras incluem demoli\u00e7\u00e3o e reconstru\u00e7\u00e3o de novo trecho, de 86 metros de extens\u00e3o<\/sub><\/em><\/strong><\/figcaption><\/figure>\n<p>A bacia do c\u00f3rrego Itapeva tem uma \u00e1rea de drenagem de 788 hectares; o c\u00f3rrego foi \u00a0canalizado em meados dos anos 1950, tendo um trecho, ao longo da avenida Armando de Salles Oliveira, com canaliza\u00e7\u00e3o fechada e, na avenida 31 de Mar\u00e7o, a c\u00e9u aberto.<\/p>\n<\/div>\n<p><br \/>\n<br \/><a href=\"https:\/\/piracicaba.sp.gov.br\/noticias\/prefeitura-segue-com-obras-de-construcao-e-reforco-estrutural-na-canalizacao-do-corrego-itapeva\/\" rel=\"noopener\">Informa\u00e7\u00f5es PMP <\/a><\/p>\n","protected":false},"excerpt":{"rendered":"<p>Tamb\u00e9m est\u00e1 sendo constru\u00eddo po\u00e7o de deflex\u00e3o, com nove metros de di\u00e2metro, que servir\u00e1 como conex\u00e3o A Prefeitura de Piracicaba, por meio da Secretaria de Obras, Infraestrutura e Servi\u00e7os P\u00fablicos, segue as obras de constru\u00e7\u00e3o e refor\u00e7o estrutural em trecho de galeria de canaliza\u00e7\u00e3o do c\u00f3rrego ltapeva, em \u00e1rea que pertence ao Clube de Campo [&hellip;]<\/p>\n","protected":false},"author":1,"featured_media":38049,"comment_status":"open","ping_status":"open","sticky":false,"template":"","format":"standard","meta":{"_jetpack_newsletter_access":"","_jetpack_dont_email_post_to_subs":false,"_jetpack_newsletter_tier_id":0,"_jetpack_memberships_contains_paywalled_content":false,"_mbp_banners":[],"_jetpack_feature_clip_id":0,"_jetpack_memberships_contains_paid_content":false,"footnotes":"","jetpack_publicize_message":"","jetpack_publicize_feature_enabled":true,"jetpack_social_post_already_shared":true,"jetpack_social_options":{"image_generator_settings":{"template":"highway","default_image_id":0,"font":"","enabled":false},"version":2},"jetpack_post_was_ever_published":false},"categories":[20],"tags":[],"class_list":["post-38048","post","type-post","status-publish","format-standard","has-post-thumbnail","category-regiao"],"jetpack_publicize_connections":[],"jetpack-related-posts":[],"jetpack_shortlink":"https:\/\/wp.me\/p7Eq1F-9TG","jetpack_sharing_enabled":true,"jetpack_featured_media_url":"https:\/\/i0.wp.com\/guialimeira.com.br\/news\/wp-content\/uploads\/2025\/07\/Tambem-esta-sendo-construido-poco-de-deflexao-com-nove-metros-de-diametro-que-servira-como-conexao-1.jpeg?fit=1024%2C576&ssl=1","_links":{"self":[{"href":"https:\/\/guialimeira.com.br\/news\/wp-json\/wp\/v2\/posts\/38048","targetHints":{"allow":["GET"]}}],"collection":[{"href":"https:\/\/guialimeira.com.br\/news\/wp-json\/wp\/v2\/posts"}],"about":[{"href":"https:\/\/guialimeira.com.br\/news\/wp-json\/wp\/v2\/types\/post"}],"author":[{"embeddable":true,"href":"https:\/\/guialimeira.com.br\/news\/wp-json\/wp\/v2\/users\/1"}],"replies":[{"embeddable":true,"href":"https:\/\/guialimeira.com.br\/news\/wp-json\/wp\/v2\/comments?post=38048"}],"version-history":[{"count":0,"href":"https:\/\/guialimeira.com.br\/news\/wp-json\/wp\/v2\/posts\/38048\/revisions"}],"wp:featuredmedia":[{"embeddable":true,"href":"https:\/\/guialimeira.com.br\/news\/wp-json\/wp\/v2\/media\/38049"}],"wp:attachment":[{"href":"https:\/\/guialimeira.com.br\/news\/wp-json\/wp\/v2\/media?parent=38048"}],"wp:term":[{"taxonomy":"category","embeddable":true,"href":"https:\/\/guialimeira.com.br\/news\/wp-json\/wp\/v2\/categories?post=38048"},{"taxonomy":"post_tag","embeddable":true,"href":"https:\/\/guialimeira.com.br\/news\/wp-json\/wp\/v2\/tags?post=38048"}],"curies":[{"name":"wp","href":"https:\/\/api.w.org\/{rel}","templated":true}]}}