{"id":38023,"date":"2025-07-02T00:49:02","date_gmt":"2025-07-02T03:49:02","guid":{"rendered":"https:\/\/guialimeira.com.br\/2025\/07\/02\/julho-chega-com-calendario-esportivo-repleto-de-eventos-portal-do-municipio-de-piracicaba\/"},"modified":"2025-07-02T00:49:02","modified_gmt":"2025-07-02T03:49:02","slug":"julho-chega-com-calendario-esportivo-repleto-de-eventos-portal-do-municipio-de-piracicaba","status":"publish","type":"post","link":"https:\/\/guialimeira.com.br\/news\/julho-chega-com-calendario-esportivo-repleto-de-eventos-portal-do-municipio-de-piracicaba\/","title":{"rendered":"Julho chega com calend\u00e1rio esportivo repleto de eventos \u2013 Portal do Munic\u00edpio de Piracicaba"},"content":{"rendered":"<p> <br \/>\n<\/p>\n<div>\n<figure class=\"wp-block-image size-full\"><img data-recalc-dims=\"1\" data-lazyloaded=\"1\" data-placeholder-resp=\"710x474\" fetchpriority=\"high\" decoding=\"async\" width=\"696\" height=\"465\" src=\"https:\/\/i0.wp.com\/piracicaba.sp.gov.br\/wp-content\/uploads\/2025\/07\/Terceira-etapa-do-Circuito-Cidades-Paulista-sera-uma-das-atracoes-do-calendario-Foto-Rede-Acesso.jpg?resize=696%2C465&#038;ssl=1\" alt=\"A imagem mostra uma corrida de rua, com v\u00e1rios corredores passando por um arco de chegada. O arco tem uma placa que diz &quot;CIDADES PAULISTAS&quot; e um cron\u00f4metro digital marcando &quot;00:00:02&quot;. H\u00e1 espectadores ao longo do percurso, alguns segurando telefones celulares, aparentemente tirando fotos ou v\u00eddeos dos corredores. Os corredores est\u00e3o vestindo diferentes roupas de corrida, alguns com n\u00fameros de identifica\u00e7\u00e3o vis\u00edveis. O ambiente parece ser um parque ou \u00e1rea verde, com \u00e1rvores ao fundo. A imagem captura um momento de a\u00e7\u00e3o e competi\u00e7\u00e3o, com os corredores focados em cruzar a linha de chegada. A atmosfera geral \u00e9 de entusiasmo e energia.\" class=\"wp-image-107321\" srcset=\"https:\/\/piracicaba.sp.gov.br\/wp-content\/uploads\/2025\/07\/Terceira-etapa-do-Circuito-Cidades-Paulista-sera-uma-das-atracoes-do-calendario-Foto-Rede-Acesso.jpg 710w, https:\/\/piracicaba.sp.gov.br\/wp-content\/uploads\/2025\/07\/Terceira-etapa-do-Circuito-Cidades-Paulista-sera-uma-das-atracoes-do-calendario-Foto-Rede-Acesso-300x200.jpg 300w\" data-sizes=\"(max-width: 710px) 100vw, 710px\"\/><figcaption class=\"wp-element-caption\"><strong><em><sub>Terceira etapa do Circuito Cidades Paulista ser\u00e1 uma das atra\u00e7\u00f5es do calend\u00e1rio \u2013 Foto \u2013 Rede Acesso<\/sub><\/em><\/strong><\/figcaption><\/figure>\n<p>Julho chega com um calend\u00e1rio repleto de eventos esportivos que a Prefeitura de Piracicaba, por meio da Secretaria Municipal de Esportes, Lazer e Atividades Motoras, programou para o m\u00eas, com objetivo de promover a pr\u00e1tica esportiva, estimular a competi\u00e7\u00e3o saud\u00e1vel, al\u00e9m de gerar impacto econ\u00f4mico e social.<\/p>\n<p>Al\u00e9m dos eventos que contam com apoio da Prefeitura, em parceria com entidades, clubes e associa\u00e7\u00f5es, a grande novidade \u00e9 o\u00a0MovimentAr \u2013 F\u00e9rias na Avenida que ser\u00e1 realizado\u00a0nos pr\u00f3ximos domingos, dias 6, 13 e 20\/07, das 8h \u00e0s 12h, no\u00a0cal\u00e7ad\u00e3o da avenida Renato Wagner, que ficar\u00e1 fechada para o tr\u00e1fego de ve\u00edculos. A realiza\u00e7\u00e3o \u00e9 das secretarias municipais de Turismo, Cultura e Esportes, em parceria com o Sesc.<\/p>\n<p>Na programa\u00e7\u00e3o constam viv\u00eancias de jud\u00f4, t\u00eanis de mesa, gin\u00e1stica, atletismo, karat\u00ea, v\u00f4lei adaptado, yoga, capoeira, pilates e canoagem, bem como m\u00fasica ao vivo, circo, dan\u00e7a e recrea\u00e7\u00e3o. Estar\u00e3o no local, ainda, food trucks, com diversas op\u00e7\u00f5es gastron\u00f4micas.<\/p>\n<figure class=\"wp-block-image size-large\"><img data-recalc-dims=\"1\" loading=\"lazy\" data-lazyloaded=\"1\" data-placeholder-resp=\"1024x768\" decoding=\"async\" width=\"696\" height=\"522\" src=\"https:\/\/i0.wp.com\/piracicaba.sp.gov.br\/wp-content\/uploads\/2025\/07\/Festival-de-ginastica-acontyece-domingo-no-Ginasio-Municipal-Waldemar-Blatkauskas-1024x768.jpg?resize=696%2C522&#038;ssl=1\" alt=\"A imagem mostra seis jovens ginastas em uma quadra azul ao ar livre, praticando gin\u00e1stica r\u00edtmica. Elas est\u00e3o vestindo uniformes roxos com o logo &quot;Gin\u00e1stica R\u00edtmica&quot; e est\u00e3o usando aros. Algumas est\u00e3o em posi\u00e7\u00f5es de alongamento, enquanto outras est\u00e3o sentadas ou deitadas. Ao fundo, h\u00e1 um pr\u00e9dio de tijolos amarelos e pessoas observando. O cen\u00e1rio \u00e9 ensolarado e parece ser um dia agrad\u00e1vel. A imagem transmite uma sensa\u00e7\u00e3o de juventude, energia e dedica\u00e7\u00e3o ao esporte.\" class=\"wp-image-107320\" srcset=\"https:\/\/piracicaba.sp.gov.br\/wp-content\/uploads\/2025\/07\/Festival-de-ginastica-acontyece-domingo-no-Ginasio-Municipal-Waldemar-Blatkauskas-1024x768.jpg 1024w, https:\/\/piracicaba.sp.gov.br\/wp-content\/uploads\/2025\/07\/Festival-de-ginastica-acontyece-domingo-no-Ginasio-Municipal-Waldemar-Blatkauskas-300x225.jpg 300w, https:\/\/piracicaba.sp.gov.br\/wp-content\/uploads\/2025\/07\/Festival-de-ginastica-acontyece-domingo-no-Ginasio-Municipal-Waldemar-Blatkauskas-768x576.jpg 768w, https:\/\/piracicaba.sp.gov.br\/wp-content\/uploads\/2025\/07\/Festival-de-ginastica-acontyece-domingo-no-Ginasio-Municipal-Waldemar-Blatkauskas.jpg 1280w\" data-sizes=\"(max-width: 1024px) 100vw, 1024px\"\/><figcaption class=\"wp-element-caption\"><strong><em><sub>Festival de gin\u00e1stica acontece domingo no Gin\u00e1sio Municipal Waldemar Blatkauskas<\/sub><\/em><\/strong><\/figcaption><\/figure>\n<p>Segundo Roger Carneiro, secret\u00e1rio de Esportes, uma equipe t\u00e9cnica de professores da Pasta acompanhar\u00e1 as atividades, visando a seguran\u00e7a na execu\u00e7\u00e3o dos movimentos esportivos. \u201cNosso objetivo \u00e9 despertar e incentivar h\u00e1bitos saud\u00e1veis. Queremos que os participantes finalizem as atividades sempre com o desejo de quero mais, por isso teremos os profissionais e parceiros da Secretaria \u00e0 disposi\u00e7\u00e3o para conduzir e orientar o p\u00fablico\u201d, disse.<\/p>\n<p>O grande destaque no calend\u00e1rio do m\u00eas \u00e9 participa\u00e7\u00e3o de Piracicaba na\u00a067\u00aa edi\u00e7\u00e3o dos Jogos Regionais\u00a0que acontece de 16 a 27 de julho, em Lins. O munic\u00edpio contar\u00e1 com 46 equipes no evento que deve reunir\u00a05.000\u00a0atletas da 3\u00aa Regi\u00e3o Esportiva do Estado,\u00a0da\u00a0qual fazem parte cidades como Bauru, Ja\u00fa e Botucatu.<\/p>\n<p>Outro ponto relevante \u00e9 a realiza\u00e7\u00e3o de corridas de ruas que re\u00fanem centenas de participantes, n\u00e3o s\u00f3 de Piracicaba, como tamb\u00e9m de outras cidades da regi\u00e3o. Para abrir o calend\u00e1rio de corridas, no pr\u00f3ximo domingo (06\/07) acontece mais uma etapa do Circuito Cidades Paulistas, com largada \u00e0s 7h, em frente\u00a0ao posto da\u00a0Guarda Civil Municipal\u00a0no\u00a0Parque da Rua do Porto. J\u00e1 no dia 13\/07, ser\u00e1 a vez da Corrida Super Humans (largada no campo do Uni\u00e3o Porto \u2013 regi\u00e3o da Rua do Porto), e no dia 27\/07, acontece a Corrida Vida Mais, prova que ser\u00e1 realizada no bairro Santa Rita.<\/p>\n<p>Al\u00e9m dos eventos acima, a Secretaria de Esportes tamb\u00e9m promover\u00e1 em julho festivais esportivos com alunos do PDB (Projeto Desporto de Base). No s\u00e1bado, 05\/07, acontece o festival de basquete, no Gin\u00e1sio Municipal Waldemar Blatkauskas, das 8h \u00e0s 12h. J\u00e1 no Gin\u00e1sio da Pauliceia, ocorre o festival de handebol, tamb\u00e9m das 8h \u00e0s 12h. No dia seguinte, no Gin\u00e1sio Waldemar Blatkauskas, ser\u00e1 realizado o festival de gin\u00e1stica r\u00edtmica, das 7h \u00e0s 13h. Esses eventos promovem a integra\u00e7\u00e3o entre n\u00facleos esportivos, al\u00e9m de disseminar a pr\u00e1tica das modalidades no munic\u00edpio. Em todo festival a entrada \u00e9 gratuita. Por\u00e9m, a participa\u00e7\u00e3o\u00a0\u00e9 de\u00a0apenas de alunos \u2013 na faixa et\u00e1ria dos 7 aos 17 anos \u2013 que fazem parte do programa.<\/p>\n<p>Para fechar o calend\u00e1rio, haver\u00e1 ainda a realiza\u00e7\u00e3o\u00a0de mais uma edi\u00e7\u00e3o do Caipirandando, no dia 26\/07, ainda sem percurso definido, e a Copa Interior de Capoeira, no dia 27, no Gin\u00e1sio Municipal Waldemar Blatkauskas.<\/p>\n<p>\u201cTeremos um calend\u00e1rio repleto de atividades em julho, sempre com o prop\u00f3sito de divulgar nossos eventos, promover a participa\u00e7\u00e3o da comunidade e incentivar a pr\u00e1tica de atividades f\u00edsicas\u201d, ressaltou Roger Carneiro.<\/p>\n<\/div>\n<p><br \/>\n<br \/><a href=\"https:\/\/piracicaba.sp.gov.br\/noticias\/julho-chega-com-calendario-esportivo-repleto-de-eventos\/\" rel=\"noopener\">Informa\u00e7\u00f5es PMP <\/a><\/p>\n","protected":false},"excerpt":{"rendered":"<p>Terceira etapa do Circuito Cidades Paulista ser\u00e1 uma das atra\u00e7\u00f5es do calend\u00e1rio \u2013 Foto \u2013 Rede Acesso Julho chega com um calend\u00e1rio repleto de eventos esportivos que a Prefeitura de Piracicaba, por meio da Secretaria Municipal de Esportes, Lazer e Atividades Motoras, programou para o m\u00eas, com objetivo de promover a pr\u00e1tica esportiva, estimular a [&hellip;]<\/p>\n","protected":false},"author":1,"featured_media":38024,"comment_status":"open","ping_status":"open","sticky":false,"template":"","format":"standard","meta":{"_jetpack_newsletter_access":"","_jetpack_dont_email_post_to_subs":false,"_jetpack_newsletter_tier_id":0,"_jetpack_memberships_contains_paywalled_content":false,"_mbp_banners":[],"_jetpack_feature_clip_id":0,"_jetpack_memberships_contains_paid_content":false,"footnotes":"","jetpack_publicize_message":"","jetpack_publicize_feature_enabled":true,"jetpack_social_post_already_shared":true,"jetpack_social_options":{"image_generator_settings":{"template":"highway","default_image_id":0,"font":"","enabled":false},"version":2},"jetpack_post_was_ever_published":false},"categories":[20],"tags":[],"class_list":["post-38023","post","type-post","status-publish","format-standard","has-post-thumbnail","category-regiao"],"jetpack_publicize_connections":[],"jetpack-related-posts":[],"jetpack_shortlink":"https:\/\/wp.me\/p7Eq1F-9Th","jetpack_sharing_enabled":true,"jetpack_featured_media_url":"https:\/\/i0.wp.com\/guialimeira.com.br\/news\/wp-content\/uploads\/2025\/07\/Terceira-etapa-do-Circuito-Cidades-Paulista-sera-uma-das-atracoes-do-calendario-Foto-Rede-Acesso.jpg?fit=710%2C474&ssl=1","_links":{"self":[{"href":"https:\/\/guialimeira.com.br\/news\/wp-json\/wp\/v2\/posts\/38023","targetHints":{"allow":["GET"]}}],"collection":[{"href":"https:\/\/guialimeira.com.br\/news\/wp-json\/wp\/v2\/posts"}],"about":[{"href":"https:\/\/guialimeira.com.br\/news\/wp-json\/wp\/v2\/types\/post"}],"author":[{"embeddable":true,"href":"https:\/\/guialimeira.com.br\/news\/wp-json\/wp\/v2\/users\/1"}],"replies":[{"embeddable":true,"href":"https:\/\/guialimeira.com.br\/news\/wp-json\/wp\/v2\/comments?post=38023"}],"version-history":[{"count":0,"href":"https:\/\/guialimeira.com.br\/news\/wp-json\/wp\/v2\/posts\/38023\/revisions"}],"wp:featuredmedia":[{"embeddable":true,"href":"https:\/\/guialimeira.com.br\/news\/wp-json\/wp\/v2\/media\/38024"}],"wp:attachment":[{"href":"https:\/\/guialimeira.com.br\/news\/wp-json\/wp\/v2\/media?parent=38023"}],"wp:term":[{"taxonomy":"category","embeddable":true,"href":"https:\/\/guialimeira.com.br\/news\/wp-json\/wp\/v2\/categories?post=38023"},{"taxonomy":"post_tag","embeddable":true,"href":"https:\/\/guialimeira.com.br\/news\/wp-json\/wp\/v2\/tags?post=38023"}],"curies":[{"name":"wp","href":"https:\/\/api.w.org\/{rel}","templated":true}]}}