{"id":38021,"date":"2025-07-01T23:48:13","date_gmt":"2025-07-02T02:48:13","guid":{"rendered":"https:\/\/guialimeira.com.br\/2025\/07\/01\/prefeitura-recebe-produtores-para-regularizacao-do-cadastro-ambiental-rural-portal-do-municipio-de-piracicaba\/"},"modified":"2025-07-01T23:48:13","modified_gmt":"2025-07-02T02:48:13","slug":"prefeitura-recebe-produtores-para-regularizacao-do-cadastro-ambiental-rural-portal-do-municipio-de-piracicaba","status":"publish","type":"post","link":"https:\/\/guialimeira.com.br\/news\/prefeitura-recebe-produtores-para-regularizacao-do-cadastro-ambiental-rural-portal-do-municipio-de-piracicaba\/","title":{"rendered":"Prefeitura\u00a0recebe produtores para regulariza\u00e7\u00e3o do Cadastro Ambiental Rural \u2013 Portal do Munic\u00edpio de Piracicaba"},"content":{"rendered":"<p> <br \/>\n<\/p>\n<div>\n<figure class=\"wp-block-image size-large\"><img data-recalc-dims=\"1\" data-lazyloaded=\"1\" data-placeholder-resp=\"1024x768\" fetchpriority=\"high\" decoding=\"async\" width=\"696\" height=\"522\" src=\"https:\/\/i0.wp.com\/piracicaba.sp.gov.br\/wp-content\/uploads\/2025\/07\/Secretaria-de-Agricultura-Abastecimento-e-Meio-Ambiente-esta-recebendo-produtores-rurais-interessados-em-regularizar-o-Cadastro-Ambiental-Rural-1024x768.jpg?resize=696%2C522&#038;ssl=1\" alt=\"A imagem mostra uma sala de escrit\u00f3rio com tr\u00eas pessoas sentadas em frente a computadores. Uma mulher de meia idade, com cabelos curtos e ondulados, est\u00e1 sentada numa cadeira de escrit\u00f3rio, usando uma blusa estampada em tons de marrom e bege. Ao seu lado, um homem mais jovem, de cabelos escuros e \u00f3culos, est\u00e1 sentado em frente a um computador, usando uma camiseta branca. Ao fundo, um outro homem de cabelos escuros e camiseta cinza est\u00e1 de p\u00e9, observando a cena. H\u00e1 v\u00e1rios computadores na sala, todos com monitores de tela plana. H\u00e1 tamb\u00e9m uma impressora, um mapa na parede e v\u00e1rias pastas e documentos sobre a mesa. A sala parece ser bem organizada e limpa. A ilumina\u00e7\u00e3o \u00e9 suave, provavelmente natural, e as paredes s\u00e3o claras. A atmosfera geral da imagem sugere uma situa\u00e7\u00e3o de trabalho ou atendimento ao p\u00fablico.\" class=\"wp-image-107324\" srcset=\"https:\/\/piracicaba.sp.gov.br\/wp-content\/uploads\/2025\/07\/Secretaria-de-Agricultura-Abastecimento-e-Meio-Ambiente-esta-recebendo-produtores-rurais-interessados-em-regularizar-o-Cadastro-Ambiental-Rural-1024x768.jpg 1024w, https:\/\/piracicaba.sp.gov.br\/wp-content\/uploads\/2025\/07\/Secretaria-de-Agricultura-Abastecimento-e-Meio-Ambiente-esta-recebendo-produtores-rurais-interessados-em-regularizar-o-Cadastro-Ambiental-Rural-300x225.jpg 300w, https:\/\/piracicaba.sp.gov.br\/wp-content\/uploads\/2025\/07\/Secretaria-de-Agricultura-Abastecimento-e-Meio-Ambiente-esta-recebendo-produtores-rurais-interessados-em-regularizar-o-Cadastro-Ambiental-Rural-768x576.jpg 768w, https:\/\/piracicaba.sp.gov.br\/wp-content\/uploads\/2025\/07\/Secretaria-de-Agricultura-Abastecimento-e-Meio-Ambiente-esta-recebendo-produtores-rurais-interessados-em-regularizar-o-Cadastro-Ambiental-Rural-1536x1152.jpg 1536w, https:\/\/piracicaba.sp.gov.br\/wp-content\/uploads\/2025\/07\/Secretaria-de-Agricultura-Abastecimento-e-Meio-Ambiente-esta-recebendo-produtores-rurais-interessados-em-regularizar-o-Cadastro-Ambiental-Rural.jpg 1600w\" data-sizes=\"(max-width: 1024px) 100vw, 1024px\"\/><figcaption class=\"wp-element-caption\"><strong><em><sub>Secretaria de Agricultura, Abastecimento e Meio Ambiente est\u00e1 recebendo produtores rurais interessados em regularizar o Cadastro Ambiental Rural<\/sub><\/em><\/strong><\/figcaption><\/figure>\n<p>A Prefeitura de Piracicaba, por meio da Secretaria de Agricultura, Abastecimento e Meio Ambiente, est\u00e1 recebendo e orientando produtores rurais interessados em regularizar o Cadastro Ambiental Rural (CAR), que \u00e9 obrigat\u00f3rio. Para realizar o cadastro, os produtores devem apresentar documentos pessoais (RG ou CNH), matr\u00edcula do im\u00f3vel, mapas, comprovante de resid\u00eancia e, se necess\u00e1rio, procura\u00e7\u00e3o. O atendimento \u00e9 realizado na sede da Secretaria, que fica na avenida Dr. Paulo de Moraes, 2.113, Paulista.<\/p>\n<p>Hoje, 1\u00ba\/07, a Pasta realizou, em parceria com a CATI (Coordenadoria de Assist\u00eancia T\u00e9cnica Integrada), vinculada \u00e0 Secretaria de Agricultura e Abastecimento do Estado de S\u00e3o Paulo, um mutir\u00e3o para atender os produtores interessados.<\/p>\n<p>O CAR \u00e9 um cadastro eletr\u00f4nico que apresenta os dados b\u00e1sicos das propriedades rurais, por meio do qual s\u00e3o prestadas informa\u00e7\u00f5es referentes ao im\u00f3vel (dom\u00ednio, documenta\u00e7\u00e3o, localiza\u00e7\u00e3o) e suas \u00e1reas (vegeta\u00e7\u00e3o nativa, \u00e1reas de preserva\u00e7\u00e3o permanente, \u00e1rea consolidada, Reserva Legal e outras).<\/p>\n<p>O cadastro \u00e9 obrigat\u00f3rio para todas as propriedades rurais, sendo pass\u00edvel de multa aos n\u00e3o cadastrados. Ao registrar o im\u00f3vel rural no CAR, al\u00e9m de contribuir para a preserva\u00e7\u00e3o da vegeta\u00e7\u00e3o, o produtor que det\u00e9m o registro est\u00e1 regularizado para obter linhas de financiamento e cr\u00e9dito agr\u00edcolas a taxas menores e a prazos superiores \u00e0queles do mercado.<\/p>\n<p>De acordo com o engenheiro agr\u00f4nomo da Pasta, Felipe Del Lama, o produtor que se cadastrar no CAR contribuir\u00e1 diretamente para a preserva\u00e7\u00e3o da biodiversidade nacional. \u201cOs dados obtidos por meio dos registros das propriedades contribuem com o trabalho de ag\u00eancias de fiscaliza\u00e7\u00e3o ambiental, que podem monitorar, controlar e combater o desmatamento mais facilmente\u201d, explicou.<\/p>\n<\/div>\n<p><br \/>\n<br \/><a href=\"https:\/\/piracicaba.sp.gov.br\/noticias\/prefeitura-recebe-produtores-para-regularizacao-do-cadastro-ambiental-rural\/\" rel=\"noopener\">Informa\u00e7\u00f5es PMP <\/a><\/p>\n","protected":false},"excerpt":{"rendered":"<p>Secretaria de Agricultura, Abastecimento e Meio Ambiente est\u00e1 recebendo produtores rurais interessados em regularizar o Cadastro Ambiental Rural A Prefeitura de Piracicaba, por meio da Secretaria de Agricultura, Abastecimento e Meio Ambiente, est\u00e1 recebendo e orientando produtores rurais interessados em regularizar o Cadastro Ambiental Rural (CAR), que \u00e9 obrigat\u00f3rio. Para realizar o cadastro, os produtores [&hellip;]<\/p>\n","protected":false},"author":1,"featured_media":38022,"comment_status":"open","ping_status":"open","sticky":false,"template":"","format":"standard","meta":{"_jetpack_newsletter_access":"","_jetpack_dont_email_post_to_subs":false,"_jetpack_newsletter_tier_id":0,"_jetpack_memberships_contains_paywalled_content":false,"_mbp_banners":[],"_jetpack_feature_clip_id":0,"_jetpack_memberships_contains_paid_content":false,"footnotes":"","jetpack_publicize_message":"","jetpack_publicize_feature_enabled":true,"jetpack_social_post_already_shared":true,"jetpack_social_options":{"image_generator_settings":{"template":"highway","default_image_id":0,"font":"","enabled":false},"version":2},"jetpack_post_was_ever_published":false},"categories":[20],"tags":[],"class_list":["post-38021","post","type-post","status-publish","format-standard","has-post-thumbnail","category-regiao"],"jetpack_publicize_connections":[],"jetpack-related-posts":[],"jetpack_shortlink":"https:\/\/wp.me\/p7Eq1F-9Tf","jetpack_sharing_enabled":true,"jetpack_featured_media_url":"https:\/\/i0.wp.com\/guialimeira.com.br\/news\/wp-content\/uploads\/2025\/07\/Secretaria-de-Agricultura-Abastecimento-e-Meio-Ambiente-esta-recebendo-produtores-rurais-interessado.jpeg?fit=1024%2C768&ssl=1","_links":{"self":[{"href":"https:\/\/guialimeira.com.br\/news\/wp-json\/wp\/v2\/posts\/38021","targetHints":{"allow":["GET"]}}],"collection":[{"href":"https:\/\/guialimeira.com.br\/news\/wp-json\/wp\/v2\/posts"}],"about":[{"href":"https:\/\/guialimeira.com.br\/news\/wp-json\/wp\/v2\/types\/post"}],"author":[{"embeddable":true,"href":"https:\/\/guialimeira.com.br\/news\/wp-json\/wp\/v2\/users\/1"}],"replies":[{"embeddable":true,"href":"https:\/\/guialimeira.com.br\/news\/wp-json\/wp\/v2\/comments?post=38021"}],"version-history":[{"count":0,"href":"https:\/\/guialimeira.com.br\/news\/wp-json\/wp\/v2\/posts\/38021\/revisions"}],"wp:featuredmedia":[{"embeddable":true,"href":"https:\/\/guialimeira.com.br\/news\/wp-json\/wp\/v2\/media\/38022"}],"wp:attachment":[{"href":"https:\/\/guialimeira.com.br\/news\/wp-json\/wp\/v2\/media?parent=38021"}],"wp:term":[{"taxonomy":"category","embeddable":true,"href":"https:\/\/guialimeira.com.br\/news\/wp-json\/wp\/v2\/categories?post=38021"},{"taxonomy":"post_tag","embeddable":true,"href":"https:\/\/guialimeira.com.br\/news\/wp-json\/wp\/v2\/tags?post=38021"}],"curies":[{"name":"wp","href":"https:\/\/api.w.org\/{rel}","templated":true}]}}