{"id":38011,"date":"2025-07-01T21:46:38","date_gmt":"2025-07-02T00:46:38","guid":{"rendered":"https:\/\/guialimeira.com.br\/2025\/07\/01\/conferencia-da-saude-aprova-90-propostas-em-cinco-eixos-portal-do-municipio-de-piracicaba\/"},"modified":"2025-07-01T21:46:38","modified_gmt":"2025-07-02T00:46:38","slug":"conferencia-da-saude-aprova-90-propostas-em-cinco-eixos-portal-do-municipio-de-piracicaba","status":"publish","type":"post","link":"https:\/\/guialimeira.com.br\/news\/conferencia-da-saude-aprova-90-propostas-em-cinco-eixos-portal-do-municipio-de-piracicaba\/","title":{"rendered":"Confer\u00eancia da Sa\u00fade aprova 90 propostas em cinco eixos \u2013 Portal do Munic\u00edpio de Piracicaba"},"content":{"rendered":"<p> <br \/>\n<\/p>\n<div>\n<figure class=\"wp-block-image size-large\"><img data-recalc-dims=\"1\" data-lazyloaded=\"1\" data-placeholder-resp=\"1024x768\" fetchpriority=\"high\" decoding=\"async\" width=\"696\" height=\"522\" src=\"https:\/\/i0.wp.com\/piracicaba.sp.gov.br\/wp-content\/uploads\/2025\/07\/Em-dois-dias-Conferencia-da-Saude-reuniu-mais-de-120-pessoas-para-discutir-melhorias-no-SUS-local-1024x768.jpg?resize=696%2C522&#038;ssl=1\" alt=\"A imagem mostra uma grande sala de palestras com muitas pessoas sentadas em cadeiras individuais, voltadas para a frente do palco. H\u00e1 um palestrante vis\u00edvel no palco, e as bandeiras do Brasil e de outro estado est\u00e3o penduradas na parede atr\u00e1s dele. A sala est\u00e1 bem iluminada, e as pessoas parecem estar atentas \u00e0 apresenta\u00e7\u00e3o. As cadeiras s\u00e3o organizadas em fileiras, e h\u00e1 um corredor central. A maioria das pessoas est\u00e1 sentada sozinha, algumas em grupos de duas ou tr\u00eas. A atmosfera parece formal e profissional. As pessoas parecem estar participando de uma confer\u00eancia, palestra ou evento similar.\" class=\"wp-image-107333\" srcset=\"https:\/\/piracicaba.sp.gov.br\/wp-content\/uploads\/2025\/07\/Em-dois-dias-Conferencia-da-Saude-reuniu-mais-de-120-pessoas-para-discutir-melhorias-no-SUS-local-1024x768.jpg 1024w, https:\/\/piracicaba.sp.gov.br\/wp-content\/uploads\/2025\/07\/Em-dois-dias-Conferencia-da-Saude-reuniu-mais-de-120-pessoas-para-discutir-melhorias-no-SUS-local-300x225.jpg 300w, https:\/\/piracicaba.sp.gov.br\/wp-content\/uploads\/2025\/07\/Em-dois-dias-Conferencia-da-Saude-reuniu-mais-de-120-pessoas-para-discutir-melhorias-no-SUS-local-768x576.jpg 768w, https:\/\/piracicaba.sp.gov.br\/wp-content\/uploads\/2025\/07\/Em-dois-dias-Conferencia-da-Saude-reuniu-mais-de-120-pessoas-para-discutir-melhorias-no-SUS-local-1536x1152.jpg 1536w, https:\/\/piracicaba.sp.gov.br\/wp-content\/uploads\/2025\/07\/Em-dois-dias-Conferencia-da-Saude-reuniu-mais-de-120-pessoas-para-discutir-melhorias-no-SUS-local-2048x1536.jpg 2048w\" data-sizes=\"(max-width: 1024px) 100vw, 1024px\"\/><figcaption class=\"wp-element-caption\"><strong><em><sub>Em dois dias, Confer\u00eancia da Sa\u00fade reuniu mais de 120 pessoas para discutir melhorias no SUS local<\/sub><\/em><\/strong><\/figcaption><\/figure>\n<p>Com a presen\u00e7a de mais de 120 pessoas, a Secretaria de Sa\u00fade realizou a 11\u00aa Confer\u00eancia Municipal de Sa\u00fade \u2013 O SUS como Enxergamos!\u00a0nos dias 28 e 29 de junho, s\u00e1bado e domingo, no sal\u00e3o nobre da Fumep (Funda\u00e7\u00e3o Municipal de Ensino de Piracicaba). A atividade teve a participa\u00e7\u00e3o de profissionais da sa\u00fade, servidores p\u00fablicos, sindicalistas, vereadores e representantes de empresas privadas e da popula\u00e7\u00e3o em geral que aprovaram 90 propostas apresentadas nos cinco eixos discutidos.<\/p>\n<p>Na solenidade de abertura, s\u00e1bado, 28\/06, participaram o coordenador Administrativo da Secretaria de Sa\u00fade, Gustavo Laposta Aguiar, que representou o secret\u00e1rio de Sa\u00fade, dr. S\u00e9rgio Pacheco; Moises Taglietta, diretor da DRS-X; Iraci Honda, vice-presidente do Conselho Municipal de Sa\u00fade; e Alessandro Vinhas Fernandes, coordenador geral da confer\u00eancia.<\/p>\n<figure class=\"wp-block-image size-large\"><img data-recalc-dims=\"1\" loading=\"lazy\" data-lazyloaded=\"1\" data-placeholder-resp=\"1024x576\" decoding=\"async\" width=\"696\" height=\"392\" src=\"https:\/\/i0.wp.com\/piracicaba.sp.gov.br\/wp-content\/uploads\/2025\/07\/Gustavo-Aguiar-representou-o-secretario-de-Saude-dr-Sergio-Pacheco-na-abertura-da-11a-Conferencia-da-Saude-1024x576.jpg?resize=696%2C392&#038;ssl=1\" alt=\"A imagem mostra uma mesa coberta com uma toalha azul, atr\u00e1s da qual est\u00e3o sentadas quatro pessoas. Duas delas parecem ser palestrantes, enquanto as outras duas parecem ser membros da audi\u00eancia ou convidados. H\u00e1 bandeiras ao fundo, incluindo a bandeira do Brasil. Um homem est\u00e1 usando um microfone e parece estar dando uma apresenta\u00e7\u00e3o ou discurso. As pessoas est\u00e3o sentadas em cadeiras atr\u00e1s da mesa, e parece ser um evento formal ou uma confer\u00eancia. O ambiente \u00e9 uma sala de confer\u00eancias ou um audit\u00f3rio. A imagem \u00e9 bem iluminada e a qualidade \u00e9 boa, permitindo uma vis\u00e3o clara de todos os detalhes. As pessoas na imagem parecem estar atentas e engajadas no evento.\" class=\"wp-image-107334\" srcset=\"https:\/\/piracicaba.sp.gov.br\/wp-content\/uploads\/2025\/07\/Gustavo-Aguiar-representou-o-secretario-de-Saude-dr-Sergio-Pacheco-na-abertura-da-11a-Conferencia-da-Saude-1024x576.jpg 1024w, https:\/\/piracicaba.sp.gov.br\/wp-content\/uploads\/2025\/07\/Gustavo-Aguiar-representou-o-secretario-de-Saude-dr-Sergio-Pacheco-na-abertura-da-11a-Conferencia-da-Saude-300x169.jpg 300w, https:\/\/piracicaba.sp.gov.br\/wp-content\/uploads\/2025\/07\/Gustavo-Aguiar-representou-o-secretario-de-Saude-dr-Sergio-Pacheco-na-abertura-da-11a-Conferencia-da-Saude-768x432.jpg 768w, https:\/\/piracicaba.sp.gov.br\/wp-content\/uploads\/2025\/07\/Gustavo-Aguiar-representou-o-secretario-de-Saude-dr-Sergio-Pacheco-na-abertura-da-11a-Conferencia-da-Saude-1536x864.jpg 1536w, https:\/\/piracicaba.sp.gov.br\/wp-content\/uploads\/2025\/07\/Gustavo-Aguiar-representou-o-secretario-de-Saude-dr-Sergio-Pacheco-na-abertura-da-11a-Conferencia-da-Saude-2048x1152.jpg 2048w\" data-sizes=\"(max-width: 1024px) 100vw, 1024px\"\/><figcaption class=\"wp-element-caption\"><strong><em><sub>Gustavo Aguiar representou o secret\u00e1rio de Sa\u00fade, dr S\u00e9rgio Pacheco, na abertura da 11a Confer\u00eancia da Sa\u00fade<\/sub><\/em><\/strong><\/figcaption><\/figure>\n<p>Conforme destacou o coordenador Administrativo da Secretaria de Sa\u00fade, Gustavo Laposta Aguiar, a atividade foi um momento \u00edmpar para se discutir as pol\u00edticas p\u00fablicas e a\u00e7\u00f5es de sa\u00fade para os pr\u00f3ximos quatro anos. \u201cAgrade\u00e7o a todos que trabalharam para que esta confer\u00eancia acontecesse. \u00c9 a primeira confer\u00eancia que a gente faz com uma comiss\u00e3o completamente nova. Foi um desafio para todos e esperamos que as decis\u00f5es desta confer\u00eancia orientem os passos da sa\u00fade p\u00fablica de Piracicaba nos pr\u00f3ximos anos\u201d, disse.<\/p>\n<figure class=\"wp-block-image size-large\"><img data-recalc-dims=\"1\" loading=\"lazy\" data-lazyloaded=\"1\" data-placeholder-resp=\"1024x482\" decoding=\"async\" width=\"696\" height=\"328\" src=\"https:\/\/i0.wp.com\/piracicaba.sp.gov.br\/wp-content\/uploads\/2025\/07\/Delegados-e-demais-participantes-ao-final-de-mais-uma-edicao-da-Conferencia-Municipal-da-Saude-1024x482.jpg?resize=696%2C328&#038;ssl=1\" alt=\"A imagem mostra uma grande assembleia de pessoas, provavelmente um congresso ou confer\u00eancia, posam para uma foto de grupo. Elas est\u00e3o sentadas em cadeiras de audit\u00f3rio, em frente a um projetor mostrando o t\u00edtulo &quot;11\u00aa Confer\u00eancia Municipal de Sa\u00fade: O SUS como enxergamos! Piracicaba-SP&quot;. H\u00e1 bandeiras do Brasil e do estado de S\u00e3o Paulo ao fundo. As pessoas est\u00e3o vestidas de forma casual, com roupas de cores variadas. A atmosfera parece ser formal, mas amig\u00e1vel. A maioria das pessoas est\u00e1 sorrindo para a c\u00e2mera. H\u00e1 uma diversidade consider\u00e1vel de idades e g\u00eaneros entre os participantes. A imagem sugere um evento relacionado \u00e0 sa\u00fade p\u00fablica no munic\u00edpio de Piracicaba, S\u00e3o Paulo, Brasil.\" class=\"wp-image-107331\" srcset=\"https:\/\/piracicaba.sp.gov.br\/wp-content\/uploads\/2025\/07\/Delegados-e-demais-participantes-ao-final-de-mais-uma-edicao-da-Conferencia-Municipal-da-Saude-1024x482.jpg 1024w, https:\/\/piracicaba.sp.gov.br\/wp-content\/uploads\/2025\/07\/Delegados-e-demais-participantes-ao-final-de-mais-uma-edicao-da-Conferencia-Municipal-da-Saude-300x141.jpg 300w, https:\/\/piracicaba.sp.gov.br\/wp-content\/uploads\/2025\/07\/Delegados-e-demais-participantes-ao-final-de-mais-uma-edicao-da-Conferencia-Municipal-da-Saude-768x361.jpg 768w, https:\/\/piracicaba.sp.gov.br\/wp-content\/uploads\/2025\/07\/Delegados-e-demais-participantes-ao-final-de-mais-uma-edicao-da-Conferencia-Municipal-da-Saude-1536x722.jpg 1536w, https:\/\/piracicaba.sp.gov.br\/wp-content\/uploads\/2025\/07\/Delegados-e-demais-participantes-ao-final-de-mais-uma-edicao-da-Conferencia-Municipal-da-Saude-2048x963.jpg 2048w\" data-sizes=\"(max-width: 1024px) 100vw, 1024px\"\/><figcaption class=\"wp-element-caption\"><strong><em><sub>Delegados e demais participantes ao final de mais uma edi\u00e7\u00e3o da Confer\u00eancia Municipal da Sa\u00fade<\/sub><\/em><\/strong><\/figcaption><\/figure>\n<p>Para o diretor do Departamento Regional de Sa\u00fade (DRS-X) de Piracicaba, Mois\u00e9s Taglietta, a confer\u00eancia faz a cidade construir uma sa\u00fade cada vez mais robusta. \u201cVejo pessoas que est\u00e3o batalhando h\u00e1 bastante tempo pela sa\u00fade municipal, lutando para construir o SUS que queremos para os pr\u00f3ximos anos. A Prefeitura e o Conselho Municipal ter\u00e3o o trabalho de conduzir nos pr\u00f3ximos anos e zelar para colocar em pr\u00e1tica o que foi aprovado nesta confer\u00eancia\u201d, completou.<\/p>\n<figure class=\"wp-block-image size-large\"><img data-recalc-dims=\"1\" loading=\"lazy\" data-lazyloaded=\"1\" data-placeholder-resp=\"1024x576\" decoding=\"async\" width=\"696\" height=\"392\" src=\"https:\/\/i0.wp.com\/piracicaba.sp.gov.br\/wp-content\/uploads\/2025\/07\/Conferencia-da-Saude-aconteceu-no-salao-nobre-da-Fumep-e-reuniu-mais-de-120-pessoas-1024x576.jpg?resize=696%2C392&#038;ssl=1\" alt=\"A imagem mostra uma grande sala com muitas pessoas. Elas est\u00e3o em p\u00e9 ou sentadas em mesas longas e azuis, aparentemente em um evento de registro ou check-in. H\u00e1 v\u00e1rias pessoas em p\u00e9 em uma fila esperando sua vez. As pessoas est\u00e3o vestindo roupas casuais. H\u00e1 fotos na parede e uma grande janela que mostra uma vista externa. A atmosfera parece formal, mas amig\u00e1vel. A maioria das pessoas parece estar atenta ao processo de registro. H\u00e1 uma mesa azul longa no centro da sala onde as pessoas est\u00e3o se registrando. A ilumina\u00e7\u00e3o da sala \u00e9 clara e uniforme, e h\u00e1 um ar condicionado vis\u00edvel. A sala parece limpa e organizada. H\u00e1 cadeiras dispon\u00edveis para as pessoas que est\u00e3o se registrando.\" class=\"wp-image-107332\" srcset=\"https:\/\/piracicaba.sp.gov.br\/wp-content\/uploads\/2025\/07\/Conferencia-da-Saude-aconteceu-no-salao-nobre-da-Fumep-e-reuniu-mais-de-120-pessoas-1024x576.jpg 1024w, https:\/\/piracicaba.sp.gov.br\/wp-content\/uploads\/2025\/07\/Conferencia-da-Saude-aconteceu-no-salao-nobre-da-Fumep-e-reuniu-mais-de-120-pessoas-300x169.jpg 300w, https:\/\/piracicaba.sp.gov.br\/wp-content\/uploads\/2025\/07\/Conferencia-da-Saude-aconteceu-no-salao-nobre-da-Fumep-e-reuniu-mais-de-120-pessoas-768x432.jpg 768w, https:\/\/piracicaba.sp.gov.br\/wp-content\/uploads\/2025\/07\/Conferencia-da-Saude-aconteceu-no-salao-nobre-da-Fumep-e-reuniu-mais-de-120-pessoas-1536x864.jpg 1536w, https:\/\/piracicaba.sp.gov.br\/wp-content\/uploads\/2025\/07\/Conferencia-da-Saude-aconteceu-no-salao-nobre-da-Fumep-e-reuniu-mais-de-120-pessoas-2048x1152.jpg 2048w\" data-sizes=\"(max-width: 1024px) 100vw, 1024px\"\/><figcaption class=\"wp-element-caption\"><strong><em><sub>Confer\u00eancia da Sa\u00fade aconteceu no sal\u00e3o nobre da Fumep e reuniu mais de 120 pessoas<\/sub><\/em><\/strong><\/figcaption><\/figure>\n<p>As agentes comunit\u00e1rias de sa\u00fade Shirley Aparecida dos Santos e Geni Bento da Silva Pereira, representantes do bairro Tatuap\u00e9, participaram como delegadas e refor\u00e7aram a import\u00e2ncia da Confer\u00eancia. \u201c\u00c9 a primeira vez que teremos direito a voto, como delegadas, e isso mostra que temos voz e podemos ajudar a popula\u00e7\u00e3o\u201d, destacou Shirley. \u201cN\u00f3s sabemos das necessidades da popula\u00e7\u00e3o e, na nossa regi\u00e3o a luta \u00e9 por uma farm\u00e1cia mais pr\u00f3xima e um novo CAPS no bairro\u201d, enfatizou Geni.<\/p>\n<figure class=\"wp-block-image size-large\"><img data-recalc-dims=\"1\" loading=\"lazy\" data-lazyloaded=\"1\" data-placeholder-resp=\"1024x768\" decoding=\"async\" width=\"696\" height=\"522\" src=\"https:\/\/i0.wp.com\/piracicaba.sp.gov.br\/wp-content\/uploads\/2025\/07\/Shirley-e-Geni-participaram-pela-primeira-vez-como-delegadas-na-Conferencia-da-Saude-1024x768.jpg?resize=696%2C522&#038;ssl=1\" alt=\"A imagem mostra duas mulheres em p\u00e9 lado a lado, em frente a uma parede com v\u00e1rias molduras de fotos. As mulheres parecem estar em um evento ou confer\u00eancia, pois ambas est\u00e3o usando crach\u00e1s que identificam-nas como &quot;Delegadas&quot;. A mulher \u00e0 esquerda usa \u00f3culos e uma blusa escura, enquanto a mulher \u00e0 direita usa uma jaqueta de l\u00e3 escura sobre uma camiseta preta. Ambas as mulheres est\u00e3o sorrindo para a c\u00e2mera. A parede atr\u00e1s delas est\u00e1 coberta por fotos emolduradas, que parecem mostrar grupos de pessoas em diferentes ambientes. H\u00e1 tamb\u00e9m pilhas de folhetos ou panfletos no ch\u00e3o perto das mulheres. A imagem \u00e9 bem iluminada e o foco est\u00e1 nas duas mulheres. A atmosfera parece formal, mas amig\u00e1vel. Os crach\u00e1s das mulheres indicam que elas est\u00e3o envolvidas em alguma organiza\u00e7\u00e3o ou grupo, possivelmente relacionado \u00e0 sa\u00fade, dada a presen\u00e7a de folhetos com a palavra &quot;Sa\u00fade&quot; neles. A imagem sugere um evento corporativo ou de sa\u00fade p\u00fablica.\" class=\"wp-image-107335\" srcset=\"https:\/\/piracicaba.sp.gov.br\/wp-content\/uploads\/2025\/07\/Shirley-e-Geni-participaram-pela-primeira-vez-como-delegadas-na-Conferencia-da-Saude-1024x768.jpg 1024w, https:\/\/piracicaba.sp.gov.br\/wp-content\/uploads\/2025\/07\/Shirley-e-Geni-participaram-pela-primeira-vez-como-delegadas-na-Conferencia-da-Saude-300x225.jpg 300w, https:\/\/piracicaba.sp.gov.br\/wp-content\/uploads\/2025\/07\/Shirley-e-Geni-participaram-pela-primeira-vez-como-delegadas-na-Conferencia-da-Saude-768x576.jpg 768w, https:\/\/piracicaba.sp.gov.br\/wp-content\/uploads\/2025\/07\/Shirley-e-Geni-participaram-pela-primeira-vez-como-delegadas-na-Conferencia-da-Saude-1536x1152.jpg 1536w, https:\/\/piracicaba.sp.gov.br\/wp-content\/uploads\/2025\/07\/Shirley-e-Geni-participaram-pela-primeira-vez-como-delegadas-na-Conferencia-da-Saude-2048x1536.jpg 2048w\" data-sizes=\"(max-width: 1024px) 100vw, 1024px\"\/><figcaption class=\"wp-element-caption\"><strong><em><sub>Shirley e Geni participaram pela primeira vez como delegadas na Confer\u00eancia da Sa\u00fade<\/sub><\/em><\/strong><\/figcaption><\/figure>\n<p>Para a participante Pamela Cristina dos Santos Oliveira, que \u00e9 psic\u00f3loga na rede particular, a confer\u00eancia \u00e9 uma forma de interlocu\u00e7\u00e3o entre os atores da sa\u00fade na sociedade. \u201cVenho para colaborar e trocar experi\u00eancias do particular com o p\u00fablico. Hoje estou aqui para ampliar a voz e buscar mais a\u00e7\u00f5es efetivas para a sa\u00fade mental, para a popula\u00e7\u00e3o preta e os grupos LGBT\u201d, afirmou.<\/p>\n<p>O coordenador geral da 11\u00aa Confer\u00eancia, Alessandro Vinhas Fernandes, destacou a participa\u00e7\u00e3o da popula\u00e7\u00e3o. \u201c\u00c9 muita alegria ver tantas pessoas participando deste momento especial para a Sa\u00fade da cidade. O SUS como Enxergamos \u00e9 algo instigante e por meio dele que estabelecemos redes para pensar num servi\u00e7o p\u00fablico diferente, forte e cada vez melhor\u201d.<\/p>\n<p>\u00a0\u00a0\u00a0\u00a0\u00a0\u00a0\u00a0\u00a0\u201cA 11\u00aa Confer\u00eancia Municipal da Sa\u00fade faz um chamamento muito importante e seu tema traz uma reflex\u00e3o excelente para todos que est\u00e3o envolvidos com o trabalho do SUS e que fazem deste espa\u00e7o uma casa cheia de pessoas interessadas numa sa\u00fade cada vez melhor. O SUS \u00e9 isso. Se faz com a participa\u00e7\u00e3o de todos, apresentando ideias, sugest\u00f5es, definindo prioridade as necessidades da popula\u00e7\u00e3o atendida pelo Sistema \u00danico de Sa\u00fade\u201d, avaliou a vice-presidente do Conselho Municipal de Sa\u00fade, Iraci Honda.<\/p>\n<\/div>\n<p><br \/>\n<br \/><a href=\"https:\/\/piracicaba.sp.gov.br\/noticias\/conferencia-da-saude-aprova-90-propostas-em-cinco-eixos\/\" rel=\"noopener\">Informa\u00e7\u00f5es PMP <\/a><\/p>\n","protected":false},"excerpt":{"rendered":"<p>Em dois dias, Confer\u00eancia da Sa\u00fade reuniu mais de 120 pessoas para discutir melhorias no SUS local Com a presen\u00e7a de mais de 120 pessoas, a Secretaria de Sa\u00fade realizou a 11\u00aa Confer\u00eancia Municipal de Sa\u00fade \u2013 O SUS como Enxergamos!\u00a0nos dias 28 e 29 de junho, s\u00e1bado e domingo, no sal\u00e3o nobre da Fumep [&hellip;]<\/p>\n","protected":false},"author":1,"featured_media":38012,"comment_status":"open","ping_status":"open","sticky":false,"template":"","format":"standard","meta":{"_jetpack_newsletter_access":"","_jetpack_dont_email_post_to_subs":false,"_jetpack_newsletter_tier_id":0,"_jetpack_memberships_contains_paywalled_content":false,"_mbp_banners":[],"_jetpack_feature_clip_id":0,"_jetpack_memberships_contains_paid_content":false,"footnotes":"","jetpack_publicize_message":"","jetpack_publicize_feature_enabled":true,"jetpack_social_post_already_shared":true,"jetpack_social_options":{"image_generator_settings":{"template":"highway","default_image_id":0,"font":"","enabled":false},"version":2},"jetpack_post_was_ever_published":false},"categories":[20],"tags":[],"class_list":["post-38011","post","type-post","status-publish","format-standard","has-post-thumbnail","category-regiao"],"jetpack_publicize_connections":[],"jetpack-related-posts":[],"jetpack_shortlink":"https:\/\/wp.me\/p7Eq1F-9T5","jetpack_sharing_enabled":true,"jetpack_featured_media_url":"https:\/\/i0.wp.com\/guialimeira.com.br\/news\/wp-content\/uploads\/2025\/07\/Em-dois-dias-Conferencia-da-Saude-reuniu-mais-de-120-pessoas-para-discutir-melhorias-no-SUS-local-10.jpeg?fit=1024%2C768&ssl=1","_links":{"self":[{"href":"https:\/\/guialimeira.com.br\/news\/wp-json\/wp\/v2\/posts\/38011","targetHints":{"allow":["GET"]}}],"collection":[{"href":"https:\/\/guialimeira.com.br\/news\/wp-json\/wp\/v2\/posts"}],"about":[{"href":"https:\/\/guialimeira.com.br\/news\/wp-json\/wp\/v2\/types\/post"}],"author":[{"embeddable":true,"href":"https:\/\/guialimeira.com.br\/news\/wp-json\/wp\/v2\/users\/1"}],"replies":[{"embeddable":true,"href":"https:\/\/guialimeira.com.br\/news\/wp-json\/wp\/v2\/comments?post=38011"}],"version-history":[{"count":0,"href":"https:\/\/guialimeira.com.br\/news\/wp-json\/wp\/v2\/posts\/38011\/revisions"}],"wp:featuredmedia":[{"embeddable":true,"href":"https:\/\/guialimeira.com.br\/news\/wp-json\/wp\/v2\/media\/38012"}],"wp:attachment":[{"href":"https:\/\/guialimeira.com.br\/news\/wp-json\/wp\/v2\/media?parent=38011"}],"wp:term":[{"taxonomy":"category","embeddable":true,"href":"https:\/\/guialimeira.com.br\/news\/wp-json\/wp\/v2\/categories?post=38011"},{"taxonomy":"post_tag","embeddable":true,"href":"https:\/\/guialimeira.com.br\/news\/wp-json\/wp\/v2\/tags?post=38011"}],"curies":[{"name":"wp","href":"https:\/\/api.w.org\/{rel}","templated":true}]}}